{"id":269466,"date":"2025-04-28T16:17:48","date_gmt":"2025-04-28T14:17:48","guid":{"rendered":"https:\/\/amalberlin.de\/?p=269466"},"modified":"2025-04-30T10:54:42","modified_gmt":"2025-04-30T08:54:42","slug":"cdu-kandidaten","status":"publish","type":"post","link":"https:\/\/amalberlin.de\/ua\/2025\/04\/28\/cdu-kandidaten\/","title":{"rendered":"\u041c\u0435\u0440\u0446 \u043d\u0430\u0437\u0432\u0430\u0432 \u043a\u0430\u043d\u0434\u0438\u0434\u0430\u0442\u0456\u0432 \u043d\u0430 \u043f\u043e\u0441\u0430\u0434\u0438 \u043c\u0456\u043d\u0456\u0441\u0442\u0440\u0456\u0432 \u0432\u0456\u0434 \u0425\u0414\u0421"},"content":{"rendered":"<p><span style=\"font-weight: 400;\">\u041b\u0456\u0434\u0435\u0440 \u0425\u0414\u0421 \u0442\u0430 \u043d\u0430\u0441\u0442\u0443\u043f\u043d\u0438\u0439 \u043a\u0430\u043d\u0446\u043b\u0435\u0440 \u041d\u0456\u043c\u0435\u0447\u0447\u0438\u043d\u0438 \u0424\u0440\u0456\u0434\u0440\u0456\u0445 \u041c\u0435\u0440\u0446 <strong><a href=\"https:\/\/www.welt.de\/politik\/deutschland\/article256023216\/Wildberger-Reiche-Wadephul-Das-sind-die-CDU-Minister-der-Merz-Regierung.html\" target=\"_blank\" rel=\"noopener\">\u043f\u0440\u0435\u0434\u0441\u0442\u0430\u0432\u0438\u0432 \u043a\u0430\u043d\u0434\u0438\u0434\u0430\u0442\u0456\u0432<\/a><\/strong> \u0432\u0456\u0434 \u0441\u0432\u043e\u0454\u0457 \u043f\u043e\u043b\u0456\u0442\u0441\u0438\u043b\u0438 \u043d\u0430 \u043f\u043e\u0441\u0442\u0438 \u043c\u0456\u043d\u0456\u0441\u0442\u0440\u0456\u0432 \u043c\u0430\u0439\u0431\u0443\u0442\u043d\u044c\u043e\u0433\u043e \u0443\u0440\u044f\u0434\u0443.\u00a0<\/span><\/p>\n<p><span style=\"font-weight: 400;\">\u041d\u0430 \u043f\u043e\u0441\u0430\u0434\u0443 \u043c\u0456\u043d\u0456\u0441\u0442\u0440\u0430 \u0437\u0430\u043a\u043e\u0440\u0434\u043e\u043d\u043d\u0438\u0445 \u0441\u043f\u0440\u0430\u0432 \u041c\u0435\u0440\u0446 \u0432\u0438\u0441\u0443\u043d\u0443\u0432 \u0419\u043e\u0433\u0430\u043d\u0430 \u0412\u0430\u0434\u0435\u043f\u0443\u043b\u044f. \u0412\u0456\u043d \u0454 \u0434\u043e\u0441\u0432\u0456\u0434\u0447\u0435\u043d\u0438\u043c \u0435\u043a\u0441\u043f\u0435\u0440\u0442\u043e\u043c \u0456\u0437 \u0437\u043e\u0432\u043d\u0456\u0448\u043d\u044c\u043e\u0457 \u0442\u0430 \u0431\u0435\u0437\u043f\u0435\u043a\u043e\u0432\u043e\u0457 \u043f\u043e\u043b\u0456\u0442\u0438\u043a\u0438 \u0442\u0430 \u0441\u0442\u0430\u043d\u0435 \u043f\u0435\u0440\u0448\u0438\u043c \u043e\u0447\u0456\u043b\u044c\u043d\u0438\u043a\u043e\u043c \u041c\u0417\u0421 \u0432\u0456\u0434 \u043a\u043e\u043d\u0441\u0435\u0440\u0432\u0430\u0442\u043e\u0440\u0456\u0432 \u0437\u0430 \u043c\u0430\u0439\u0436\u0435 60 \u0440\u043e\u043a\u0456\u0432. \u0422\u0430\u043a\u043e\u0436 \u0432\u0456\u0434\u0437\u043d\u0430\u0447\u0438\u043c\u043e, \u0449\u043e \u0440\u0430\u043d\u0456\u0448\u0435 \u0412\u0430\u0434\u0435\u043f\u0443\u043b\u044c \u0432\u0438\u0441\u0442\u0443\u043f\u0430\u0432 \u0437\u0430 \u0442\u0435, \u0449\u043e\u0431 \u0434\u043e\u0437\u0432\u043e\u043b\u0438\u0442\u0438 \u0423\u043a\u0440\u0430\u0457\u043d\u0456 \u0432\u0438\u043a\u043e\u0440\u0438\u0441\u0442\u043e\u0432\u0443\u0432\u0430\u0442\u0438 \u043d\u0456\u043c\u0435\u0446\u044c\u043a\u0443 \u0437\u0431\u0440\u043e\u044e \u0434\u043b\u044f \u0443\u0434\u0430\u0440\u0456\u0432 \u043f\u043e \u0446\u0456\u043b\u044f\u0445 \u043d\u0430 \u0442\u0435\u0440\u0438\u0442\u043e\u0440\u0456\u0457 \u0420\u043e\u0441\u0456\u0457.\u00a0<\/span><\/p>\n<p><span style=\"font-weight: 400;\">\u0422\u043e\u0440\u0441\u0442\u0435\u043d \u0424\u0440\u0430\u0439 \u0432\u0438\u0441\u0443\u043d\u0443\u0442\u0438\u0439 \u043d\u0430 \u043f\u043e\u0441\u0430\u0434\u0443 \u0433\u043e\u043b\u043e\u0432\u0438 \u0432\u0456\u0434\u043e\u043c\u0441\u0442\u0432\u0430 \u0444\u0435\u0434\u0435\u0440\u0430\u043b\u044c\u043d\u043e\u0433\u043e \u043a\u0430\u043d\u0446\u043b\u0435\u0440\u0430. \u0410 \u043d\u043e\u0432\u043e\u044e \u043c\u0456\u043d\u0456\u0441\u0442\u0435\u0440\u043a\u043e\u044e \u0435\u043a\u043e\u043d\u043e\u043c\u0456\u043a\u0438 \u043c\u0430\u0454 \u0441\u0442\u0430\u0442\u0438 \u041a\u0430\u0442\u0435\u0440\u0438\u043d\u0430 \u0420\u0430\u0439\u0445\u0435 \u2013 \u0431\u0430\u0433\u0430\u0442\u043e \u0440\u043e\u043a\u0456\u0432 \u0432\u043e\u043d\u0430 \u043f\u0440\u0430\u0446\u044e\u0432\u0430\u043b\u0430 \u0443 \u043d\u0456\u043c\u0435\u0446\u044c\u043a\u0456\u0439 \u0435\u043d\u0435\u0440\u0433\u0435\u0442\u0438\u0447\u043d\u0456\u0439 \u043a\u043e\u043c\u043f\u0430\u043d\u0456\u0457 E.ON.<\/span><\/p>\n<p><span style=\"font-weight: 400;\">\u041a\u0440\u0456\u043c \u0442\u043e\u0433\u043e, \u0432 \u0443\u0440\u044f\u0434\u0456 \u041c\u0435\u0440\u0446\u0430 \u0437\u2019\u044f\u0432\u0438\u0442\u044c\u0441\u044f \u043d\u043e\u0432\u0435 \u043c\u0456\u043d\u0456\u0441\u0442\u0435\u0440\u0441\u0442\u0432\u043e \u0437 \u043f\u0438\u0442\u0430\u043d\u044c \u0446\u0438\u0444\u0440\u043e\u0432\u0456\u0437\u0430\u0446\u0456\u0457 \u0442\u0430 \u043c\u043e\u0434\u0435\u0440\u043d\u0456\u0437\u0430\u0446\u0456\u0457 \u0434\u0435\u0440\u0436\u0430\u0432\u0438. \u0419\u043e\u0433\u043e \u043e\u0447\u043e\u043b\u0438\u0442\u044c \u041a\u0430\u0440\u0441\u0442\u0435\u043d \u0412\u0456\u043b\u044c\u0434\u0431\u0435\u0440\u0491\u0435\u0440 \u2013 \u0447\u0438\u043d\u043d\u0438\u0439 \u0433\u043e\u043b\u043e\u0432\u0430 \u043f\u0440\u0430\u0432\u043b\u0456\u043d\u043d\u044f \u043a\u043e\u043d\u0446\u0435\u0440\u043d\u0443 Ceconomy \u0442\u0430 \u0445\u043e\u043b\u0434\u0438\u043d\u0433\u0443 Media Markt\/Saturn.<\/span><\/p>\n<div id=\"attachment_269471\" style=\"width: 2350px\" class=\"wp-caption alignnone\"><img loading=\"lazy\" decoding=\"async\" aria-describedby=\"caption-attachment-269471\" class=\"size-full wp-image-269471\" src=\"https:\/\/amalberlin.de\/wp-content\/uploads\/sites\/3\/2025\/04\/kw43_interview_wadephul_natopv_bild.jpg\" alt=\"\" width=\"2340\" height=\"1318\" srcset=\"https:\/\/amalberlin.de\/wp-content\/uploads\/sites\/3\/2025\/04\/kw43_interview_wadephul_natopv_bild.jpg 2340w, https:\/\/amalberlin.de\/wp-content\/uploads\/sites\/3\/2025\/04\/kw43_interview_wadephul_natopv_bild-300x169.jpg 300w, https:\/\/amalberlin.de\/wp-content\/uploads\/sites\/3\/2025\/04\/kw43_interview_wadephul_natopv_bild-1024x577.jpg 1024w, https:\/\/amalberlin.de\/wp-content\/uploads\/sites\/3\/2025\/04\/kw43_interview_wadephul_natopv_bild-768x433.jpg 768w, https:\/\/amalberlin.de\/wp-content\/uploads\/sites\/3\/2025\/04\/kw43_interview_wadephul_natopv_bild-1536x865.jpg 1536w, https:\/\/amalberlin.de\/wp-content\/uploads\/sites\/3\/2025\/04\/kw43_interview_wadephul_natopv_bild-2048x1154.jpg 2048w\" sizes=\"auto, (max-width: 2340px) 100vw, 2340px\" \/><p id=\"caption-attachment-269471\" class=\"wp-caption-text\">\u041d\u0430\u0441\u0442\u0443\u043f\u043d\u0438\u0439 \u043e\u0447\u0456\u043b\u044c\u043d\u0438\u043a \u041c\u0417\u0421 \u0419\u043e\u0433\u0430\u043d \u0412\u0430\u0434\u0435\u043f\u0443\u043b\u044c. \u0424\u043e\u0442\u043e &#8211; DBT\/Marco Urban<\/p><\/div>\n<p><span style=\"font-weight: 400;\">\u0427\u043b\u0435\u043d\u043a\u0438\u043d\u044f \u043f\u0430\u0440\u043b\u0430\u043c\u0435\u043d\u0442\u0443 \u041d\u0456\u043d\u0430 \u0412\u0430\u0440\u043a\u0435\u043d \u043c\u0430\u0454 \u0441\u0442\u0430\u0442\u0438 \u043d\u0430\u0441\u0442\u0443\u043f\u043d\u043e\u044e \u043e\u0447\u0456\u043b\u044c\u043d\u0438\u0446\u0435\u044e \u041c\u0417\u0421, \u0447\u043b\u0435\u043d \u043f\u0430\u0440\u043b\u0430\u043c\u0435\u043d\u0442\u0443 \u041f\u0430\u0442\u0440\u0456\u043a \u0428\u043d\u0456\u0434\u0435\u0440 \u2013 \u043c\u0456\u043d\u0456\u0441\u0442\u0440\u043e\u043c \u0442\u0440\u0430\u043d\u0441\u043f\u043e\u0440\u0442\u0443. \u041d\u0430 \u043f\u043e\u0441\u0430\u0434\u0443 \u043c\u0456\u043d\u0456\u0441\u0442\u0435\u0440\u043a\u0438 \u043e\u0441\u0432\u0456\u0442\u0438 \u043e\u0447\u0456\u043b\u044c\u043d\u0438\u043a \u0425\u0414\u0421 \u043f\u0440\u043e\u043f\u043e\u043d\u0443\u0454 \u041a\u0430\u0440\u0456\u043d \u041f\u0440\u0456\u043d, \u0430 \u043c\u0456\u043d\u0456\u0441\u0442\u0440\u0430 \u0437 \u043f\u0438\u0442\u0430\u043d\u044c \u043a\u0443\u043b\u044c\u0442\u0443\u0440\u0438 \u2013 \u043f\u0443\u0431\u043b\u0456\u0446\u0438\u0441\u0442\u0430 \u0442\u0430 \u043a\u043e\u043b\u0438\u0448\u043d\u044c\u043e\u0433\u043e \u0433\u043e\u043b\u043e\u0432\u043d\u043e\u0433\u043e \u0440\u0435\u0434\u0430\u043a\u0442\u043e\u0440\u0430 Die Welt \u0412\u043e\u043b\u044c\u0444\u0440\u0430\u043c\u0430 \u0412\u0430\u0439\u043c\u0435\u0440\u0430.\u00a0<\/span><\/p>\n<p><span style=\"font-weight: 400;\">\u0423 \u043c\u0456\u043d\u0456\u0441\u0442\u0435\u0440\u043a\u0438 \u0441\u043f\u043e\u0440\u0442\u0443 \u041c\u0435\u0440\u0446 \u0432\u0438\u0441\u0443\u043d\u0443\u0432 \u0434\u0435\u043f\u0443\u0442\u0430\u0442\u043a\u0443 \u0411\u0443\u043d\u0434\u0435\u0441\u0442\u0430\u0433\u0443 \u041a\u0440\u0456\u0441\u0442\u0456\u0430\u043d\u0435 \u0428\u0435\u043d\u0434\u0435\u0440\u043b\u0430\u0439\u043d, \u0443 \u043c\u0456\u043d\u0456\u0441\u0442\u0440\u0438 \u0444\u0435\u0434\u0435\u0440\u0430\u043b\u044c\u043d\u043e-\u0434\u0435\u0440\u0436\u0430\u0432\u043d\u043e\u0457 \u0441\u043f\u0456\u0432\u043f\u0440\u0430\u0446\u0456 \u2013 \u043f\u0430\u0440\u043b\u0430\u043c\u0435\u043d\u0442\u0441\u044c\u043a\u043e\u0433\u043e \u0441\u0435\u043a\u0440\u0435\u0442\u0430\u0440\u044f \u041c\u0456\u0445\u0430\u0435\u043b\u044f \u041c\u0435\u0439\u0441\u0442\u0435\u0440\u0430. \u041c\u0456\u043d\u0456\u0441\u0442\u0435\u0440\u0441\u0442\u0432\u043e \u0437 \u043f\u0438\u0442\u0430\u043d\u044c \u043c\u0456\u0436\u043d\u0430\u0440\u043e\u0434\u043d\u043e\u0457 \u0441\u043f\u0456\u0432\u043f\u0440\u0430\u0446\u0456 \u043c\u0430\u0454 \u043e\u0447\u043e\u043b\u0438\u0442\u0438 \u043f\u043e\u043b\u0456\u0442\u0438\u043a \u0421\u0435\u0440\u0430\u043f \u0490\u044e\u043b\u0435\u0440, \u0430 \u043c\u0456\u043d\u0456\u0441\u0442\u0435\u0440\u0441\u0442\u0432\u043e \u0437 \u0454\u0432\u0440\u043e\u043f\u0435\u0439\u0441\u044c\u043a\u0438\u0445\u00a0 \u0441\u043f\u0440\u0430\u0432 \u2013 \u0435\u043a\u0441\u043f\u0435\u0440\u0442 \u0437 \u0432\u0456\u0434\u043d\u043e\u0441\u0438\u043d \u0456\u0437 \u0411\u0440\u044e\u0441\u0441\u0435\u043b\u0435\u043c \u0490\u044e\u043d\u0442\u0435\u0440 \u041a\u0440\u0456\u0445\u0431\u0430\u0443\u043c.\u00a0<\/span><\/p>\n<p><span style=\"font-weight: 400;\">\u0412\u043e\u0434\u043d\u043e\u0447\u0430\u0441 \u0425\u0421\u0421 \u0437\u0456 \u0441\u0432\u043e\u0433\u043e \u0431\u043e\u043a\u0443 \u0437\u0430\u043f\u0440\u043e\u043f\u043e\u043d\u0443\u0432\u0430\u0432 \u0441\u0432\u043e\u0457 \u043a\u0430\u043d\u0434\u0438\u0434\u0430\u0442\u0443\u0440\u0438 \u0434\u043e \u0442\u0440\u044c\u043e\u0445 \u043c\u0456\u043d\u0456\u0441\u0442\u0435\u0440\u0441\u0442\u0432. \u0413\u043e\u043b\u043e\u0432\u0430 \u0437\u0435\u043c\u0435\u043b\u044c\u043d\u043e\u0457 \u0433\u0440\u0443\u043f\u0438 \u0425\u0421\u0421 \u0443 \u0411\u0443\u043d\u0434\u0435\u0441\u0442\u0430\u0437\u0456 \u0410\u043b\u0435\u043a\u0441\u0430\u043d\u0434\u0440 \u0414\u043e\u0431\u0440\u0456\u043d\u0434\u0442 \u043c\u043e\u0436\u0435 \u043e\u0442\u0440\u0438\u043c\u0430\u0442\u0438 \u043f\u043e\u0441\u0430\u0434\u0443 \u043c\u0456\u043d\u0456\u0441\u0442\u0440\u0430 \u0432\u043d\u0443\u0442\u0440\u0456\u0448\u043d\u0456\u0445 \u0441\u043f\u0440\u0430\u0432. \u0417\u0430\u0441\u0442\u0443\u043f\u043d\u0438\u0446\u044f \u043b\u0456\u0434\u0435\u0440\u0430 \u0425\u0421\u0421 \u0414\u043e\u0440\u043e\u0442\u0435\u0454 \u0411\u0435\u0440 \u043c\u0430\u0454 \u043e\u0447\u043e\u043b\u0438\u0442\u0438 \u043d\u043e\u0432\u0435 \u043c\u0456\u043d\u0456\u0441\u0442\u0435\u0440\u0441\u0442\u0432\u043e \u0434\u043e\u0441\u043b\u0456\u0434\u0436\u0435\u043d\u044c, \u0442\u0435\u0445\u043d\u043e\u043b\u043e\u0433\u0456\u0439 \u0442\u0430 \u043a\u043e\u0441\u043c\u043e\u0441\u0443, \u0430 \u043f\u043e\u0441\u0430\u0434\u0443 \u043c\u0456\u043d\u0456\u0441\u0442\u0440\u0430 \u0441\u0456\u043b\u044c\u0441\u044c\u043a\u043e\u0433\u043e \u0433\u043e\u0441\u043f\u043e\u0434\u0430\u0440\u0441\u0442\u0432\u0430 \u043e\u0431\u0456\u0439\u043c\u0435 \u0434\u0435\u043f\u0443\u0442\u0430\u0442 \u0410\u043b\u043e\u0439\u0441 \u0420\u0430\u0439\u043d\u0435\u0440.<\/span><\/p>\n<p><span style=\"font-weight: 400;\">\u041e\u0447\u0456\u043b\u044c\u043d\u0438\u043a\u0456\u0432 \u0449\u0435 \u0441\u0456\u043c\u043e\u0445 \u043c\u0456\u043d\u0456\u0441\u0442\u0435\u0440\u0441\u0442\u0432 \u043c\u0430\u0454 \u043f\u0440\u0438\u0437\u043d\u0430\u0447\u0438\u0442\u0438 \u043f\u0430\u0440\u0442\u043d\u0435\u0440\u043a\u0430 \u0437\u0430 \u043a\u043e\u0430\u043b\u0456\u0446\u0456\u0454\u044e \u2013 \u0421\u0414\u041f\u041d.\u00a0 \u041f\u043e\u043b\u0456\u0442\u0441\u0438\u043b\u0430 \u0437\u0456 \u0441\u0432\u043e\u0457\u043c\u0438 \u043a\u0430\u043d\u0434\u0438\u0434\u0430\u0442\u0443\u0440\u0430\u043c\u0438 \u0449\u0435 \u043d\u0435 \u0432\u0438\u0437\u043d\u0430\u0447\u0438\u043b\u0430\u0441\u044f.\u00a0<\/span><\/p>\n<p><span style=\"font-weight: 400;\">\u0412\u0438\u0431\u043e\u0440\u0438 \u0444\u0435\u0434\u0435\u0440\u0430\u043b\u044c\u043d\u043e\u0433\u043e \u043a\u0430\u043d\u0446\u043b\u0435\u0440\u0430 \u041d\u0456\u043c\u0435\u0447\u0447\u0438\u043d\u0438 \u043c\u0430\u044e\u0442\u044c \u0432\u0456\u0434\u0431\u0443\u0442\u0438\u0441\u044f \u0432\u0436\u0435 \u0437\u0430 \u0442\u0438\u0436\u0434\u0435\u043d\u044c, 6 \u0442\u0440\u0430\u0432\u043d\u044f.<\/span><\/p>\n","protected":false},"excerpt":{"rendered":"<p>\u041b\u0456\u0434\u0435\u0440 \u0425\u0414\u0421 \u0442\u0430 \u043d\u0430\u0441\u0442\u0443\u043f\u043d\u0438\u0439 \u043a\u0430\u043d\u0446\u043b\u0435\u0440 \u041d\u0456\u043c\u0435\u0447\u0447\u0438\u043d\u0438 \u0424\u0440\u0456\u0434\u0440\u0456\u0445 \u041c\u0435\u0440\u0446 \u043f\u0440\u0435\u0434\u0441\u0442\u0430\u0432\u0438\u0432 \u043a\u0430\u043d\u0434\u0438\u0434\u0430\u0442\u0456\u0432 \u0432\u0456\u0434 \u0441\u0432\u043e\u0454\u0457 \u043f\u043e\u043b\u0456\u0442\u0441\u0438\u043b\u0438 \u043d\u0430 \u043f\u043e\u0441\u0442\u0438 \u043c\u0456\u043d\u0456\u0441\u0442\u0440\u0456\u0432 \u043c\u0430\u0439\u0431\u0443\u0442\u043d\u044c\u043e\u0433\u043e \u0443\u0440\u044f\u0434\u0443.\u00a0 \u041d\u0430 \u043f\u043e\u0441\u0430\u0434\u0443 \u043c\u0456\u043d\u0456\u0441\u0442\u0440\u0430 \u0437\u0430\u043a\u043e\u0440\u0434\u043e\u043d\u043d\u0438\u0445 \u0441\u043f\u0440\u0430\u0432 \u041c\u0435\u0440\u0446 \u0432\u0438\u0441\u0443\u043d\u0443\u0432 \u0419\u043e\u0433\u0430\u043d\u0430 \u0412\u0430\u0434\u0435\u043f\u0443\u043b\u044f. \u0412\u0456\u043d \u0454 \u0434\u043e\u0441\u0432\u0456\u0434\u0447\u0435\u043d\u0438\u043c \u0435\u043a\u0441\u043f\u0435\u0440\u0442\u043e\u043c \u0456\u0437 \u0437\u043e\u0432\u043d\u0456\u0448\u043d\u044c\u043e\u0457 \u0442\u0430 \u0431\u0435\u0437\u043f\u0435\u043a\u043e\u0432\u043e\u0457 \u043f\u043e\u043b\u0456\u0442\u0438\u043a\u0438 \u0442\u0430 \u0441\u0442\u0430\u043d\u0435 \u043f\u0435\u0440\u0448\u0438\u043c \u043e\u0447\u0456\u043b\u044c\u043d\u0438\u043a\u043e\u043c \u041c\u0417\u0421 \u0432\u0456\u0434 \u043a\u043e\u043d\u0441\u0435\u0440\u0432\u0430\u0442\u043e\u0440\u0456\u0432 \u0437\u0430 \u043c\u0430\u0439\u0436\u0435 60 \u0440\u043e\u043a\u0456\u0432. \u0422\u0430\u043a\u043e\u0436 \u0432\u0456\u0434\u0437\u043d\u0430\u0447\u0438\u043c\u043e, \u0449\u043e \u0440\u0430\u043d\u0456\u0448\u0435 \u0412\u0430\u0434\u0435\u043f\u0443\u043b\u044c \u0432\u0438\u0441\u0442\u0443\u043f\u0430\u0432 \u0437\u0430 \u0442\u0435,&#8230;  <a class=\"excerpt-read-more\" href=\"https:\/\/amalberlin.de\/ua\/2025\/04\/28\/cdu-kandidaten\/\" title=\"Read \u041c\u0435\u0440\u0446 \u043d\u0430\u0437\u0432\u0430\u0432 \u043a\u0430\u043d\u0434\u0438\u0434\u0430\u0442\u0456\u0432 \u043d\u0430 \u043f\u043e\u0441\u0430\u0434\u0438 \u043c\u0456\u043d\u0456\u0441\u0442\u0440\u0456\u0432 \u0432\u0456\u0434 \u0425\u0414\u0421\">Read more &raquo;<\/a><\/p>\n","protected":false},"author":52,"featured_media":269467,"comment_status":"closed","ping_status":"open","sticky":false,"template":"","format":"standard","meta":{"_acf_changed":false,"footnotes":""},"categories":[6988],"tags":[15273,9547,9821,7438,9748,17036,17035,17034,8534,11866,13435],"class_list":["post-269466","post","type-post","status-publish","format-standard","has-post-thumbnail","hentry","category-6988","tag-15273","tag-9547","tag-9821","tag-7438","tag-9748","tag-17036","tag-17035","tag-17034","tag-8534","tag-11866","tag-13435"],"acf":[],"yoast_head":"<!-- This site is optimized with the Yoast SEO plugin v27.5 - https:\/\/yoast.com\/product\/yoast-seo-wordpress\/ -->\n<title>\u041c\u0435\u0440\u0446 \u043d\u0430\u0437\u0432\u0430\u0432 \u043a\u0430\u043d\u0434\u0438\u0434\u0430\u0442\u0456\u0432 \u043d\u0430 \u043f\u043e\u0441\u0430\u0434\u0438 \u043c\u0456\u043d\u0456\u0441\u0442\u0440\u0456\u0432 \u0432\u0456\u0434 \u0425\u0414\u0421 - Amal, Berlin!<\/title>\n<meta name=\"description\" content=\"\u041b\u0456\u0434\u0435\u0440 \u0425\u0414\u0421 \u0442\u0430 \u043d\u0430\u0441\u0442\u0443\u043f\u043d\u0438\u0439 \u043a\u0430\u043d\u0446\u043b\u0435\u0440 \u041d\u0456\u043c\u0435\u0447\u0447\u0438\u043d\u0438 \u0424\u0440\u0456\u0434\u0440\u0456\u0445 \u041c\u0435\u0440\u0446 \u043f\u0440\u0435\u0434\u0441\u0442\u0430\u0432\u0438\u0432 \u043a\u0430\u043d\u0434\u0438\u0434\u0430\u0442\u0456\u0432 \u0432\u0456\u0434 \u0441\u0432\u043e\u0454\u0457 \u043f\u043e\u043b\u0456\u0442\u0441\u0438\u043b\u0438 \u043d\u0430 \u043f\u043e\u0441\u0442\u0438 \u043c\u0456\u043d\u0456\u0441\u0442\u0440\u0456\u0432 \u043c\u0430\u0439\u0431\u0443\u0442\u043d\u044c\u043e\u0433\u043e \u0443\u0440\u044f\u0434\u0443.\u00a0\" \/>\n<meta name=\"robots\" content=\"index, follow, max-snippet:-1, max-image-preview:large, max-video-preview:-1\" \/>\n<link rel=\"canonical\" href=\"https:\/\/amalberlin.de\/ua\/2025\/04\/28\/cdu-kandidaten\/\" \/>\n<meta property=\"og:locale\" content=\"uk_UA\" \/>\n<meta property=\"og:type\" content=\"article\" \/>\n<meta property=\"og:title\" content=\"\u041c\u0435\u0440\u0446 \u043d\u0430\u0437\u0432\u0430\u0432 \u043a\u0430\u043d\u0434\u0438\u0434\u0430\u0442\u0456\u0432 \u043d\u0430 \u043f\u043e\u0441\u0430\u0434\u0438 \u043c\u0456\u043d\u0456\u0441\u0442\u0440\u0456\u0432 \u0432\u0456\u0434 \u0425\u0414\u0421 - Amal, Berlin!\" \/>\n<meta property=\"og:description\" content=\"\u041b\u0456\u0434\u0435\u0440 \u0425\u0414\u0421 \u0442\u0430 \u043d\u0430\u0441\u0442\u0443\u043f\u043d\u0438\u0439 \u043a\u0430\u043d\u0446\u043b\u0435\u0440 \u041d\u0456\u043c\u0435\u0447\u0447\u0438\u043d\u0438 \u0424\u0440\u0456\u0434\u0440\u0456\u0445 \u041c\u0435\u0440\u0446 \u043f\u0440\u0435\u0434\u0441\u0442\u0430\u0432\u0438\u0432 \u043a\u0430\u043d\u0434\u0438\u0434\u0430\u0442\u0456\u0432 \u0432\u0456\u0434 \u0441\u0432\u043e\u0454\u0457 \u043f\u043e\u043b\u0456\u0442\u0441\u0438\u043b\u0438 \u043d\u0430 \u043f\u043e\u0441\u0442\u0438 \u043c\u0456\u043d\u0456\u0441\u0442\u0440\u0456\u0432 \u043c\u0430\u0439\u0431\u0443\u0442\u043d\u044c\u043e\u0433\u043e \u0443\u0440\u044f\u0434\u0443.\u00a0\" \/>\n<meta property=\"og:url\" content=\"https:\/\/amalberlin.de\/ua\/2025\/04\/28\/cdu-kandidaten\/\" \/>\n<meta property=\"og:site_name\" content=\"Amal, Berlin!\" \/>\n<meta property=\"article:publisher\" content=\"https:\/\/www.facebook.com\/AmalBerlinNews\/\" \/>\n<meta property=\"article:published_time\" content=\"2025-04-28T14:17:48+00:00\" \/>\n<meta property=\"article:modified_time\" content=\"2025-04-30T08:54:42+00:00\" \/>\n<meta property=\"og:image\" content=\"https:\/\/amalberlin.de\/wp-content\/uploads\/sites\/3\/2025\/04\/photo_2025-04-28_16-11-25.jpg\" \/>\n\t<meta property=\"og:image:width\" content=\"1280\" \/>\n\t<meta property=\"og:image:height\" content=\"713\" \/>\n\t<meta property=\"og:image:type\" content=\"image\/jpeg\" \/>\n<meta name=\"author\" content=\"Ruzana Iemelianova\" \/>\n<meta name=\"twitter:card\" content=\"summary_large_image\" \/>\n<meta name=\"twitter:label1\" content=\"\u041d\u0430\u043f\u0438\u0441\u0430\u043d\u043e\" \/>\n\t<meta name=\"twitter:data1\" content=\"Ruzana Iemelianova\" \/>\n\t<meta name=\"twitter:label2\" content=\"\u041f\u0440\u0438\u0431\u043b. \u0447\u0430\u0441 \u0447\u0438\u0442\u0430\u043d\u043d\u044f\" \/>\n\t<meta name=\"twitter:data2\" content=\"2 \u0445\u0432\u0438\u043b\u0438\u043d\u0438\" \/>\n<script type=\"application\/ld+json\" class=\"yoast-schema-graph\">{\"@context\":\"https:\\\/\\\/schema.org\",\"@graph\":[{\"@type\":\"Article\",\"@id\":\"https:\\\/\\\/amalberlin.de\\\/ua\\\/2025\\\/04\\\/28\\\/cdu-kandidaten\\\/#article\",\"isPartOf\":{\"@id\":\"https:\\\/\\\/amalberlin.de\\\/ua\\\/2025\\\/04\\\/28\\\/cdu-kandidaten\\\/\"},\"author\":{\"name\":\"Ruzana Iemelianova\",\"@id\":\"https:\\\/\\\/amalberlin.de\\\/ua\\\/#\\\/schema\\\/person\\\/28969c6745ef0d0e51ca13266cf6a03e\"},\"headline\":\"\u041c\u0435\u0440\u0446 \u043d\u0430\u0437\u0432\u0430\u0432 \u043a\u0430\u043d\u0434\u0438\u0434\u0430\u0442\u0456\u0432 \u043d\u0430 \u043f\u043e\u0441\u0430\u0434\u0438 \u043c\u0456\u043d\u0456\u0441\u0442\u0440\u0456\u0432 \u0432\u0456\u0434 \u0425\u0414\u0421\",\"datePublished\":\"2025-04-28T14:17:48+00:00\",\"dateModified\":\"2025-04-30T08:54:42+00:00\",\"mainEntityOfPage\":{\"@id\":\"https:\\\/\\\/amalberlin.de\\\/ua\\\/2025\\\/04\\\/28\\\/cdu-kandidaten\\\/\"},\"wordCount\":299,\"publisher\":{\"@id\":\"https:\\\/\\\/amalberlin.de\\\/ua\\\/#organization\"},\"image\":{\"@id\":\"https:\\\/\\\/amalberlin.de\\\/ua\\\/2025\\\/04\\\/28\\\/cdu-kandidaten\\\/#primaryimage\"},\"thumbnailUrl\":\"https:\\\/\\\/amalberlin.de\\\/wp-content\\\/uploads\\\/sites\\\/3\\\/2025\\\/04\\\/photo_2025-04-28_16-11-25.jpg\",\"keywords\":[\"\u041c\u0435\u0440\u0446\",\"\u043c\u0437\u0441 \u043d\u0456\u043c\u0435\u0447\u0447\u0438\u043d\u0438\",\"\u043c\u0456\u043d\u0456\u0441\u0442\u0435\u0440\u0441\u0442\u0432\u043e \u043e\u0445\u043e\u0440\u043e\u043d\u0438 \u0437\u0434\u043e\u0440\u043e\u0432\u044f\",\"\u041d\u0456\u043c\u0435\u0447\u0447\u0438\u043d\u0430\",\"\u043f\u043e\u043b\u0456\u0442\u0438\u043a\u0430\",\"\u043f\u0440\u0438\u0437\u043d\u0430\u0447\u0435\u043d\u043d\u044f\",\"\u0443\u0440\u044f\u0434 \u041d\u0456\u043c\u0435\u0447\u0447\u0438\u043d\u0438\",\"\u0443\u0440\u044f\u0434 \u0424\u0420\u041d\",\"\u0424\u0420\u041d\",\"\u0425\u0414\u0421\",\"\u0425\u0414\u0421\\\/\u0425\u0421\u0421\"],\"articleSection\":[\"\u041f\u043e\u043b\u0456\u0442\u0438\u043a\u0430\"],\"inLanguage\":\"uk\"},{\"@type\":\"WebPage\",\"@id\":\"https:\\\/\\\/amalberlin.de\\\/ua\\\/2025\\\/04\\\/28\\\/cdu-kandidaten\\\/\",\"url\":\"https:\\\/\\\/amalberlin.de\\\/ua\\\/2025\\\/04\\\/28\\\/cdu-kandidaten\\\/\",\"name\":\"\u041c\u0435\u0440\u0446 \u043d\u0430\u0437\u0432\u0430\u0432 \u043a\u0430\u043d\u0434\u0438\u0434\u0430\u0442\u0456\u0432 \u043d\u0430 \u043f\u043e\u0441\u0430\u0434\u0438 \u043c\u0456\u043d\u0456\u0441\u0442\u0440\u0456\u0432 \u0432\u0456\u0434 \u0425\u0414\u0421 - Amal, Berlin!\",\"isPartOf\":{\"@id\":\"https:\\\/\\\/amalberlin.de\\\/ua\\\/#website\"},\"primaryImageOfPage\":{\"@id\":\"https:\\\/\\\/amalberlin.de\\\/ua\\\/2025\\\/04\\\/28\\\/cdu-kandidaten\\\/#primaryimage\"},\"image\":{\"@id\":\"https:\\\/\\\/amalberlin.de\\\/ua\\\/2025\\\/04\\\/28\\\/cdu-kandidaten\\\/#primaryimage\"},\"thumbnailUrl\":\"https:\\\/\\\/amalberlin.de\\\/wp-content\\\/uploads\\\/sites\\\/3\\\/2025\\\/04\\\/photo_2025-04-28_16-11-25.jpg\",\"datePublished\":\"2025-04-28T14:17:48+00:00\",\"dateModified\":\"2025-04-30T08:54:42+00:00\",\"description\":\"\u041b\u0456\u0434\u0435\u0440 \u0425\u0414\u0421 \u0442\u0430 \u043d\u0430\u0441\u0442\u0443\u043f\u043d\u0438\u0439 \u043a\u0430\u043d\u0446\u043b\u0435\u0440 \u041d\u0456\u043c\u0435\u0447\u0447\u0438\u043d\u0438 \u0424\u0440\u0456\u0434\u0440\u0456\u0445 \u041c\u0435\u0440\u0446 \u043f\u0440\u0435\u0434\u0441\u0442\u0430\u0432\u0438\u0432 \u043a\u0430\u043d\u0434\u0438\u0434\u0430\u0442\u0456\u0432 \u0432\u0456\u0434 \u0441\u0432\u043e\u0454\u0457 \u043f\u043e\u043b\u0456\u0442\u0441\u0438\u043b\u0438 \u043d\u0430 \u043f\u043e\u0441\u0442\u0438 \u043c\u0456\u043d\u0456\u0441\u0442\u0440\u0456\u0432 \u043c\u0430\u0439\u0431\u0443\u0442\u043d\u044c\u043e\u0433\u043e \u0443\u0440\u044f\u0434\u0443.\u00a0\",\"breadcrumb\":{\"@id\":\"https:\\\/\\\/amalberlin.de\\\/ua\\\/2025\\\/04\\\/28\\\/cdu-kandidaten\\\/#breadcrumb\"},\"inLanguage\":\"uk\",\"potentialAction\":[{\"@type\":\"ReadAction\",\"target\":[\"https:\\\/\\\/amalberlin.de\\\/ua\\\/2025\\\/04\\\/28\\\/cdu-kandidaten\\\/\"]}]},{\"@type\":\"ImageObject\",\"inLanguage\":\"uk\",\"@id\":\"https:\\\/\\\/amalberlin.de\\\/ua\\\/2025\\\/04\\\/28\\\/cdu-kandidaten\\\/#primaryimage\",\"url\":\"https:\\\/\\\/amalberlin.de\\\/wp-content\\\/uploads\\\/sites\\\/3\\\/2025\\\/04\\\/photo_2025-04-28_16-11-25.jpg\",\"contentUrl\":\"https:\\\/\\\/amalberlin.de\\\/wp-content\\\/uploads\\\/sites\\\/3\\\/2025\\\/04\\\/photo_2025-04-28_16-11-25.jpg\",\"width\":1280,\"height\":713,\"caption\":\"\u0421\u043a\u0440\u0456\u043d \u0432\u0456\u0434\u0435\u043e\"},{\"@type\":\"BreadcrumbList\",\"@id\":\"https:\\\/\\\/amalberlin.de\\\/ua\\\/2025\\\/04\\\/28\\\/cdu-kandidaten\\\/#breadcrumb\",\"itemListElement\":[{\"@type\":\"ListItem\",\"position\":1,\"name\":\"Home\",\"item\":\"https:\\\/\\\/amalberlin.de\\\/ua\\\/\"},{\"@type\":\"ListItem\",\"position\":2,\"name\":\"\u041c\u0435\u0440\u0446 \u043d\u0430\u0437\u0432\u0430\u0432 \u043a\u0430\u043d\u0434\u0438\u0434\u0430\u0442\u0456\u0432 \u043d\u0430 \u043f\u043e\u0441\u0430\u0434\u0438 \u043c\u0456\u043d\u0456\u0441\u0442\u0440\u0456\u0432 \u0432\u0456\u0434 \u0425\u0414\u0421\"}]},{\"@type\":\"WebSite\",\"@id\":\"https:\\\/\\\/amalberlin.de\\\/ua\\\/#website\",\"url\":\"https:\\\/\\\/amalberlin.de\\\/ua\\\/\",\"name\":\"Amal, Berlin!\",\"description\":\"\",\"publisher\":{\"@id\":\"https:\\\/\\\/amalberlin.de\\\/ua\\\/#organization\"},\"potentialAction\":[{\"@type\":\"SearchAction\",\"target\":{\"@type\":\"EntryPoint\",\"urlTemplate\":\"https:\\\/\\\/amalberlin.de\\\/ua\\\/?s={search_term_string}\"},\"query-input\":{\"@type\":\"PropertyValueSpecification\",\"valueRequired\":true,\"valueName\":\"search_term_string\"}}],\"inLanguage\":\"uk\"},{\"@type\":\"Organization\",\"@id\":\"https:\\\/\\\/amalberlin.de\\\/ua\\\/#organization\",\"name\":\"Amal, Berlin!\",\"url\":\"https:\\\/\\\/amalberlin.de\\\/ua\\\/\",\"logo\":{\"@type\":\"ImageObject\",\"inLanguage\":\"uk\",\"@id\":\"https:\\\/\\\/amalberlin.de\\\/ua\\\/#\\\/schema\\\/logo\\\/image\\\/\",\"url\":\"https:\\\/\\\/amalberlin.de\\\/wp-content\\\/uploads\\\/sites\\\/3\\\/2020\\\/09\\\/LOGO_AMAL-Berlin_Final-01.jpg\",\"contentUrl\":\"https:\\\/\\\/amalberlin.de\\\/wp-content\\\/uploads\\\/sites\\\/3\\\/2020\\\/09\\\/LOGO_AMAL-Berlin_Final-01.jpg\",\"width\":250,\"height\":220,\"caption\":\"Amal, Berlin!\"},\"image\":{\"@id\":\"https:\\\/\\\/amalberlin.de\\\/ua\\\/#\\\/schema\\\/logo\\\/image\\\/\"},\"sameAs\":[\"https:\\\/\\\/www.facebook.com\\\/AmalBerlinNews\\\/\",\"https:\\\/\\\/www.instagram.com\\\/amalberlin\\\/?hl=en\",\"https:\\\/\\\/www.youtube.com\\\/channel\\\/UCTDDzpr6EmhT1wLO0hszrrg\"]},{\"@type\":\"Person\",\"@id\":\"https:\\\/\\\/amalberlin.de\\\/ua\\\/#\\\/schema\\\/person\\\/28969c6745ef0d0e51ca13266cf6a03e\",\"name\":\"Ruzana Iemelianova\",\"image\":{\"@type\":\"ImageObject\",\"inLanguage\":\"uk\",\"@id\":\"https:\\\/\\\/amalberlin.de\\\/wp-content\\\/uploads\\\/sites\\\/3\\\/2023\\\/07\\\/photo_2023-07-13_07-43-001-125x125.jpg\",\"url\":\"https:\\\/\\\/amalberlin.de\\\/wp-content\\\/uploads\\\/sites\\\/3\\\/2023\\\/07\\\/photo_2023-07-13_07-43-001-125x125.jpg\",\"contentUrl\":\"https:\\\/\\\/amalberlin.de\\\/wp-content\\\/uploads\\\/sites\\\/3\\\/2023\\\/07\\\/photo_2023-07-13_07-43-001-125x125.jpg\",\"caption\":\"Ruzana Iemelianova\"},\"description\":\"Im Jahr 2012 hat Ruzana Iemelianova den Bachelor-Abschluss (Fachrichtung \u201cJournalismus\u201d) an der Nationalen Taras-Schewtschenko-Universit\u00e4t Kyiw absolviert. Seit mehr als 10 Jahren arbeitet sie als Journalistin und Redakteurin f\u00fcr mehrere ukrainische Medien gearbeitet. Zuletzt arbeitete sie in der Online-Redaktion des gr\u00f6\u00dften Medienkonzerns der Ukraine. Seit 1. Juni 2023 ist sie Teil des Teams von Amal, Hamburg!\",\"url\":\"https:\\\/\\\/amalberlin.de\\\/ua\\\/author\\\/ruzana-iemelianova\\\/\"}]}<\/script>\n<!-- \/ Yoast SEO plugin. -->","yoast_head_json":{"title":"\u041c\u0435\u0440\u0446 \u043d\u0430\u0437\u0432\u0430\u0432 \u043a\u0430\u043d\u0434\u0438\u0434\u0430\u0442\u0456\u0432 \u043d\u0430 \u043f\u043e\u0441\u0430\u0434\u0438 \u043c\u0456\u043d\u0456\u0441\u0442\u0440\u0456\u0432 \u0432\u0456\u0434 \u0425\u0414\u0421 - Amal, Berlin!","description":"\u041b\u0456\u0434\u0435\u0440 \u0425\u0414\u0421 \u0442\u0430 \u043d\u0430\u0441\u0442\u0443\u043f\u043d\u0438\u0439 \u043a\u0430\u043d\u0446\u043b\u0435\u0440 \u041d\u0456\u043c\u0435\u0447\u0447\u0438\u043d\u0438 \u0424\u0440\u0456\u0434\u0440\u0456\u0445 \u041c\u0435\u0440\u0446 \u043f\u0440\u0435\u0434\u0441\u0442\u0430\u0432\u0438\u0432 \u043a\u0430\u043d\u0434\u0438\u0434\u0430\u0442\u0456\u0432 \u0432\u0456\u0434 \u0441\u0432\u043e\u0454\u0457 \u043f\u043e\u043b\u0456\u0442\u0441\u0438\u043b\u0438 \u043d\u0430 \u043f\u043e\u0441\u0442\u0438 \u043c\u0456\u043d\u0456\u0441\u0442\u0440\u0456\u0432 \u043c\u0430\u0439\u0431\u0443\u0442\u043d\u044c\u043e\u0433\u043e \u0443\u0440\u044f\u0434\u0443.\u00a0","robots":{"index":"index","follow":"follow","max-snippet":"max-snippet:-1","max-image-preview":"max-image-preview:large","max-video-preview":"max-video-preview:-1"},"canonical":"https:\/\/amalberlin.de\/ua\/2025\/04\/28\/cdu-kandidaten\/","og_locale":"uk_UA","og_type":"article","og_title":"\u041c\u0435\u0440\u0446 \u043d\u0430\u0437\u0432\u0430\u0432 \u043a\u0430\u043d\u0434\u0438\u0434\u0430\u0442\u0456\u0432 \u043d\u0430 \u043f\u043e\u0441\u0430\u0434\u0438 \u043c\u0456\u043d\u0456\u0441\u0442\u0440\u0456\u0432 \u0432\u0456\u0434 \u0425\u0414\u0421 - Amal, Berlin!","og_description":"\u041b\u0456\u0434\u0435\u0440 \u0425\u0414\u0421 \u0442\u0430 \u043d\u0430\u0441\u0442\u0443\u043f\u043d\u0438\u0439 \u043a\u0430\u043d\u0446\u043b\u0435\u0440 \u041d\u0456\u043c\u0435\u0447\u0447\u0438\u043d\u0438 \u0424\u0440\u0456\u0434\u0440\u0456\u0445 \u041c\u0435\u0440\u0446 \u043f\u0440\u0435\u0434\u0441\u0442\u0430\u0432\u0438\u0432 \u043a\u0430\u043d\u0434\u0438\u0434\u0430\u0442\u0456\u0432 \u0432\u0456\u0434 \u0441\u0432\u043e\u0454\u0457 \u043f\u043e\u043b\u0456\u0442\u0441\u0438\u043b\u0438 \u043d\u0430 \u043f\u043e\u0441\u0442\u0438 \u043c\u0456\u043d\u0456\u0441\u0442\u0440\u0456\u0432 \u043c\u0430\u0439\u0431\u0443\u0442\u043d\u044c\u043e\u0433\u043e \u0443\u0440\u044f\u0434\u0443.\u00a0","og_url":"https:\/\/amalberlin.de\/ua\/2025\/04\/28\/cdu-kandidaten\/","og_site_name":"Amal, Berlin!","article_publisher":"https:\/\/www.facebook.com\/AmalBerlinNews\/","article_published_time":"2025-04-28T14:17:48+00:00","article_modified_time":"2025-04-30T08:54:42+00:00","og_image":[{"width":1280,"height":713,"url":"https:\/\/amalberlin.de\/wp-content\/uploads\/sites\/3\/2025\/04\/photo_2025-04-28_16-11-25.jpg","type":"image\/jpeg"}],"author":"Ruzana Iemelianova","twitter_card":"summary_large_image","twitter_misc":{"\u041d\u0430\u043f\u0438\u0441\u0430\u043d\u043e":"Ruzana Iemelianova","\u041f\u0440\u0438\u0431\u043b. \u0447\u0430\u0441 \u0447\u0438\u0442\u0430\u043d\u043d\u044f":"2 \u0445\u0432\u0438\u043b\u0438\u043d\u0438"},"schema":{"@context":"https:\/\/schema.org","@graph":[{"@type":"Article","@id":"https:\/\/amalberlin.de\/ua\/2025\/04\/28\/cdu-kandidaten\/#article","isPartOf":{"@id":"https:\/\/amalberlin.de\/ua\/2025\/04\/28\/cdu-kandidaten\/"},"author":{"name":"Ruzana Iemelianova","@id":"https:\/\/amalberlin.de\/ua\/#\/schema\/person\/28969c6745ef0d0e51ca13266cf6a03e"},"headline":"\u041c\u0435\u0440\u0446 \u043d\u0430\u0437\u0432\u0430\u0432 \u043a\u0430\u043d\u0434\u0438\u0434\u0430\u0442\u0456\u0432 \u043d\u0430 \u043f\u043e\u0441\u0430\u0434\u0438 \u043c\u0456\u043d\u0456\u0441\u0442\u0440\u0456\u0432 \u0432\u0456\u0434 \u0425\u0414\u0421","datePublished":"2025-04-28T14:17:48+00:00","dateModified":"2025-04-30T08:54:42+00:00","mainEntityOfPage":{"@id":"https:\/\/amalberlin.de\/ua\/2025\/04\/28\/cdu-kandidaten\/"},"wordCount":299,"publisher":{"@id":"https:\/\/amalberlin.de\/ua\/#organization"},"image":{"@id":"https:\/\/amalberlin.de\/ua\/2025\/04\/28\/cdu-kandidaten\/#primaryimage"},"thumbnailUrl":"https:\/\/amalberlin.de\/wp-content\/uploads\/sites\/3\/2025\/04\/photo_2025-04-28_16-11-25.jpg","keywords":["\u041c\u0435\u0440\u0446","\u043c\u0437\u0441 \u043d\u0456\u043c\u0435\u0447\u0447\u0438\u043d\u0438","\u043c\u0456\u043d\u0456\u0441\u0442\u0435\u0440\u0441\u0442\u0432\u043e \u043e\u0445\u043e\u0440\u043e\u043d\u0438 \u0437\u0434\u043e\u0440\u043e\u0432\u044f","\u041d\u0456\u043c\u0435\u0447\u0447\u0438\u043d\u0430","\u043f\u043e\u043b\u0456\u0442\u0438\u043a\u0430","\u043f\u0440\u0438\u0437\u043d\u0430\u0447\u0435\u043d\u043d\u044f","\u0443\u0440\u044f\u0434 \u041d\u0456\u043c\u0435\u0447\u0447\u0438\u043d\u0438","\u0443\u0440\u044f\u0434 \u0424\u0420\u041d","\u0424\u0420\u041d","\u0425\u0414\u0421","\u0425\u0414\u0421\/\u0425\u0421\u0421"],"articleSection":["\u041f\u043e\u043b\u0456\u0442\u0438\u043a\u0430"],"inLanguage":"uk"},{"@type":"WebPage","@id":"https:\/\/amalberlin.de\/ua\/2025\/04\/28\/cdu-kandidaten\/","url":"https:\/\/amalberlin.de\/ua\/2025\/04\/28\/cdu-kandidaten\/","name":"\u041c\u0435\u0440\u0446 \u043d\u0430\u0437\u0432\u0430\u0432 \u043a\u0430\u043d\u0434\u0438\u0434\u0430\u0442\u0456\u0432 \u043d\u0430 \u043f\u043e\u0441\u0430\u0434\u0438 \u043c\u0456\u043d\u0456\u0441\u0442\u0440\u0456\u0432 \u0432\u0456\u0434 \u0425\u0414\u0421 - Amal, Berlin!","isPartOf":{"@id":"https:\/\/amalberlin.de\/ua\/#website"},"primaryImageOfPage":{"@id":"https:\/\/amalberlin.de\/ua\/2025\/04\/28\/cdu-kandidaten\/#primaryimage"},"image":{"@id":"https:\/\/amalberlin.de\/ua\/2025\/04\/28\/cdu-kandidaten\/#primaryimage"},"thumbnailUrl":"https:\/\/amalberlin.de\/wp-content\/uploads\/sites\/3\/2025\/04\/photo_2025-04-28_16-11-25.jpg","datePublished":"2025-04-28T14:17:48+00:00","dateModified":"2025-04-30T08:54:42+00:00","description":"\u041b\u0456\u0434\u0435\u0440 \u0425\u0414\u0421 \u0442\u0430 \u043d\u0430\u0441\u0442\u0443\u043f\u043d\u0438\u0439 \u043a\u0430\u043d\u0446\u043b\u0435\u0440 \u041d\u0456\u043c\u0435\u0447\u0447\u0438\u043d\u0438 \u0424\u0440\u0456\u0434\u0440\u0456\u0445 \u041c\u0435\u0440\u0446 \u043f\u0440\u0435\u0434\u0441\u0442\u0430\u0432\u0438\u0432 \u043a\u0430\u043d\u0434\u0438\u0434\u0430\u0442\u0456\u0432 \u0432\u0456\u0434 \u0441\u0432\u043e\u0454\u0457 \u043f\u043e\u043b\u0456\u0442\u0441\u0438\u043b\u0438 \u043d\u0430 \u043f\u043e\u0441\u0442\u0438 \u043c\u0456\u043d\u0456\u0441\u0442\u0440\u0456\u0432 \u043c\u0430\u0439\u0431\u0443\u0442\u043d\u044c\u043e\u0433\u043e \u0443\u0440\u044f\u0434\u0443.\u00a0","breadcrumb":{"@id":"https:\/\/amalberlin.de\/ua\/2025\/04\/28\/cdu-kandidaten\/#breadcrumb"},"inLanguage":"uk","potentialAction":[{"@type":"ReadAction","target":["https:\/\/amalberlin.de\/ua\/2025\/04\/28\/cdu-kandidaten\/"]}]},{"@type":"ImageObject","inLanguage":"uk","@id":"https:\/\/amalberlin.de\/ua\/2025\/04\/28\/cdu-kandidaten\/#primaryimage","url":"https:\/\/amalberlin.de\/wp-content\/uploads\/sites\/3\/2025\/04\/photo_2025-04-28_16-11-25.jpg","contentUrl":"https:\/\/amalberlin.de\/wp-content\/uploads\/sites\/3\/2025\/04\/photo_2025-04-28_16-11-25.jpg","width":1280,"height":713,"caption":"\u0421\u043a\u0440\u0456\u043d \u0432\u0456\u0434\u0435\u043e"},{"@type":"BreadcrumbList","@id":"https:\/\/amalberlin.de\/ua\/2025\/04\/28\/cdu-kandidaten\/#breadcrumb","itemListElement":[{"@type":"ListItem","position":1,"name":"Home","item":"https:\/\/amalberlin.de\/ua\/"},{"@type":"ListItem","position":2,"name":"\u041c\u0435\u0440\u0446 \u043d\u0430\u0437\u0432\u0430\u0432 \u043a\u0430\u043d\u0434\u0438\u0434\u0430\u0442\u0456\u0432 \u043d\u0430 \u043f\u043e\u0441\u0430\u0434\u0438 \u043c\u0456\u043d\u0456\u0441\u0442\u0440\u0456\u0432 \u0432\u0456\u0434 \u0425\u0414\u0421"}]},{"@type":"WebSite","@id":"https:\/\/amalberlin.de\/ua\/#website","url":"https:\/\/amalberlin.de\/ua\/","name":"Amal, Berlin!","description":"","publisher":{"@id":"https:\/\/amalberlin.de\/ua\/#organization"},"potentialAction":[{"@type":"SearchAction","target":{"@type":"EntryPoint","urlTemplate":"https:\/\/amalberlin.de\/ua\/?s={search_term_string}"},"query-input":{"@type":"PropertyValueSpecification","valueRequired":true,"valueName":"search_term_string"}}],"inLanguage":"uk"},{"@type":"Organization","@id":"https:\/\/amalberlin.de\/ua\/#organization","name":"Amal, Berlin!","url":"https:\/\/amalberlin.de\/ua\/","logo":{"@type":"ImageObject","inLanguage":"uk","@id":"https:\/\/amalberlin.de\/ua\/#\/schema\/logo\/image\/","url":"https:\/\/amalberlin.de\/wp-content\/uploads\/sites\/3\/2020\/09\/LOGO_AMAL-Berlin_Final-01.jpg","contentUrl":"https:\/\/amalberlin.de\/wp-content\/uploads\/sites\/3\/2020\/09\/LOGO_AMAL-Berlin_Final-01.jpg","width":250,"height":220,"caption":"Amal, Berlin!"},"image":{"@id":"https:\/\/amalberlin.de\/ua\/#\/schema\/logo\/image\/"},"sameAs":["https:\/\/www.facebook.com\/AmalBerlinNews\/","https:\/\/www.instagram.com\/amalberlin\/?hl=en","https:\/\/www.youtube.com\/channel\/UCTDDzpr6EmhT1wLO0hszrrg"]},{"@type":"Person","@id":"https:\/\/amalberlin.de\/ua\/#\/schema\/person\/28969c6745ef0d0e51ca13266cf6a03e","name":"Ruzana Iemelianova","image":{"@type":"ImageObject","inLanguage":"uk","@id":"https:\/\/amalberlin.de\/wp-content\/uploads\/sites\/3\/2023\/07\/photo_2023-07-13_07-43-001-125x125.jpg","url":"https:\/\/amalberlin.de\/wp-content\/uploads\/sites\/3\/2023\/07\/photo_2023-07-13_07-43-001-125x125.jpg","contentUrl":"https:\/\/amalberlin.de\/wp-content\/uploads\/sites\/3\/2023\/07\/photo_2023-07-13_07-43-001-125x125.jpg","caption":"Ruzana Iemelianova"},"description":"Im Jahr 2012 hat Ruzana Iemelianova den Bachelor-Abschluss (Fachrichtung \u201cJournalismus\u201d) an der Nationalen Taras-Schewtschenko-Universit\u00e4t Kyiw absolviert. Seit mehr als 10 Jahren arbeitet sie als Journalistin und Redakteurin f\u00fcr mehrere ukrainische Medien gearbeitet. Zuletzt arbeitete sie in der Online-Redaktion des gr\u00f6\u00dften Medienkonzerns der Ukraine. Seit 1. Juni 2023 ist sie Teil des Teams von Amal, Hamburg!","url":"https:\/\/amalberlin.de\/ua\/author\/ruzana-iemelianova\/"}]}},"_links":{"self":[{"href":"https:\/\/amalberlin.de\/ua\/wp-json\/wp\/v2\/posts\/269466","targetHints":{"allow":["GET"]}}],"collection":[{"href":"https:\/\/amalberlin.de\/ua\/wp-json\/wp\/v2\/posts"}],"about":[{"href":"https:\/\/amalberlin.de\/ua\/wp-json\/wp\/v2\/types\/post"}],"author":[{"embeddable":true,"href":"https:\/\/amalberlin.de\/ua\/wp-json\/wp\/v2\/users\/52"}],"replies":[{"embeddable":true,"href":"https:\/\/amalberlin.de\/ua\/wp-json\/wp\/v2\/comments?post=269466"}],"version-history":[{"count":1,"href":"https:\/\/amalberlin.de\/ua\/wp-json\/wp\/v2\/posts\/269466\/revisions"}],"predecessor-version":[{"id":269475,"href":"https:\/\/amalberlin.de\/ua\/wp-json\/wp\/v2\/posts\/269466\/revisions\/269475"}],"wp:featuredmedia":[{"embeddable":true,"href":"https:\/\/amalberlin.de\/ua\/wp-json\/wp\/v2\/media\/269467"}],"wp:attachment":[{"href":"https:\/\/amalberlin.de\/ua\/wp-json\/wp\/v2\/media?parent=269466"}],"wp:term":[{"taxonomy":"category","embeddable":true,"href":"https:\/\/amalberlin.de\/ua\/wp-json\/wp\/v2\/categories?post=269466"},{"taxonomy":"post_tag","embeddable":true,"href":"https:\/\/amalberlin.de\/ua\/wp-json\/wp\/v2\/tags?post=269466"}],"curies":[{"name":"wp","href":"https:\/\/api.w.org\/{rel}","templated":true}]}}