{"id":216980,"date":"2023-12-07T17:19:16","date_gmt":"2023-12-07T16:19:16","guid":{"rendered":"https:\/\/amalberlin.de\/?p=216980"},"modified":"2023-12-14T09:25:10","modified_gmt":"2023-12-14T08:25:10","slug":"deutsche-bahn-winter","status":"publish","type":"post","link":"https:\/\/amalberlin.de\/ua\/2023\/12\/07\/deutsche-bahn-winter\/","title":{"rendered":"\u041d\u043e\u0432\u0438\u0439 \u0437\u0438\u043c\u043e\u0432\u0438\u0439 \u0440\u043e\u0437\u043a\u043b\u0430\u0434 \u0437\u0430\u043b\u0456\u0437\u043d\u0438\u0446\u0456: \u0431\u0456\u043b\u044c\u0448\u0435 \u0434\u043e \u041c\u044e\u043d\u0445\u0435\u043d\u0430, \u0448\u0432\u0438\u0434\u0448\u0435 \u0434\u043e \u0410\u043c\u0441\u0442\u0435\u0440\u0434\u0430\u043c\u0430\u00a0"},"content":{"rendered":"<p><span style=\"font-weight: 400;\">Deutsche Bahn \u0440\u043e\u0437\u0448\u0438\u0440\u044e\u0454 \u0441\u0432\u043e\u0457 \u043f\u043e\u0441\u043b\u0443\u0433\u0438 \u0437 \u043d\u043e\u0432\u0438\u043c \u0437\u0438\u043c\u043e\u0432\u0438\u043c \u0440\u043e\u0437\u043a\u043b\u0430\u0434\u043e\u043c, \u044f\u043a\u0438\u0439 \u0437\u0430\u043f\u0440\u043e\u0432\u0430\u0434\u0436\u0443\u044e\u0442\u044c \u0432\u0436\u0435 \u0432\u0456\u0434 \u043d\u0435\u0434\u0456\u043b\u0456, 10 \u0433\u0440\u0443\u0434\u043d\u044f. \u0417\u043e\u043a\u0440\u0435\u043c\u0430 \u043f\u0430\u0441\u0430\u0436\u0438\u0440\u0438 \u0443 \u0411\u0435\u0440\u043b\u0456\u043d\u0456 \u043e\u0442\u0440\u0438\u043c\u0430\u044e\u0442\u044c \u0431\u0456\u043b\u044c\u0448\u0435 \u0441\u043f\u043e\u043b\u0443\u0447\u0435\u043d\u044c \u0442\u0430 \u043c\u0456\u0441\u0446\u044c \u0443 \u043f\u043e\u0457\u0437\u0434\u0430\u0445 \u0434\u0430\u043b\u0435\u043a\u043e\u0433\u043e \u043f\u0440\u044f\u043c\u0443\u0432\u0430\u043d\u043d\u044f.\u00a0<\/span><\/p>\n<p><span style=\"font-weight: 400;\">\u0423 \u043a\u043e\u043c\u043f\u0430\u043d\u0456\u0457 \u043e\u0431\u0456\u0446\u044f\u044e\u0442\u044c: \u043c\u0456\u0436\u043c\u0456\u0441\u044c\u043a\u0435 \u0441\u043f\u043e\u043b\u0443\u0447\u0435\u043d\u043d\u044f \u0441\u0442\u0430\u043d\u0435 \u0448\u0438\u0440\u0448\u0438\u043c \u0456 \u0448\u0432\u0438\u0434\u0448\u0438\u043c. \u0411\u0456\u043b\u044c\u0448 \u0442\u043e\u0433\u043e, \u043a\u0456\u043b\u044c\u043a\u0456\u0441\u0442\u044c \u043d\u0430\u043f\u0440\u044f\u043c\u043a\u0456\u0432 <a href=\"https:\/\/www.rbb24.de\/wirtschaft\/beitrag\/2023\/12\/deutsche-bahn-neuer-winterfahrplan-fernzuege-berlin-brandenburg.html\" target=\"_blank\" rel=\"noopener\">\u0441\u0442\u0430\u043d\u0435 \u043d\u043e\u0432\u0438\u043c \u0440\u0435\u043a\u043e\u0440\u0434\u043e\u043c<\/a> \u043e\u0441\u0442\u0430\u043d\u043d\u0456\u0445 20 \u0440\u043e\u043a\u0456\u0432 \u0434\u043b\u044f \u043f\u0435\u0440\u0435\u0432\u0456\u0437\u043d\u0438\u043a\u0430.<\/span><\/p>\n<h2><span style=\"font-weight: 400;\">\u0423\u0434\u0432\u0456\u0447\u0456 \u0431\u0456\u043b\u044c\u0448\u0435 \u043f\u043e\u0442\u044f\u0433\u0456\u0432 \u043d\u0430 \u041c\u044e\u043d\u0445\u0435\u043d<\/span><\/h2>\n<p><span style=\"font-weight: 400;\">\u041a\u0456\u043b\u044c\u043a\u0456\u0441\u0442\u044c \u0449\u043e\u0434\u0435\u043d\u043d\u0438\u0445 \u043f\u043e\u0457\u0437\u0434\u0456\u0432 Sprinter \u043c\u0456\u0436 \u0411\u0435\u0440\u043b\u0456\u043d\u043e\u043c \u0456 \u041c\u044e\u043d\u0445\u0435\u043d\u043e\u043c \u0437\u0431\u0456\u043b\u044c\u0448\u0438\u0442\u044c\u0441\u044f \u0437 \u043d\u0435\u0434\u0456\u043b\u0456 \u0434\u043e 14 \u0432 \u043a\u043e\u0436\u043d\u043e\u043c\u0443 \u043d\u0430\u043f\u0440\u044f\u043c\u043a\u0443. \u0417\u0430 \u043f\u043e\u0432\u0456\u0434\u043e\u043c\u043b\u0435\u043d\u043d\u044f\u043c Deutsche Bahn, \u043f\u043e\u0442\u044f\u0433\u0438 \u0442\u0435\u043f\u0435\u0440 \u043a\u0443\u0440\u0441\u0443\u0432\u0430\u0442\u0438\u043c\u0443\u0442\u044c \u043c\u0430\u0439\u0436\u0435 \u0449\u043e\u0433\u043e\u0434\u0438\u043d\u0438 \u043f\u0440\u043e\u0442\u044f\u0433\u043e\u043c \u0434\u043d\u044f, \u0449\u043e \u0434\u043e\u0437\u0432\u043e\u043b\u0438\u0442\u044c \u043f\u0435\u0440\u0435\u0432\u0435\u0437\u0442\u0438 \u0443\u0434\u0432\u0456\u0447\u0456 \u0431\u0456\u043b\u044c\u0448\u0435 \u043f\u0430\u0441\u0430\u0436\u0438\u0440\u0456\u0432. \u0417\u0430 \u0440\u043e\u0437\u043a\u043b\u0430\u0434\u043e\u043c, \u0430\u0431\u0438 \u0434\u043e\u0457\u0445\u0430\u0442\u0438 \u0437\u0456 \u0441\u0442\u043e\u043b\u0438\u0446\u0456 \u041d\u0456\u043c\u0435\u0447\u0447\u0438\u043d\u0438 \u0434\u043e \u0441\u0442\u043e\u043b\u0438\u0446\u0456 \u0411\u0430\u0432\u0430\u0440\u0456\u0457, \u0437\u043d\u0430\u0434\u043e\u0431\u0438\u0442\u044c\u0441\u044f \u0431\u043b\u0438\u0437\u044c\u043a\u043e \u0447\u043e\u0442\u0438\u0440\u044c\u043e\u0445 \u0433\u043e\u0434\u0438\u043d.<\/span><\/p>\n<p><span style=\"font-weight: 400;\">\u041d\u043e\u0432\u0438\u043d\u043a\u043e\u044e \u0454 \u0442\u0440\u0438 \u043e\u0441\u043e\u0431\u043b\u0438\u0432\u043e \u0448\u0432\u0438\u0434\u043a\u0456 \u043f\u043e\u0442\u044f\u0433\u0438 Sprinter \u043d\u0430 \u0434\u0435\u043d\u044c, \u044f\u043a\u0456 \u043c\u0430\u044e\u0442\u044c \u0434\u043e\u043b\u0430\u0442\u0438 \u043c\u0430\u0440\u0448\u0440\u0443\u0442 \u0437\u0430 3:45 \u0433\u043e\u0434\u0438\u043d\u0438. \u041c\u0456\u0436 \u0411\u0435\u0440\u043b\u0456\u043d\u043e\u043c \u0456 \u041d\u044e\u0440\u043d\u0431\u0435\u0440\u0433\u043e\u043c \u0432\u043e\u043d\u0438 \u043d\u0435 \u0437\u0443\u043f\u0438\u043d\u044f\u0442\u0438\u043c\u0443\u0442\u044c\u0441\u044f. \u0410 \u0442\u0438\u043c, \u0445\u0442\u043e \u043f\u043e\u0434\u043e\u0440\u043e\u0436\u0443\u0454 \u0434\u0430\u043b\u0456 \u043d\u0430 \u043f\u0456\u0432\u0434\u0435\u043d\u044c, \u0434\u043e\u0432\u0435\u0434\u0435\u0442\u044c\u0441\u044f \u0440\u0456\u0434\u0448\u0435 \u0440\u043e\u0431\u0438\u0442\u0438 \u043f\u0435\u0440\u0435\u0441\u0430\u0434\u043a\u0438: \u0411\u0435\u0440\u043b\u0456\u043d \u043e\u0442\u0440\u0438\u043c\u0430\u0454 \u0434\u0440\u0443\u0433\u0435 \u0449\u043e\u0434\u0435\u043d\u043d\u0435 \u043f\u0440\u044f\u043c\u0435 \u0441\u043f\u043e\u043b\u0443\u0447\u0435\u043d\u043d\u044f \u0437 \u0412\u0456\u0434\u043d\u0435\u043c \u0447\u0435\u0440\u0435\u0437 \u041d\u044e\u0440\u043d\u0431\u0435\u0440\u0433, \u0420\u0435\u0433\u0435\u043d\u0441\u0431\u0443\u0440\u0433, \u041f\u043b\u0430\u0442\u0442\u043b\u0456\u043d\u0433, \u041f\u0430\u0441\u0441\u0430\u0443 \u0442\u0430 \u041b\u0456\u043d\u0446.<\/span><\/p>\n<h3><span style=\"font-weight: 400;\">\u0428\u0432\u0438\u0434\u0448\u0435 \u0434\u043e \u041f\u0456\u0432\u043d\u0456\u0447\u043d\u043e\u0433\u043e \u0420\u0435\u0439\u043d\u0430-\u0412\u0435\u0441\u0442\u0444\u0430\u043b\u0456\u0457\u00a0<\/span><\/h3>\n<p><span style=\"font-weight: 400;\">Deutsche Bahn \u0442\u0430\u043a\u043e\u0436 \u0437\u0431\u0456\u043b\u044c\u0448\u0443\u0454 \u043a\u0456\u043b\u044c\u043a\u0456\u0441\u0442\u044c \u043c\u0456\u0441\u0446\u044c \u043d\u0430 \u043c\u0430\u0440\u0448\u0440\u0443\u0442\u0456 \u043c\u0456\u0436 \u0411\u0435\u0440\u043b\u0456\u043d\u043e\u043c \u0442\u0430 \u041f\u0456\u0432\u043d\u0456\u0447\u043d\u0438\u043c \u0420\u0435\u0439\u043d\u043e\u043c-\u0412\u0435\u0441\u0442\u0444\u0430\u043b\u0456\u0454\u044e. \u0417\u0430\u043b\u0456\u0437\u043d\u0438\u0446\u044f \u043e\u0433\u043e\u043b\u043e\u0441\u0438\u043b\u0430 \u043f\u0440\u043e \u043d\u043e\u0432\u0443 \u043b\u0456\u043d\u0456\u044e ICE \u0411\u0435\u0440\u043b\u0456\u043d-\u0412\u0443\u043f\u043f\u0435\u0440\u0442\u0430\u043b\u044c-\u041a\u044c\u043e\u043b\u044c\u043d\/\u0411\u043e\u043d\u043d, \u044f\u043a\u043e\u044e \u043a\u043e\u0436\u043d\u0456 \u0434\u0432\u0456 \u0433\u043e\u0434\u0438\u043d\u0438 \u043a\u0443\u0440\u0441\u0443\u0432\u0430\u0442\u0438\u043c\u0443\u0442\u044c \u043f\u043e\u0442\u044f\u0433\u0438. \u0422\u0430\u043a \u043f\u0430\u0441\u0430\u0436\u0438\u0440\u0438 \u0434\u0456\u0441\u0442\u0430\u0432\u0430\u0442\u0438\u043c\u0443\u0442\u044c\u0441\u044f \u041a\u044c\u043e\u043b\u044c\u043d\u0430 \u043d\u0430 10 \u0445\u0432\u0438\u043b\u0438\u043d \u0448\u0432\u0438\u0434\u0448\u0435. \u041a\u0440\u0456\u043c \u0442\u043e\u0433\u043e, \u043f\u043e\u0442\u044f\u0433\u0438 ICE \u0447\u0435\u0440\u0435\u0437 \u0414\u043e\u0440\u0442\u043c\u0443\u043d\u0434 \u0456 \u0414\u044e\u0441\u0441\u0435\u043b\u044c\u0434\u043e\u0440\u0444 \u043a\u0443\u0440\u0441\u0443\u0432\u0430\u0442\u0438\u043c\u0443\u0442\u044c \u043a\u043e\u0436\u043d\u0456 \u0434\u0432\u0456 \u0433\u043e\u0434\u0438\u043d\u0438 \u0437 \u0443\u0434\u0432\u0456\u0447\u0456 \u0431\u0456\u043b\u044c\u0448\u043e\u044e \u043c\u0456\u0441\u0442\u043a\u0456\u0441\u0442\u044e.<\/span><\/p>\n<p><span style=\"font-weight: 400;\">\u0414\u043e \u0413\u0430\u043d\u043d\u043e\u0432\u0435\u0440\u0443 \u0437 \u0411\u0435\u0440\u043b\u0456\u043d\u0430 \u043f\u043e\u0442\u044f\u0433\u0438 \u0442\u0435\u043f\u0435\u0440 \u0432\u0438\u0440\u0443\u0448\u0430\u0442\u0438\u043c\u0443\u0442\u044c \u0449\u043e\u043f\u0456\u0432\u0433\u043e\u0434\u0438\u043d\u0438. \u041c\u0456\u0436 \u041c\u044e\u043d\u0441\u0442\u0435\u0440\u043e\u043c \u0456 \u0411\u0435\u0440\u043b\u0456\u043d\u043e\u043c, \u044f\u043a \u0456 \u0440\u0430\u043d\u0456\u0448\u0435, \u0437\u0430\u043b\u0438\u0448\u0430\u0442\u044c\u0441\u044f \u0442\u0440\u0438 \u043f\u0440\u044f\u043c\u0438\u0445 \u0441\u043f\u043e\u043b\u0443\u0447\u0435\u043d\u043d\u044f \u043d\u0430 \u0434\u0435\u043d\u044c, \u0430\u043b\u0435 \u0442\u0435\u043f\u0435\u0440 \u0443\u0441\u0456 \u2013 ICE. \u041a\u0440\u0456\u043c \u0442\u043e\u0433\u043e, \u0431\u0456\u043b\u044c\u0448\u0435 \u043f\u043e\u0457\u0437\u0434\u0456\u0432 Sprinter \u043a\u0443\u0440\u0441\u0443\u0432\u0430\u0442\u0438\u043c\u0443\u0442\u044c \u043c\u0456\u0436 \u0411\u0435\u0440\u043b\u0456\u043d\u043e\u043c \u0456 \u0414\u0430\u0440\u043c\u0448\u0442\u0430\u0434\u0442\u043e\u043c \u0442\u0430 \u0424\u0440\u0430\u043d\u043a\u0444\u0443\u0440\u0442\u043e\u043c-\u043d\u0430-\u041c\u0430\u0439\u043d\u0456.<\/span><\/p>\n<h3><span style=\"font-weight: 400;\">\u0417\u043c\u0456\u043d\u0438 \u0443 \u043c\u0456\u0436\u043d\u0430\u0440\u043e\u0434\u043d\u0438\u0445 \u0441\u043f\u043e\u043b\u0443\u0447\u0435\u043d\u043d\u044f\u0445<\/span><\/h3>\n<p><span style=\"font-weight: 400;\">\u0427\u0430\u0441 \u0443 \u0434\u043e\u0440\u043e\u0437\u0456 \u043c\u0456\u0436 \u0411\u0435\u0440\u043b\u0456\u043d\u043e\u043c \u0442\u0430 \u0410\u043c\u0441\u0442\u0435\u0440\u0434\u0430\u043c\u043e\u043c \u0441\u043a\u043e\u0440\u043e\u0442\u0438\u0442\u044c\u0441\u044f \u043f\u0440\u0438\u0431\u043b\u0438\u0437\u043d\u043e \u043d\u0430 30 \u0445\u0432 \u2013 \u0437\u0430\u043b\u0456\u0437\u043d\u0438\u0446\u044f \u0431\u0456\u043b\u044c\u0448\u0435 \u043d\u0435 \u0437\u043c\u0456\u043d\u044e\u0432\u0430\u0442\u0438\u043c\u0435 \u043b\u043e\u043a\u043e\u043c\u043e\u0442\u0438\u0432\u0438 \u043d\u0430 \u043d\u0456\u043c\u0435\u0446\u044c\u043a\u043e-\u043d\u0456\u0434\u0435\u0440\u043b\u0430\u043d\u0434\u0441\u044c\u043a\u043e\u043c\u0443 \u043a\u043e\u0440\u0434\u043e\u043d\u0456. \u041a\u0440\u0456\u043c \u0442\u043e\u0433\u043e, \u0437&#8217;\u044f\u0432\u0438\u0442\u044c\u0441\u044f \u0440\u0430\u043d\u043a\u043e\u0432\u0438\u0439 \u043f\u043e\u0457\u0437\u0434, \u044f\u043a\u0438\u0439 \u0449\u043e\u043d\u0435\u0434\u0456\u043b\u0456 \u0432\u0438\u0440\u0443\u0448\u0430\u0442\u0438\u043c\u0435 \u0437 \u0411\u0435\u0440\u043b\u0456\u043d\u0430 \u0431\u043b\u0438\u0437\u044c\u043a\u043e 6-\u0457 \u0442\u0430 \u043f\u0440\u0438\u0431\u0443\u0432\u0430\u0442\u0438\u043c\u0435 \u0434\u043e \u0410\u043c\u0441\u0442\u0435\u0440\u0434\u0430\u043c\u0430 \u043e 12-\u0439 \u0433\u043e\u0434\u0438\u043d\u0456 \u0434\u043d\u044f.\u00a0<\/span><\/p>\n<p><span style=\"font-weight: 400;\">\u0412\u0436\u0435 \u0432\u0456\u0434 11 \u0433\u0440\u0443\u0434\u043d\u044f \u0437&#8217;\u044f\u0432\u0438\u0442\u044c\u0441\u044f \u0434\u0440\u0443\u0433\u0435 \u043f\u0440\u044f\u043c\u0435 \u043d\u0456\u0447\u043d\u0435 \u0437\u0430\u043b\u0456\u0437\u043d\u0438\u0447\u043d\u0435 \u0441\u043f\u043e\u043b\u0443\u0447\u0435\u043d\u043d\u044f \u043c\u0456\u0436 \u0411\u0435\u0440\u043b\u0456\u043d\u043e\u043c \u0442\u0430 \u0411\u0440\u044e\u0441\u0441\u0435\u043b\u0435\u043c, \u0439\u043e\u0433\u043e \u0437\u0434\u0456\u0439\u0441\u043d\u044e\u0432\u0430\u0442\u0438\u043c\u0435 \u0410\u0432\u0441\u0442\u0440\u0456\u0439\u0441\u044c\u043a\u0430 \u0437\u0430\u043b\u0456\u0437\u043d\u0438\u0446\u044f (\u00d6BB). Nightjet \u043a\u0443\u0440\u0441\u0443\u0432\u0430\u0442\u0438\u043c\u0435 \u0442\u0440\u0438\u0447\u0456 \u043d\u0430 \u0442\u0438\u0436\u0434\u0435\u043d\u044c. \u0412\u0456\u043d \u0432\u0456\u0434\u043f\u0440\u0430\u0432\u043b\u044f\u0442\u0438\u043c\u0435\u0442\u044c\u0441\u044f \u0437 \u0411\u0435\u0440\u043b\u0456\u043d\u0430 \u043e 20:18, \u0430 \u043f\u043e\u0442\u0456\u043c \u043f\u0440\u044f\u043c\u0443\u0432\u0430\u0442\u0438\u043c\u0435 \u0434\u043e \u041a\u044c\u043e\u043b\u044c\u043d\u0430, \u0410\u0430\u0445\u0435\u043d\u0430 \u0442\u0430 \u0411\u0440\u044e\u0441\u0441\u0435\u043b\u044f, \u0430 \u0442\u0430\u043a\u043e\u0436 \u0421\u0442\u0440\u0430\u0441\u0431\u0443\u0440\u0433\u0430 \u0442\u0430 \u041f\u0430\u0440\u0438\u0436\u0430. <\/span><\/p>\n","protected":false},"excerpt":{"rendered":"<p>Deutsche Bahn \u0440\u043e\u0437\u0448\u0438\u0440\u044e\u0454 \u0441\u0432\u043e\u0457 \u043f\u043e\u0441\u043b\u0443\u0433\u0438 \u0437 \u043d\u043e\u0432\u0438\u043c \u0437\u0438\u043c\u043e\u0432\u0438\u043c \u0440\u043e\u0437\u043a\u043b\u0430\u0434\u043e\u043c, \u044f\u043a\u0438\u0439 \u0437\u0430\u043f\u0440\u043e\u0432\u0430\u0434\u0436\u0443\u044e\u0442\u044c \u0432\u0436\u0435 \u0432\u0456\u0434 \u043d\u0435\u0434\u0456\u043b\u0456, 10 \u0433\u0440\u0443\u0434\u043d\u044f. \u0417\u043e\u043a\u0440\u0435\u043c\u0430 \u043f\u0430\u0441\u0430\u0436\u0438\u0440\u0438 \u0443 \u0411\u0435\u0440\u043b\u0456\u043d\u0456 \u043e\u0442\u0440\u0438\u043c\u0430\u044e\u0442\u044c \u0431\u0456\u043b\u044c\u0448\u0435 \u0441\u043f\u043e\u043b\u0443\u0447\u0435\u043d\u044c \u0442\u0430 \u043c\u0456\u0441\u0446\u044c \u0443 \u043f\u043e\u0457\u0437\u0434\u0430\u0445 \u0434\u0430\u043b\u0435\u043a\u043e\u0433\u043e \u043f\u0440\u044f\u043c\u0443\u0432\u0430\u043d\u043d\u044f.\u00a0 \u0423 \u043a\u043e\u043c\u043f\u0430\u043d\u0456\u0457 \u043e\u0431\u0456\u0446\u044f\u044e\u0442\u044c: \u043c\u0456\u0436\u043c\u0456\u0441\u044c\u043a\u0435 \u0441\u043f\u043e\u043b\u0443\u0447\u0435\u043d\u043d\u044f \u0441\u0442\u0430\u043d\u0435 \u0448\u0438\u0440\u0448\u0438\u043c \u0456 \u0448\u0432\u0438\u0434\u0448\u0438\u043c. \u0411\u0456\u043b\u044c\u0448 \u0442\u043e\u0433\u043e, \u043a\u0456\u043b\u044c\u043a\u0456\u0441\u0442\u044c \u043d\u0430\u043f\u0440\u044f\u043c\u043a\u0456\u0432 \u0441\u0442\u0430\u043d\u0435 \u043d\u043e\u0432\u0438\u043c \u0440\u0435\u043a\u043e\u0440\u0434\u043e\u043c \u043e\u0441\u0442\u0430\u043d\u043d\u0456\u0445 20 \u0440\u043e\u043a\u0456\u0432 \u0434\u043b\u044f \u043f\u0435\u0440\u0435\u0432\u0456\u0437\u043d\u0438\u043a\u0430. \u0423\u0434\u0432\u0456\u0447\u0456 \u0431\u0456\u043b\u044c\u0448\u0435 \u043f\u043e\u0442\u044f\u0433\u0456\u0432 \u043d\u0430 \u041c\u044e\u043d\u0445\u0435\u043d&#8230;  <a class=\"excerpt-read-more\" href=\"https:\/\/amalberlin.de\/ua\/2023\/12\/07\/deutsche-bahn-winter\/\" title=\"Read \u041d\u043e\u0432\u0438\u0439 \u0437\u0438\u043c\u043e\u0432\u0438\u0439 \u0440\u043e\u0437\u043a\u043b\u0430\u0434 \u0437\u0430\u043b\u0456\u0437\u043d\u0438\u0446\u0456: \u0431\u0456\u043b\u044c\u0448\u0435 \u0434\u043e \u041c\u044e\u043d\u0445\u0435\u043d\u0430, \u0448\u0432\u0438\u0434\u0448\u0435 \u0434\u043e \u0410\u043c\u0441\u0442\u0435\u0440\u0434\u0430\u043c\u0430\u00a0\">Read more &raquo;<\/a><\/p>\n","protected":false},"author":52,"featured_media":216984,"comment_status":"open","ping_status":"open","sticky":false,"template":"","format":"standard","meta":{"_acf_changed":false,"footnotes":""},"categories":[7478],"tags":[10057,7023,11287,10131,7438,11286,7688,7475,8213],"class_list":["post-216980","post","type-post","status-publish","format-standard","has-post-thumbnail","hentry","category-7478","tag-deutsche-bahn-ua","tag--ua","tag-11287","tag-10131","tag-7438","tag-11286","tag-7688","tag-7475","tag-8213"],"acf":[],"yoast_head":"<!-- This site is optimized with the Yoast SEO plugin v27.4 - https:\/\/yoast.com\/product\/yoast-seo-wordpress\/ -->\n<title>\u041d\u043e\u0432\u0438\u0439 \u0437\u0438\u043c\u043e\u0432\u0438\u0439 \u0440\u043e\u0437\u043a\u043b\u0430\u0434 \u0437\u0430\u043b\u0456\u0437\u043d\u0438\u0446\u0456: \u0431\u0456\u043b\u044c\u0448\u0435 \u0434\u043e \u041c\u044e\u043d\u0445\u0435\u043d\u0430, \u0448\u0432\u0438\u0434\u0448\u0435 \u0434\u043e \u0410\u043c\u0441\u0442\u0435\u0440\u0434\u0430\u043c\u0430\u00a0 - Amal, Berlin!<\/title>\n<meta name=\"description\" content=\"10 \u0433\u0440\u0443\u0434\u043d\u044f Deutsche Bahn \u0437\u0430\u043f\u0440\u043e\u0432\u0430\u0434\u0436\u0443\u0454 \u0437\u0438\u043c\u043e\u0432\u0438\u0439 \u0440\u043e\u0437\u043a\u043b\u0430\u0434. \u041f\u0430\u0441\u0430\u0436\u0438\u0440\u0438 \u0443 \u0411\u0435\u0440\u043b\u0456\u043d\u0456 \u043e\u0442\u0440\u0438\u043c\u0430\u044e\u0442\u044c \u0431\u0456\u043b\u044c\u0448\u0435 \u0441\u043f\u043e\u043b\u0443\u0447\u0435\u043d\u044c \u0442\u0430 \u043c\u0456\u0441\u0446\u044c \u0443 \u043f\u043e\u0457\u0437\u0434\u0430\u0445 \u0434\u0430\u043b\u0435\u043a\u043e\u0433\u043e \u043f\u0440\u044f\u043c\u0443\u0432\u0430\u043d\u043d\u044f.\u00a0\" \/>\n<meta name=\"robots\" content=\"index, follow, max-snippet:-1, max-image-preview:large, max-video-preview:-1\" \/>\n<link rel=\"canonical\" href=\"https:\/\/amalberlin.de\/ua\/2023\/12\/07\/deutsche-bahn-winter\/\" \/>\n<meta property=\"og:locale\" content=\"uk_UA\" \/>\n<meta property=\"og:type\" content=\"article\" \/>\n<meta property=\"og:title\" content=\"\u041d\u043e\u0432\u0438\u0439 \u0437\u0438\u043c\u043e\u0432\u0438\u0439 \u0440\u043e\u0437\u043a\u043b\u0430\u0434 \u0437\u0430\u043b\u0456\u0437\u043d\u0438\u0446\u0456: \u0431\u0456\u043b\u044c\u0448\u0435 \u0434\u043e \u041c\u044e\u043d\u0445\u0435\u043d\u0430, \u0448\u0432\u0438\u0434\u0448\u0435 \u0434\u043e \u0410\u043c\u0441\u0442\u0435\u0440\u0434\u0430\u043c\u0430\u00a0 - Amal, Berlin!\" \/>\n<meta property=\"og:description\" content=\"10 \u0433\u0440\u0443\u0434\u043d\u044f Deutsche Bahn \u0437\u0430\u043f\u0440\u043e\u0432\u0430\u0434\u0436\u0443\u0454 \u0437\u0438\u043c\u043e\u0432\u0438\u0439 \u0440\u043e\u0437\u043a\u043b\u0430\u0434. \u041f\u0430\u0441\u0430\u0436\u0438\u0440\u0438 \u0443 \u0411\u0435\u0440\u043b\u0456\u043d\u0456 \u043e\u0442\u0440\u0438\u043c\u0430\u044e\u0442\u044c \u0431\u0456\u043b\u044c\u0448\u0435 \u0441\u043f\u043e\u043b\u0443\u0447\u0435\u043d\u044c \u0442\u0430 \u043c\u0456\u0441\u0446\u044c \u0443 \u043f\u043e\u0457\u0437\u0434\u0430\u0445 \u0434\u0430\u043b\u0435\u043a\u043e\u0433\u043e \u043f\u0440\u044f\u043c\u0443\u0432\u0430\u043d\u043d\u044f.\u00a0\" \/>\n<meta property=\"og:url\" content=\"https:\/\/amalberlin.de\/ua\/2023\/12\/07\/deutsche-bahn-winter\/\" \/>\n<meta property=\"og:site_name\" content=\"Amal, Berlin!\" \/>\n<meta property=\"article:publisher\" content=\"https:\/\/www.facebook.com\/AmalBerlinNews\/\" \/>\n<meta property=\"article:published_time\" content=\"2023-12-07T16:19:16+00:00\" \/>\n<meta property=\"article:modified_time\" content=\"2023-12-14T08:25:10+00:00\" \/>\n<meta property=\"og:image\" content=\"https:\/\/amalberlin.de\/wp-content\/uploads\/sites\/3\/2023\/12\/yannes-kiefer-xf7GqtXW0s0-unsplash-1-scaled.jpg\" \/>\n\t<meta property=\"og:image:width\" content=\"1260\" \/>\n\t<meta property=\"og:image:height\" content=\"840\" \/>\n\t<meta property=\"og:image:type\" content=\"image\/jpeg\" \/>\n<meta name=\"author\" content=\"Ruzana Iemelianova\" \/>\n<meta name=\"twitter:card\" content=\"summary_large_image\" \/>\n<meta name=\"twitter:label1\" content=\"\u041d\u0430\u043f\u0438\u0441\u0430\u043d\u043e\" \/>\n\t<meta name=\"twitter:data1\" content=\"Ruzana Iemelianova\" \/>\n\t<meta name=\"twitter:label2\" content=\"\u041f\u0440\u0438\u0431\u043b. \u0447\u0430\u0441 \u0447\u0438\u0442\u0430\u043d\u043d\u044f\" \/>\n\t<meta name=\"twitter:data2\" content=\"2 \u0445\u0432\u0438\u043b\u0438\u043d\u0438\" \/>\n<script type=\"application\/ld+json\" class=\"yoast-schema-graph\">{\"@context\":\"https:\\\/\\\/schema.org\",\"@graph\":[{\"@type\":\"Article\",\"@id\":\"https:\\\/\\\/amalberlin.de\\\/ua\\\/2023\\\/12\\\/07\\\/deutsche-bahn-winter\\\/#article\",\"isPartOf\":{\"@id\":\"https:\\\/\\\/amalberlin.de\\\/ua\\\/2023\\\/12\\\/07\\\/deutsche-bahn-winter\\\/\"},\"author\":{\"name\":\"Ruzana Iemelianova\",\"@id\":\"https:\\\/\\\/amalberlin.de\\\/ua\\\/#\\\/schema\\\/person\\\/28969c6745ef0d0e51ca13266cf6a03e\"},\"headline\":\"\u041d\u043e\u0432\u0438\u0439 \u0437\u0438\u043c\u043e\u0432\u0438\u0439 \u0440\u043e\u0437\u043a\u043b\u0430\u0434 \u0437\u0430\u043b\u0456\u0437\u043d\u0438\u0446\u0456: \u0431\u0456\u043b\u044c\u0448\u0435 \u0434\u043e \u041c\u044e\u043d\u0445\u0435\u043d\u0430, \u0448\u0432\u0438\u0434\u0448\u0435 \u0434\u043e \u0410\u043c\u0441\u0442\u0435\u0440\u0434\u0430\u043c\u0430\u00a0\",\"datePublished\":\"2023-12-07T16:19:16+00:00\",\"dateModified\":\"2023-12-14T08:25:10+00:00\",\"mainEntityOfPage\":{\"@id\":\"https:\\\/\\\/amalberlin.de\\\/ua\\\/2023\\\/12\\\/07\\\/deutsche-bahn-winter\\\/\"},\"wordCount\":334,\"commentCount\":0,\"publisher\":{\"@id\":\"https:\\\/\\\/amalberlin.de\\\/ua\\\/#organization\"},\"image\":{\"@id\":\"https:\\\/\\\/amalberlin.de\\\/ua\\\/2023\\\/12\\\/07\\\/deutsche-bahn-winter\\\/#primaryimage\"},\"thumbnailUrl\":\"https:\\\/\\\/amalberlin.de\\\/wp-content\\\/uploads\\\/sites\\\/3\\\/2023\\\/12\\\/yannes-kiefer-xf7GqtXW0s0-unsplash-1-scaled.jpg\",\"keywords\":[\"Deutsche Bahn\",\"\u0411\u0435\u0440\u043b\u0456\u043d\",\"\u0437\u0438\u043c\u043e\u0432\u0438\u0439 \u0440\u043e\u0437\u043a\u043b\u0430\u0434 \u0437\u0430\u043b\u0456\u0437\u043d\u0438\u0446\u0456\",\"\u043d\u0456\u043c\u0435\u0446\u044c\u043a\u0430 \u0437\u0430\u043b\u0456\u0437\u043d\u0438\u0446\u044f\",\"\u041d\u0456\u043c\u0435\u0447\u0447\u0438\u043d\u0430\",\"\u0440\u043e\u0437\u043a\u043b\u0430\u0434\",\"\u0442\u0440\u0430\u043d\u0441\u043f\u043e\u0440\u0442\",\"\u0442\u0440\u0430\u043d\u0441\u043f\u043e\u0440\u0442 \u0431\u0435\u0440\u043b\u0456\u043d\",\"\u0442\u0440\u0430\u043d\u0441\u043f\u043e\u0440\u0442 \u0443 \u0431\u0435\u0440\u043b\u0456\u043d\u0456\"],\"articleSection\":[\"\u0422\u0440\u0430\u043d\u0441\u043f\u043e\u0440\u0442\"],\"inLanguage\":\"uk\",\"potentialAction\":[{\"@type\":\"CommentAction\",\"name\":\"Comment\",\"target\":[\"https:\\\/\\\/amalberlin.de\\\/ua\\\/2023\\\/12\\\/07\\\/deutsche-bahn-winter\\\/#respond\"]}]},{\"@type\":\"WebPage\",\"@id\":\"https:\\\/\\\/amalberlin.de\\\/ua\\\/2023\\\/12\\\/07\\\/deutsche-bahn-winter\\\/\",\"url\":\"https:\\\/\\\/amalberlin.de\\\/ua\\\/2023\\\/12\\\/07\\\/deutsche-bahn-winter\\\/\",\"name\":\"\u041d\u043e\u0432\u0438\u0439 \u0437\u0438\u043c\u043e\u0432\u0438\u0439 \u0440\u043e\u0437\u043a\u043b\u0430\u0434 \u0437\u0430\u043b\u0456\u0437\u043d\u0438\u0446\u0456: \u0431\u0456\u043b\u044c\u0448\u0435 \u0434\u043e \u041c\u044e\u043d\u0445\u0435\u043d\u0430, \u0448\u0432\u0438\u0434\u0448\u0435 \u0434\u043e \u0410\u043c\u0441\u0442\u0435\u0440\u0434\u0430\u043c\u0430\u00a0 - Amal, Berlin!\",\"isPartOf\":{\"@id\":\"https:\\\/\\\/amalberlin.de\\\/ua\\\/#website\"},\"primaryImageOfPage\":{\"@id\":\"https:\\\/\\\/amalberlin.de\\\/ua\\\/2023\\\/12\\\/07\\\/deutsche-bahn-winter\\\/#primaryimage\"},\"image\":{\"@id\":\"https:\\\/\\\/amalberlin.de\\\/ua\\\/2023\\\/12\\\/07\\\/deutsche-bahn-winter\\\/#primaryimage\"},\"thumbnailUrl\":\"https:\\\/\\\/amalberlin.de\\\/wp-content\\\/uploads\\\/sites\\\/3\\\/2023\\\/12\\\/yannes-kiefer-xf7GqtXW0s0-unsplash-1-scaled.jpg\",\"datePublished\":\"2023-12-07T16:19:16+00:00\",\"dateModified\":\"2023-12-14T08:25:10+00:00\",\"description\":\"10 \u0433\u0440\u0443\u0434\u043d\u044f Deutsche Bahn \u0437\u0430\u043f\u0440\u043e\u0432\u0430\u0434\u0436\u0443\u0454 \u0437\u0438\u043c\u043e\u0432\u0438\u0439 \u0440\u043e\u0437\u043a\u043b\u0430\u0434. \u041f\u0430\u0441\u0430\u0436\u0438\u0440\u0438 \u0443 \u0411\u0435\u0440\u043b\u0456\u043d\u0456 \u043e\u0442\u0440\u0438\u043c\u0430\u044e\u0442\u044c \u0431\u0456\u043b\u044c\u0448\u0435 \u0441\u043f\u043e\u043b\u0443\u0447\u0435\u043d\u044c \u0442\u0430 \u043c\u0456\u0441\u0446\u044c \u0443 \u043f\u043e\u0457\u0437\u0434\u0430\u0445 \u0434\u0430\u043b\u0435\u043a\u043e\u0433\u043e \u043f\u0440\u044f\u043c\u0443\u0432\u0430\u043d\u043d\u044f.\u00a0\",\"breadcrumb\":{\"@id\":\"https:\\\/\\\/amalberlin.de\\\/ua\\\/2023\\\/12\\\/07\\\/deutsche-bahn-winter\\\/#breadcrumb\"},\"inLanguage\":\"uk\",\"potentialAction\":[{\"@type\":\"ReadAction\",\"target\":[\"https:\\\/\\\/amalberlin.de\\\/ua\\\/2023\\\/12\\\/07\\\/deutsche-bahn-winter\\\/\"]}]},{\"@type\":\"ImageObject\",\"inLanguage\":\"uk\",\"@id\":\"https:\\\/\\\/amalberlin.de\\\/ua\\\/2023\\\/12\\\/07\\\/deutsche-bahn-winter\\\/#primaryimage\",\"url\":\"https:\\\/\\\/amalberlin.de\\\/wp-content\\\/uploads\\\/sites\\\/3\\\/2023\\\/12\\\/yannes-kiefer-xf7GqtXW0s0-unsplash-1-scaled.jpg\",\"contentUrl\":\"https:\\\/\\\/amalberlin.de\\\/wp-content\\\/uploads\\\/sites\\\/3\\\/2023\\\/12\\\/yannes-kiefer-xf7GqtXW0s0-unsplash-1-scaled.jpg\",\"width\":1260,\"height\":840},{\"@type\":\"BreadcrumbList\",\"@id\":\"https:\\\/\\\/amalberlin.de\\\/ua\\\/2023\\\/12\\\/07\\\/deutsche-bahn-winter\\\/#breadcrumb\",\"itemListElement\":[{\"@type\":\"ListItem\",\"position\":1,\"name\":\"Home\",\"item\":\"https:\\\/\\\/amalberlin.de\\\/ua\\\/\"},{\"@type\":\"ListItem\",\"position\":2,\"name\":\"\u041d\u043e\u0432\u0438\u0439 \u0437\u0438\u043c\u043e\u0432\u0438\u0439 \u0440\u043e\u0437\u043a\u043b\u0430\u0434 \u0437\u0430\u043b\u0456\u0437\u043d\u0438\u0446\u0456: \u0431\u0456\u043b\u044c\u0448\u0435 \u0434\u043e \u041c\u044e\u043d\u0445\u0435\u043d\u0430, \u0448\u0432\u0438\u0434\u0448\u0435 \u0434\u043e \u0410\u043c\u0441\u0442\u0435\u0440\u0434\u0430\u043c\u0430\u00a0\"}]},{\"@type\":\"WebSite\",\"@id\":\"https:\\\/\\\/amalberlin.de\\\/ua\\\/#website\",\"url\":\"https:\\\/\\\/amalberlin.de\\\/ua\\\/\",\"name\":\"Amal, Berlin!\",\"description\":\"\",\"publisher\":{\"@id\":\"https:\\\/\\\/amalberlin.de\\\/ua\\\/#organization\"},\"potentialAction\":[{\"@type\":\"SearchAction\",\"target\":{\"@type\":\"EntryPoint\",\"urlTemplate\":\"https:\\\/\\\/amalberlin.de\\\/ua\\\/?s={search_term_string}\"},\"query-input\":{\"@type\":\"PropertyValueSpecification\",\"valueRequired\":true,\"valueName\":\"search_term_string\"}}],\"inLanguage\":\"uk\"},{\"@type\":\"Organization\",\"@id\":\"https:\\\/\\\/amalberlin.de\\\/ua\\\/#organization\",\"name\":\"Amal, Berlin!\",\"url\":\"https:\\\/\\\/amalberlin.de\\\/ua\\\/\",\"logo\":{\"@type\":\"ImageObject\",\"inLanguage\":\"uk\",\"@id\":\"https:\\\/\\\/amalberlin.de\\\/ua\\\/#\\\/schema\\\/logo\\\/image\\\/\",\"url\":\"https:\\\/\\\/amalberlin.de\\\/wp-content\\\/uploads\\\/sites\\\/3\\\/2020\\\/09\\\/LOGO_AMAL-Berlin_Final-01.jpg\",\"contentUrl\":\"https:\\\/\\\/amalberlin.de\\\/wp-content\\\/uploads\\\/sites\\\/3\\\/2020\\\/09\\\/LOGO_AMAL-Berlin_Final-01.jpg\",\"width\":250,\"height\":220,\"caption\":\"Amal, Berlin!\"},\"image\":{\"@id\":\"https:\\\/\\\/amalberlin.de\\\/ua\\\/#\\\/schema\\\/logo\\\/image\\\/\"},\"sameAs\":[\"https:\\\/\\\/www.facebook.com\\\/AmalBerlinNews\\\/\",\"https:\\\/\\\/www.instagram.com\\\/amalberlin\\\/?hl=en\",\"https:\\\/\\\/www.youtube.com\\\/channel\\\/UCTDDzpr6EmhT1wLO0hszrrg\"]},{\"@type\":\"Person\",\"@id\":\"https:\\\/\\\/amalberlin.de\\\/ua\\\/#\\\/schema\\\/person\\\/28969c6745ef0d0e51ca13266cf6a03e\",\"name\":\"Ruzana Iemelianova\",\"image\":{\"@type\":\"ImageObject\",\"inLanguage\":\"uk\",\"@id\":\"https:\\\/\\\/amalberlin.de\\\/wp-content\\\/uploads\\\/sites\\\/3\\\/2023\\\/07\\\/photo_2023-07-13_07-43-001-125x125.jpg\",\"url\":\"https:\\\/\\\/amalberlin.de\\\/wp-content\\\/uploads\\\/sites\\\/3\\\/2023\\\/07\\\/photo_2023-07-13_07-43-001-125x125.jpg\",\"contentUrl\":\"https:\\\/\\\/amalberlin.de\\\/wp-content\\\/uploads\\\/sites\\\/3\\\/2023\\\/07\\\/photo_2023-07-13_07-43-001-125x125.jpg\",\"caption\":\"Ruzana Iemelianova\"},\"description\":\"Im Jahr 2012 hat Ruzana Iemelianova den Bachelor-Abschluss (Fachrichtung \u201cJournalismus\u201d) an der Nationalen Taras-Schewtschenko-Universit\u00e4t Kyiw absolviert. Seit mehr als 10 Jahren arbeitet sie als Journalistin und Redakteurin f\u00fcr mehrere ukrainische Medien gearbeitet. Zuletzt arbeitete sie in der Online-Redaktion des gr\u00f6\u00dften Medienkonzerns der Ukraine. Seit 1. Juni 2023 ist sie Teil des Teams von Amal, Hamburg!\",\"url\":\"https:\\\/\\\/amalberlin.de\\\/ua\\\/author\\\/ruzana-iemelianova\\\/\"}]}<\/script>\n<!-- \/ Yoast SEO plugin. -->","yoast_head_json":{"title":"\u041d\u043e\u0432\u0438\u0439 \u0437\u0438\u043c\u043e\u0432\u0438\u0439 \u0440\u043e\u0437\u043a\u043b\u0430\u0434 \u0437\u0430\u043b\u0456\u0437\u043d\u0438\u0446\u0456: \u0431\u0456\u043b\u044c\u0448\u0435 \u0434\u043e \u041c\u044e\u043d\u0445\u0435\u043d\u0430, \u0448\u0432\u0438\u0434\u0448\u0435 \u0434\u043e \u0410\u043c\u0441\u0442\u0435\u0440\u0434\u0430\u043c\u0430\u00a0 - Amal, Berlin!","description":"10 \u0433\u0440\u0443\u0434\u043d\u044f Deutsche Bahn \u0437\u0430\u043f\u0440\u043e\u0432\u0430\u0434\u0436\u0443\u0454 \u0437\u0438\u043c\u043e\u0432\u0438\u0439 \u0440\u043e\u0437\u043a\u043b\u0430\u0434. \u041f\u0430\u0441\u0430\u0436\u0438\u0440\u0438 \u0443 \u0411\u0435\u0440\u043b\u0456\u043d\u0456 \u043e\u0442\u0440\u0438\u043c\u0430\u044e\u0442\u044c \u0431\u0456\u043b\u044c\u0448\u0435 \u0441\u043f\u043e\u043b\u0443\u0447\u0435\u043d\u044c \u0442\u0430 \u043c\u0456\u0441\u0446\u044c \u0443 \u043f\u043e\u0457\u0437\u0434\u0430\u0445 \u0434\u0430\u043b\u0435\u043a\u043e\u0433\u043e \u043f\u0440\u044f\u043c\u0443\u0432\u0430\u043d\u043d\u044f.\u00a0","robots":{"index":"index","follow":"follow","max-snippet":"max-snippet:-1","max-image-preview":"max-image-preview:large","max-video-preview":"max-video-preview:-1"},"canonical":"https:\/\/amalberlin.de\/ua\/2023\/12\/07\/deutsche-bahn-winter\/","og_locale":"uk_UA","og_type":"article","og_title":"\u041d\u043e\u0432\u0438\u0439 \u0437\u0438\u043c\u043e\u0432\u0438\u0439 \u0440\u043e\u0437\u043a\u043b\u0430\u0434 \u0437\u0430\u043b\u0456\u0437\u043d\u0438\u0446\u0456: \u0431\u0456\u043b\u044c\u0448\u0435 \u0434\u043e \u041c\u044e\u043d\u0445\u0435\u043d\u0430, \u0448\u0432\u0438\u0434\u0448\u0435 \u0434\u043e \u0410\u043c\u0441\u0442\u0435\u0440\u0434\u0430\u043c\u0430\u00a0 - Amal, Berlin!","og_description":"10 \u0433\u0440\u0443\u0434\u043d\u044f Deutsche Bahn \u0437\u0430\u043f\u0440\u043e\u0432\u0430\u0434\u0436\u0443\u0454 \u0437\u0438\u043c\u043e\u0432\u0438\u0439 \u0440\u043e\u0437\u043a\u043b\u0430\u0434. \u041f\u0430\u0441\u0430\u0436\u0438\u0440\u0438 \u0443 \u0411\u0435\u0440\u043b\u0456\u043d\u0456 \u043e\u0442\u0440\u0438\u043c\u0430\u044e\u0442\u044c \u0431\u0456\u043b\u044c\u0448\u0435 \u0441\u043f\u043e\u043b\u0443\u0447\u0435\u043d\u044c \u0442\u0430 \u043c\u0456\u0441\u0446\u044c \u0443 \u043f\u043e\u0457\u0437\u0434\u0430\u0445 \u0434\u0430\u043b\u0435\u043a\u043e\u0433\u043e \u043f\u0440\u044f\u043c\u0443\u0432\u0430\u043d\u043d\u044f.\u00a0","og_url":"https:\/\/amalberlin.de\/ua\/2023\/12\/07\/deutsche-bahn-winter\/","og_site_name":"Amal, Berlin!","article_publisher":"https:\/\/www.facebook.com\/AmalBerlinNews\/","article_published_time":"2023-12-07T16:19:16+00:00","article_modified_time":"2023-12-14T08:25:10+00:00","og_image":[{"width":1260,"height":840,"url":"https:\/\/amalberlin.de\/wp-content\/uploads\/sites\/3\/2023\/12\/yannes-kiefer-xf7GqtXW0s0-unsplash-1-scaled.jpg","type":"image\/jpeg"}],"author":"Ruzana Iemelianova","twitter_card":"summary_large_image","twitter_misc":{"\u041d\u0430\u043f\u0438\u0441\u0430\u043d\u043e":"Ruzana Iemelianova","\u041f\u0440\u0438\u0431\u043b. \u0447\u0430\u0441 \u0447\u0438\u0442\u0430\u043d\u043d\u044f":"2 \u0445\u0432\u0438\u043b\u0438\u043d\u0438"},"schema":{"@context":"https:\/\/schema.org","@graph":[{"@type":"Article","@id":"https:\/\/amalberlin.de\/ua\/2023\/12\/07\/deutsche-bahn-winter\/#article","isPartOf":{"@id":"https:\/\/amalberlin.de\/ua\/2023\/12\/07\/deutsche-bahn-winter\/"},"author":{"name":"Ruzana Iemelianova","@id":"https:\/\/amalberlin.de\/ua\/#\/schema\/person\/28969c6745ef0d0e51ca13266cf6a03e"},"headline":"\u041d\u043e\u0432\u0438\u0439 \u0437\u0438\u043c\u043e\u0432\u0438\u0439 \u0440\u043e\u0437\u043a\u043b\u0430\u0434 \u0437\u0430\u043b\u0456\u0437\u043d\u0438\u0446\u0456: \u0431\u0456\u043b\u044c\u0448\u0435 \u0434\u043e \u041c\u044e\u043d\u0445\u0435\u043d\u0430, \u0448\u0432\u0438\u0434\u0448\u0435 \u0434\u043e \u0410\u043c\u0441\u0442\u0435\u0440\u0434\u0430\u043c\u0430\u00a0","datePublished":"2023-12-07T16:19:16+00:00","dateModified":"2023-12-14T08:25:10+00:00","mainEntityOfPage":{"@id":"https:\/\/amalberlin.de\/ua\/2023\/12\/07\/deutsche-bahn-winter\/"},"wordCount":334,"commentCount":0,"publisher":{"@id":"https:\/\/amalberlin.de\/ua\/#organization"},"image":{"@id":"https:\/\/amalberlin.de\/ua\/2023\/12\/07\/deutsche-bahn-winter\/#primaryimage"},"thumbnailUrl":"https:\/\/amalberlin.de\/wp-content\/uploads\/sites\/3\/2023\/12\/yannes-kiefer-xf7GqtXW0s0-unsplash-1-scaled.jpg","keywords":["Deutsche Bahn","\u0411\u0435\u0440\u043b\u0456\u043d","\u0437\u0438\u043c\u043e\u0432\u0438\u0439 \u0440\u043e\u0437\u043a\u043b\u0430\u0434 \u0437\u0430\u043b\u0456\u0437\u043d\u0438\u0446\u0456","\u043d\u0456\u043c\u0435\u0446\u044c\u043a\u0430 \u0437\u0430\u043b\u0456\u0437\u043d\u0438\u0446\u044f","\u041d\u0456\u043c\u0435\u0447\u0447\u0438\u043d\u0430","\u0440\u043e\u0437\u043a\u043b\u0430\u0434","\u0442\u0440\u0430\u043d\u0441\u043f\u043e\u0440\u0442","\u0442\u0440\u0430\u043d\u0441\u043f\u043e\u0440\u0442 \u0431\u0435\u0440\u043b\u0456\u043d","\u0442\u0440\u0430\u043d\u0441\u043f\u043e\u0440\u0442 \u0443 \u0431\u0435\u0440\u043b\u0456\u043d\u0456"],"articleSection":["\u0422\u0440\u0430\u043d\u0441\u043f\u043e\u0440\u0442"],"inLanguage":"uk","potentialAction":[{"@type":"CommentAction","name":"Comment","target":["https:\/\/amalberlin.de\/ua\/2023\/12\/07\/deutsche-bahn-winter\/#respond"]}]},{"@type":"WebPage","@id":"https:\/\/amalberlin.de\/ua\/2023\/12\/07\/deutsche-bahn-winter\/","url":"https:\/\/amalberlin.de\/ua\/2023\/12\/07\/deutsche-bahn-winter\/","name":"\u041d\u043e\u0432\u0438\u0439 \u0437\u0438\u043c\u043e\u0432\u0438\u0439 \u0440\u043e\u0437\u043a\u043b\u0430\u0434 \u0437\u0430\u043b\u0456\u0437\u043d\u0438\u0446\u0456: \u0431\u0456\u043b\u044c\u0448\u0435 \u0434\u043e \u041c\u044e\u043d\u0445\u0435\u043d\u0430, \u0448\u0432\u0438\u0434\u0448\u0435 \u0434\u043e \u0410\u043c\u0441\u0442\u0435\u0440\u0434\u0430\u043c\u0430\u00a0 - Amal, Berlin!","isPartOf":{"@id":"https:\/\/amalberlin.de\/ua\/#website"},"primaryImageOfPage":{"@id":"https:\/\/amalberlin.de\/ua\/2023\/12\/07\/deutsche-bahn-winter\/#primaryimage"},"image":{"@id":"https:\/\/amalberlin.de\/ua\/2023\/12\/07\/deutsche-bahn-winter\/#primaryimage"},"thumbnailUrl":"https:\/\/amalberlin.de\/wp-content\/uploads\/sites\/3\/2023\/12\/yannes-kiefer-xf7GqtXW0s0-unsplash-1-scaled.jpg","datePublished":"2023-12-07T16:19:16+00:00","dateModified":"2023-12-14T08:25:10+00:00","description":"10 \u0433\u0440\u0443\u0434\u043d\u044f Deutsche Bahn \u0437\u0430\u043f\u0440\u043e\u0432\u0430\u0434\u0436\u0443\u0454 \u0437\u0438\u043c\u043e\u0432\u0438\u0439 \u0440\u043e\u0437\u043a\u043b\u0430\u0434. \u041f\u0430\u0441\u0430\u0436\u0438\u0440\u0438 \u0443 \u0411\u0435\u0440\u043b\u0456\u043d\u0456 \u043e\u0442\u0440\u0438\u043c\u0430\u044e\u0442\u044c \u0431\u0456\u043b\u044c\u0448\u0435 \u0441\u043f\u043e\u043b\u0443\u0447\u0435\u043d\u044c \u0442\u0430 \u043c\u0456\u0441\u0446\u044c \u0443 \u043f\u043e\u0457\u0437\u0434\u0430\u0445 \u0434\u0430\u043b\u0435\u043a\u043e\u0433\u043e \u043f\u0440\u044f\u043c\u0443\u0432\u0430\u043d\u043d\u044f.\u00a0","breadcrumb":{"@id":"https:\/\/amalberlin.de\/ua\/2023\/12\/07\/deutsche-bahn-winter\/#breadcrumb"},"inLanguage":"uk","potentialAction":[{"@type":"ReadAction","target":["https:\/\/amalberlin.de\/ua\/2023\/12\/07\/deutsche-bahn-winter\/"]}]},{"@type":"ImageObject","inLanguage":"uk","@id":"https:\/\/amalberlin.de\/ua\/2023\/12\/07\/deutsche-bahn-winter\/#primaryimage","url":"https:\/\/amalberlin.de\/wp-content\/uploads\/sites\/3\/2023\/12\/yannes-kiefer-xf7GqtXW0s0-unsplash-1-scaled.jpg","contentUrl":"https:\/\/amalberlin.de\/wp-content\/uploads\/sites\/3\/2023\/12\/yannes-kiefer-xf7GqtXW0s0-unsplash-1-scaled.jpg","width":1260,"height":840},{"@type":"BreadcrumbList","@id":"https:\/\/amalberlin.de\/ua\/2023\/12\/07\/deutsche-bahn-winter\/#breadcrumb","itemListElement":[{"@type":"ListItem","position":1,"name":"Home","item":"https:\/\/amalberlin.de\/ua\/"},{"@type":"ListItem","position":2,"name":"\u041d\u043e\u0432\u0438\u0439 \u0437\u0438\u043c\u043e\u0432\u0438\u0439 \u0440\u043e\u0437\u043a\u043b\u0430\u0434 \u0437\u0430\u043b\u0456\u0437\u043d\u0438\u0446\u0456: \u0431\u0456\u043b\u044c\u0448\u0435 \u0434\u043e \u041c\u044e\u043d\u0445\u0435\u043d\u0430, \u0448\u0432\u0438\u0434\u0448\u0435 \u0434\u043e \u0410\u043c\u0441\u0442\u0435\u0440\u0434\u0430\u043c\u0430\u00a0"}]},{"@type":"WebSite","@id":"https:\/\/amalberlin.de\/ua\/#website","url":"https:\/\/amalberlin.de\/ua\/","name":"Amal, Berlin!","description":"","publisher":{"@id":"https:\/\/amalberlin.de\/ua\/#organization"},"potentialAction":[{"@type":"SearchAction","target":{"@type":"EntryPoint","urlTemplate":"https:\/\/amalberlin.de\/ua\/?s={search_term_string}"},"query-input":{"@type":"PropertyValueSpecification","valueRequired":true,"valueName":"search_term_string"}}],"inLanguage":"uk"},{"@type":"Organization","@id":"https:\/\/amalberlin.de\/ua\/#organization","name":"Amal, Berlin!","url":"https:\/\/amalberlin.de\/ua\/","logo":{"@type":"ImageObject","inLanguage":"uk","@id":"https:\/\/amalberlin.de\/ua\/#\/schema\/logo\/image\/","url":"https:\/\/amalberlin.de\/wp-content\/uploads\/sites\/3\/2020\/09\/LOGO_AMAL-Berlin_Final-01.jpg","contentUrl":"https:\/\/amalberlin.de\/wp-content\/uploads\/sites\/3\/2020\/09\/LOGO_AMAL-Berlin_Final-01.jpg","width":250,"height":220,"caption":"Amal, Berlin!"},"image":{"@id":"https:\/\/amalberlin.de\/ua\/#\/schema\/logo\/image\/"},"sameAs":["https:\/\/www.facebook.com\/AmalBerlinNews\/","https:\/\/www.instagram.com\/amalberlin\/?hl=en","https:\/\/www.youtube.com\/channel\/UCTDDzpr6EmhT1wLO0hszrrg"]},{"@type":"Person","@id":"https:\/\/amalberlin.de\/ua\/#\/schema\/person\/28969c6745ef0d0e51ca13266cf6a03e","name":"Ruzana Iemelianova","image":{"@type":"ImageObject","inLanguage":"uk","@id":"https:\/\/amalberlin.de\/wp-content\/uploads\/sites\/3\/2023\/07\/photo_2023-07-13_07-43-001-125x125.jpg","url":"https:\/\/amalberlin.de\/wp-content\/uploads\/sites\/3\/2023\/07\/photo_2023-07-13_07-43-001-125x125.jpg","contentUrl":"https:\/\/amalberlin.de\/wp-content\/uploads\/sites\/3\/2023\/07\/photo_2023-07-13_07-43-001-125x125.jpg","caption":"Ruzana Iemelianova"},"description":"Im Jahr 2012 hat Ruzana Iemelianova den Bachelor-Abschluss (Fachrichtung \u201cJournalismus\u201d) an der Nationalen Taras-Schewtschenko-Universit\u00e4t Kyiw absolviert. Seit mehr als 10 Jahren arbeitet sie als Journalistin und Redakteurin f\u00fcr mehrere ukrainische Medien gearbeitet. Zuletzt arbeitete sie in der Online-Redaktion des gr\u00f6\u00dften Medienkonzerns der Ukraine. Seit 1. Juni 2023 ist sie Teil des Teams von Amal, Hamburg!","url":"https:\/\/amalberlin.de\/ua\/author\/ruzana-iemelianova\/"}]}},"_links":{"self":[{"href":"https:\/\/amalberlin.de\/ua\/wp-json\/wp\/v2\/posts\/216980","targetHints":{"allow":["GET"]}}],"collection":[{"href":"https:\/\/amalberlin.de\/ua\/wp-json\/wp\/v2\/posts"}],"about":[{"href":"https:\/\/amalberlin.de\/ua\/wp-json\/wp\/v2\/types\/post"}],"author":[{"embeddable":true,"href":"https:\/\/amalberlin.de\/ua\/wp-json\/wp\/v2\/users\/52"}],"replies":[{"embeddable":true,"href":"https:\/\/amalberlin.de\/ua\/wp-json\/wp\/v2\/comments?post=216980"}],"version-history":[{"count":2,"href":"https:\/\/amalberlin.de\/ua\/wp-json\/wp\/v2\/posts\/216980\/revisions"}],"predecessor-version":[{"id":216988,"href":"https:\/\/amalberlin.de\/ua\/wp-json\/wp\/v2\/posts\/216980\/revisions\/216988"}],"wp:featuredmedia":[{"embeddable":true,"href":"https:\/\/amalberlin.de\/ua\/wp-json\/wp\/v2\/media\/216984"}],"wp:attachment":[{"href":"https:\/\/amalberlin.de\/ua\/wp-json\/wp\/v2\/media?parent=216980"}],"wp:term":[{"taxonomy":"category","embeddable":true,"href":"https:\/\/amalberlin.de\/ua\/wp-json\/wp\/v2\/categories?post=216980"},{"taxonomy":"post_tag","embeddable":true,"href":"https:\/\/amalberlin.de\/ua\/wp-json\/wp\/v2\/tags?post=216980"}],"curies":[{"name":"wp","href":"https:\/\/api.w.org\/{rel}","templated":true}]}}