{"id":206755,"date":"2023-09-19T17:20:38","date_gmt":"2023-09-19T15:20:38","guid":{"rendered":"https:\/\/amalberlin.de\/?p=206755"},"modified":"2023-09-20T16:15:40","modified_gmt":"2023-09-20T14:15:40","slug":"ukraine-at-the-filmfest-hamburg","status":"publish","type":"post","link":"https:\/\/amalberlin.de\/ua\/2023\/09\/19\/ukraine-at-the-filmfest-hamburg\/","title":{"rendered":"7 \u0443\u043a\u0440\u0430\u0457\u043d\u0441\u044c\u043a\u0438\u0445 \u0444\u0456\u043b\u044c\u043c\u0456\u0432 \u0437\u043c\u0430\u0433\u0430\u0442\u0438\u043c\u0443\u0442\u044c\u0441\u044f \u0437\u0430 100 \u0442\u0438\u0441. \u0433\u0440\u043d \u043d\u0430 \u0413\u0430\u043c\u0431\u0443\u0440\u0437\u044c\u043a\u043e\u043c\u0443 \u043a\u0456\u043d\u043e\u0444\u0435\u0441\u0442\u0438\u0432\u0430\u043b\u0456: \u0432\u0441\u0456 \u0434\u0435\u0442\u0430\u043b\u0456"},"content":{"rendered":"<p><span style=\"font-weight: 400;\">\u0423 \u0413\u0430\u043c\u0431\u0443\u0440\u0437\u0456 \u0437 28 \u0432\u0435\u0440\u0435\u0441\u043d\u044f \u0434\u043e 7 \u0436\u043e\u0432\u0442\u043d\u044f \u0442\u0440\u0438\u0432\u0430\u0442\u0438\u043c\u0435 <\/span><span style=\"font-weight: 400;\">\u043d\u0430\u0439\u0431\u0456\u043b\u044c\u0448\u0438\u0439 \u0444\u0435\u0441\u0442\u0438\u0432\u0430\u043b\u044c \u0443 \u0440\u0435\u0433\u0456\u043e\u043d\u0456 \u0439 \u043e\u0434\u0438\u043d \u0456\u0437 \u043f\u0440\u043e\u0432\u0456\u0434\u043d\u0438\u0445 \u043a\u0456\u043d\u043e\u0444\u0435\u0441\u0442\u0438\u0432\u0430\u043b\u0456\u0432 \u0443 \u041d\u0456\u043c\u0435\u0447\u0447\u0438\u043d\u0456 <\/span><a href=\"https:\/\/www.filmfesthamburg.de\/ffhh-programm\/?tag=55#program\" target=\"_blank\" rel=\"noopener\"><b>Filmfest Hamburg-2023<\/b><\/a><span style=\"font-weight: 400;\">. \u0423 \u043a\u043e\u043d\u043a\u0443\u0440\u0441\u043d\u0456\u0439 \u043f\u0440\u043e\u0433\u0440\u0430\u043c\u0456 \u0431\u0435\u0440\u0443\u0442\u044c \u0443\u0447\u0430\u0441\u0442\u044c 7 \u0443\u043a\u0440\u0430\u0457\u043d\u0441\u044c\u043a\u0438\u0445 \u0445\u0443\u0434\u043e\u0436\u043d\u0456\u0445 \u0444\u0456\u043b\u044c\u043c\u0456\u0432, \u044f\u043a\u0456 \u043f\u0440\u0435\u0434\u0441\u0442\u0430\u0432\u043b\u044f\u0454 <\/span><span style=\"font-weight: 400;\">\u041a\u0438\u0457\u0432\u0441\u044c\u043a\u0438\u0439 \u043c\u0456\u0436\u043d\u0430\u0440\u043e\u0434\u043d\u0438\u0439 \u043a\u0456\u043d\u043e\u0444\u0435\u0441\u0442\u0438\u0432\u0430\u043b\u044c \u201c\u041c\u043e\u043b\u043e\u0434\u0456\u0441\u0442\u044c\u201d. \u0421\u0442\u0440\u0456\u0447\u043a\u0438 \u0437\u043c\u0430\u0433\u0430\u0442\u0438\u043c\u0443\u0442\u044c\u0441\u044f \u0437\u0430 \u043d\u0430\u0433\u043e\u0440\u043e\u0434\u0443 \u201c\u0421\u043a\u0456\u0444\u0441\u044c\u043a\u0438\u0439 \u043e\u043b\u0435\u043d\u044c\u201d \u0456 \u0433\u0440\u043e\u0448\u043e\u0432\u0438\u0439 \u043f\u0440\u0438\u0437 \u0443 \u0440\u043e\u0437\u043c\u0456\u0440\u0456 100 \u0442\u0438\u0441. \u0433\u0440\u043d.<\/span><\/p>\n<p><span style=\"font-weight: 400;\"><strong>\u0414\u043e \u0436\u0443\u0440\u0456 \u0443\u0432\u0456\u0439\u0448\u043b\u0438:<\/strong> \u0443\u043a\u0440\u0430\u0457\u043d\u0441\u044c\u043a\u043e-\u043d\u0456\u043c\u0435\u0446\u044c\u043a\u0430 \u0430\u043a\u0442\u043e\u0440\u043a\u0430 \u0410\u043b\u0456\u043d\u0430 \u041b\u0435\u0432\u0448\u0438\u043d, \u0430\u0432\u0441\u0442\u0440\u0456\u0439\u0441\u044c\u043a\u0438\u0439 \u0440\u0435\u0436\u0438\u0441\u0435\u0440 \u0414\u0430\u0432\u0456\u0434 \u0412\u0430\u0491\u043d\u0435\u0440 \u0442\u0430 \u0443\u043a\u0440\u0430\u0457\u043d\u0441\u044c\u043a\u0430 \u0434\u043e\u043a\u0442\u043e\u0440\u043a\u0430 \u043f\u0441\u0438\u0445\u043e\u043b\u043e\u0433\u0456\u0457 \u0421\u0432\u0456\u0442\u043b\u0430\u043d\u0430 \u0423\u0432\u0430\u0440\u043e\u0432\u0430. \u041f\u0440\u043e \u0446\u0435 <a href=\"https:\/\/usfa.gov.ua\/press-center\/nacionalnyjj-povnometrazhnyjj-konkurs-molodosti-znovu-v-gamburzi-i13288\" target=\"_blank\" rel=\"noopener\"><strong>\u043f\u043e\u0432\u0456\u0434\u043e\u043c\u043b\u044f\u0454<\/strong> <\/a>\u0414\u0435\u0440\u0436\u043a\u0456\u043d\u043e.<\/span><\/p>\n<p><span style=\"font-weight: 400;\">\u0417\u0430\u043a\u0440\u0438\u0432\u0430\u0442\u0438\u043c\u0435 \u0443\u043a\u0440\u0430\u0457\u043d\u0441\u044c\u043a\u0443 \u043f\u0440\u043e\u0433\u0440\u0430\u043c\u0443 <\/span><span style=\"font-weight: 400;\">Filmfest Hamburg <\/span><span style=\"font-weight: 400;\">\u043f\u043e\u0437\u0430\u043a\u043e\u043d\u043a\u0443\u0440\u0441\u043d\u0438\u0439 \u043f\u043e\u043a\u0430\u0437 \u0434\u043e\u043a\u0443\u043c\u0435\u043d\u0442\u0430\u043b\u044c\u043d\u043e\u0433\u043e \u0444\u0456\u043b\u044c\u043c\u0443 \u0412\u043e\u043b\u043e\u0434\u0438\u043c\u0438\u0440\u0430 \u0422\u0438\u0445\u043e\u0433\u043e <strong>&#8220;\u0414\u0435\u043d\u044c \u041d\u0435\u0437\u0430\u043b\u0435\u0436\u043d\u043e\u0441\u0442\u0456&#8221;<\/strong>. \u041f\u0440\u043e \u0449\u043e \u0444\u0456\u043b\u044c\u043c\u0438, \u043a\u043e\u043b\u0438 \u0432\u0456\u0434\u0431\u0443\u0434\u0443\u0442\u044c\u0441\u044f \u0441\u0435\u0430\u043d\u0441\u0438 \u0442\u0430 \u044f\u043a \u043f\u0440\u0438\u0434\u0431\u0430\u0442\u0438 \u043a\u0432\u0438\u0442\u043a\u0438 \u0434\u0456\u0437\u043d\u0430\u0432\u0430\u043b\u0430\u0441\u044f \u041e\u043b\u0435\u043d\u0430 \u041c\u0435\u043b\u044c\u043d\u0438\u043a.\u00a0\u00a0<\/span><\/p>\n<h2><b>1. <a href=\"https:\/\/www.filmfesthamburg.de\/film\/%d1%8f-%d0%bd%d1%96%d0%bd%d0%b0\/\" target=\"_blank\" rel=\"noopener\">\u201c\u042f, \u041d\u0456\u043d\u0430\u201d<\/a> (<\/b><b>Lucky Girl<\/b><b>)<\/b><\/h2>\n<p><span style=\"font-weight: 400;\">\u0420\u0435\u0436\u0438\u0441\u0435\u0440\u043a\u0430 \u2013 \u041c\u0430\u0440\u0438\u0441\u044f \u041d\u0456\u043a\u0456\u0442\u044e\u043a. <\/span><span style=\"font-weight: 400;\">\u0413\u043e\u043b\u043e\u0432\u043d\u0430 \u0433\u0435\u0440\u043e\u0457\u043d\u044f <\/span><span style=\"font-weight: 400;\">\u2013 <\/span><span style=\"font-weight: 400;\">\u043a\u0440\u0430\u0441\u0438\u0432\u0430 \u0442\u0430 \u0443\u0441\u043f\u0456\u0448\u043d\u0430 \u0442\u0435\u043b\u0435\u0432\u0435\u0434\u0443\u0447\u0430 \u041d\u0456\u043d\u0430 \u0421\u043e\u043a\u0456\u043b, \u043f\u0440\u043e\u0442\u043e\u0442\u0438\u043f\u043e\u043c \u044f\u043a\u043e\u0457 \u0454 \u0436\u0443\u0440\u043d\u0430\u043b\u0456\u0441\u0442\u043a\u0430 \u042f\u043d\u0456\u043d\u0430 \u0421\u043e\u043a\u043e\u043b\u043e\u0432\u0430. \u0421\u0430\u043c\u0435 \u0457\u0457 \u043e\u0441\u043e\u0431\u0438\u0441\u0442\u0430 \u0456\u0441\u0442\u043e\u0440\u0456\u044f \u0441\u0442\u0430\u043b\u0430 \u043d\u0430\u0442\u0445\u043d\u0435\u043d\u043d\u044f\u043c \u0434\u043b\u044f \u0441\u0442\u0432\u043e\u0440\u0435\u043d\u043d\u044f \u0444\u0456\u043b\u044c\u043c\u0443. \u0412 \u043e\u0434\u043d\u0443 \u043c\u0438\u0442\u044c \u0444\u0430\u0442\u0430\u043b\u044c\u043d\u0430 \u043d\u043e\u0432\u0438\u043d\u0430 \u043f\u0440\u043e \u0440\u0430\u043a \u0440\u0443\u0439\u043d\u0443\u0454 \u0432\u0441\u0435, \u0434\u043e \u0447\u043e\u0433\u043e \u041d\u0456\u043d\u0430 \u0442\u0430\u043a \u0434\u043e\u0432\u0433\u043e \u0439\u0448\u043b\u0430. \u0410\u043b\u0435 \u0445\u0432\u043e\u0440\u043e\u0431\u0430 \u0437\u043c\u0443\u0441\u0438\u0442\u044c \u0457\u0457 \u0437\u0440\u043e\u0437\u0443\u043c\u0456\u0442\u0438, \u0445\u0442\u043e \u0432\u043e\u043d\u0430 \u043d\u0430\u0441\u043f\u0440\u0430\u0432\u0434\u0456, \u0456 \u0449\u043e \u0454 \u043d\u0430\u0439\u0432\u0430\u0436\u043b\u0438\u0432\u0456\u0448\u0438\u043c \u0443 \u0436\u0438\u0442\u0442\u0456.<\/span><\/p>\n<p><b>\u041f\u043e\u043a\u0430\u0437 \u0432\u0456\u0434\u0431\u0443\u0434\u0435\u0442\u044c\u0441\u044f 5 \u0436\u043e\u0432\u0442\u043d\u044f \u043e 18:45.<\/b><\/p>\n<p><b>\u041a\u0432\u0438\u0442\u043a\u0438 <a href=\"https:\/\/filmfest-hamburg.reservix.de\/p\/reservix\/event\/2153351\" target=\"_blank\" rel=\"noopener\">\u0442\u0443\u0442.<\/a><\/b><span style=\"font-weight: 400;\"> \u00a0<\/span><\/p>\n<div id=\"attachment_206761\" style=\"width: 1270px\" class=\"wp-caption alignnone\"><img loading=\"lazy\" decoding=\"async\" aria-describedby=\"caption-attachment-206761\" class=\"wp-image-206761 size-full\" src=\"https:\/\/amalberlin.de\/wp-content\/uploads\/sites\/3\/2023\/09\/f_15439-scaled.jpg\" alt=\"\u0424\u0456\u043b\u044c\u043c \u201c\u042f, \u041d\u0456\u043d\u0430\u201d \" width=\"1260\" height=\"709\" srcset=\"https:\/\/amalberlin.de\/wp-content\/uploads\/sites\/3\/2023\/09\/f_15439-scaled.jpg 1260w, https:\/\/amalberlin.de\/wp-content\/uploads\/sites\/3\/2023\/09\/f_15439-300x169.jpg 300w, https:\/\/amalberlin.de\/wp-content\/uploads\/sites\/3\/2023\/09\/f_15439-1024x576.jpg 1024w, https:\/\/amalberlin.de\/wp-content\/uploads\/sites\/3\/2023\/09\/f_15439-768x432.jpg 768w, https:\/\/amalberlin.de\/wp-content\/uploads\/sites\/3\/2023\/09\/f_15439-1536x864.jpg 1536w\" sizes=\"auto, (max-width: 1260px) 100vw, 1260px\" \/><p id=\"caption-attachment-206761\" class=\"wp-caption-text\">\u0424\u0456\u043b\u044c\u043c \u201c\u042f, \u041d\u0456\u043d\u0430\u201d<\/p><\/div>\n<h3><b>2. <a href=\"https:\/\/www.filmfesthamburg.de\/film\/%d0%bd%d0%b0%d0%b7%d0%b0%d0%b2%d0%b6%d0%b4%d0%b8-%d0%bd%d0%b0%d0%b7%d0%b0%d0%b2%d0%b6%d0%b4%d0%b8\/\" target=\"_blank\" rel=\"noopener\">\u201c\u041d\u0430\u0437\u0430\u0432\u0436\u0434\u0438-\u043d\u0430\u0437\u0430\u0432\u0436\u0434\u0438\u201d<\/a> (Forever-Forever)\u00a0<\/b><\/h3>\n<p><span style=\"font-weight: 400;\">\u0420\u0435\u0436\u0438\u0441\u0435\u0440\u043a\u0430 \u0441\u0442\u0440\u0456\u0447\u043a\u0438 <\/span><span style=\"font-weight: 400;\">\u2013<\/span><span style=\"font-weight: 400;\"> \u0410\u043d\u043d\u0430 \u0411\u0443\u0440\u044f\u0447\u043a\u043e\u0432\u0430. <\/span><span style=\"font-weight: 400;\">\u0414\u0456\u044f \u0444\u0456\u043b\u044c\u043c\u0443 \u0440\u043e\u0437\u0433\u043e\u0440\u0442\u0430\u0454\u0442\u044c\u0441\u044f \u0432 \u041a\u0438\u0454\u0432\u0456 \u043d\u0430\u043f\u0440\u0438\u043a\u0456\u043d\u0446\u0456 90-\u0445. <\/span><i><span style=\"font-weight: 400;\">\u0426\u0435 <\/span><\/i><span style=\"font-weight: 400;\">\u0456\u0441\u0442\u043e\u0440\u0456\u044f \u043f\u0440\u043e \u043c\u043e\u043b\u043e\u0434\u0438\u0445 \u0456 \u043d\u0435\u043f\u043e\u043a\u0456\u0440\u043d\u0438\u0445 \u043b\u044e\u0434\u0435\u0439, \u044f\u043a\u0456 \u0447\u0435\u0440\u0435\u0437 \u043e\u0431\u0441\u0442\u0430\u0432\u0438\u043d\u0438 \u0431\u0443\u043b\u0438 \u0437\u043c\u0443\u0448\u0435\u043d\u0456 \u043d\u0430\u0432\u0447\u0438\u0442\u0438\u0441\u044c \u0448\u0432\u0438\u0434\u043a\u043e \u0443\u0445\u0432\u0430\u043b\u044e\u0432\u0430\u0442\u0438 \u0440\u0456\u0448\u0435\u043d\u043d\u044f, \u0430\u043b\u0435 \u0437\u0430\u0433\u0443\u0431\u0438\u043b\u0438\u0441\u044c \u0443 \u0434\u043e\u0440\u043e\u0441\u043b\u043e\u043c\u0443 \u0441\u0432\u0456\u0442\u0456. \u0424\u0456\u043b\u044c\u043c \u043f\u0440\u043e \u0442\u0438\u0445, \u0445\u0442\u043e \u0432\u0438\u0440\u0456\u0441, \u0430\u043b\u0435 \u0442\u0430\u043a \u0456 \u043d\u0435 \u043f\u043e\u0434\u043e\u0440\u043e\u0441\u043b\u0456\u0448\u0430\u0432. \u041f\u0440\u043e \u0447\u0430\u0441, \u043a\u043e\u043b\u0438 \u0432 \u0436\u0438\u0442\u0442\u0456 \u0431\u0430\u0433\u0430\u0442\u044c\u043e\u0445 \u0442\u0440\u0430\u043f\u043b\u044f\u0454\u0442\u044c\u0441\u044f \u043f\u0435\u0440\u0448\u0430 \u043b\u044e\u0431\u043e\u0432, \u044f\u043a\u0430 \u0432\u0456\u0434\u0447\u0443\u0432\u0430\u0454\u0442\u044c\u0441\u044f \u0454\u0434\u0438\u043d\u043e\u044e \u0442\u0430 \u043d\u0435\u0441\u043a\u0456\u043d\u0447\u0435\u043d\u043d\u043e\u044e.\u00a0<\/span><\/p>\n<p><b>\u041f\u043e\u043a\u0430\u0437 \u0432\u0456\u0434\u0431\u0443\u0434\u0435\u0442\u044c\u0441\u044f 2 \u0436\u043e\u0432\u0442\u043d\u044f \u043e 18:30.\u00a0<\/b><\/p>\n<p><b>\u041a\u0432\u0438\u0442\u043a\u0438 <a href=\"https:\/\/filmfest-hamburg.reservix.de\/p\/reservix\/event\/2153352\" target=\"_blank\" rel=\"noopener\">\u0442\u0443\u0442.<\/a><\/b><\/p>\n<div id=\"attachment_206769\" style=\"width: 912px\" class=\"wp-caption alignnone\"><img loading=\"lazy\" decoding=\"async\" aria-describedby=\"caption-attachment-206769\" class=\"wp-image-206769 size-full\" src=\"https:\/\/amalberlin.de\/wp-content\/uploads\/sites\/3\/2023\/09\/\u041d\u0430\u0437\u0430\u0432\u0436\u0434\u0438.jpg\" alt=\"\u0424\u0456\u043b\u044c\u043c \u201c\u041d\u0430\u0437\u0430\u0432\u0436\u0434\u0438-\u043d\u0430\u0437\u0430\u0432\u0436\u0434\u0438\u201d\" width=\"902\" height=\"578\" srcset=\"https:\/\/amalberlin.de\/wp-content\/uploads\/sites\/3\/2023\/09\/\u041d\u0430\u0437\u0430\u0432\u0436\u0434\u0438.jpg 902w, https:\/\/amalberlin.de\/wp-content\/uploads\/sites\/3\/2023\/09\/\u041d\u0430\u0437\u0430\u0432\u0436\u0434\u0438-300x192.jpg 300w, https:\/\/amalberlin.de\/wp-content\/uploads\/sites\/3\/2023\/09\/\u041d\u0430\u0437\u0430\u0432\u0436\u0434\u0438-768x492.jpg 768w\" sizes=\"auto, (max-width: 902px) 100vw, 902px\" \/><p id=\"caption-attachment-206769\" class=\"wp-caption-text\">\u0424\u0456\u043b\u044c\u043c \u201c\u041d\u0430\u0437\u0430\u0432\u0436\u0434\u0438-\u043d\u0430\u0437\u0430\u0432\u0436\u0434\u0438\u201d<\/p><\/div>\n<h3><b>3. <a href=\"https:\/\/www.filmfesthamburg.de\/film\/%d0%bb%d1%8f-%d0%bf%d0%b0%d0%bb%d1%96%d1%81%d1%96%d0%b0%d0%b4%d0%b0\/\" target=\"_blank\" rel=\"noopener\">\u201c<\/a><\/b><b>\u041b\u044f \u041f\u0430\u043b\u0456\u0441\u0456\u0430\u0434\u0430<\/b><b>\u201d (La Palisiada)<\/b><\/h3>\n<p><span style=\"font-weight: 400;\">\u0426\u0435 \u043f\u043e\u0432\u043d\u043e\u043c\u0435\u0442\u0440\u0430\u0436\u043d\u0438\u0439 \u0434\u0435\u0431\u044e\u0442 \u0424\u0456\u043b\u0456\u043f\u0430 \u0421\u043e\u0442\u043d\u0438\u0447\u0435\u043d\u043a\u0430 \u0432 \u0436\u0430\u043d\u0440\u0456 \u043f\u043e\u0441\u0442\u0440\u0430\u0434\u044f\u043d\u0441\u044c\u043a\u043e\u0433\u043e \u043d\u0443\u0430\u0440\u0443. \u0406\u0441\u0442\u043e\u0440\u0456\u044f \u0440\u043e\u0437\u0433\u043e\u0440\u0442\u0430\u0454\u0442\u044c\u0441\u044f \u0432 \u0423\u043a\u0440\u0430\u0457\u043d\u0456 \u0432 1996 \u0440\u043e\u0446\u0456. <\/span><b>\u0423 \u0446\u0435\u043d\u0442\u0440\u0456 \u0441\u044e\u0436\u0435\u0442\u0443 <\/b><span style=\"font-weight: 400;\">\u2013<\/span><span style=\"font-weight: 400;\"> \u0441\u0443\u0434\u043e\u0432\u0438\u0439 \u043f\u0441\u0438\u0445\u0456\u0430\u0442\u0440, \u0447\u0438\u0454 \u0441\u043f\u043e\u043a\u0456\u0439\u043d\u0435 \u0436\u0438\u0442\u0442\u044f \u0437\u043c\u0456\u043d\u044e\u0454\u0442\u044c\u0441\u044f, \u043a\u043e\u043b\u0438 \u0432\u0456\u043d \u043c\u0430\u0454 \u0432\u0437\u044f\u0442\u0438 \u0443\u0447\u0430\u0441\u0442\u044c \u0443 \u0437\u0430\u043f\u043b\u0443\u0442\u0430\u043d\u0456\u0439 \u0456\u0441\u0442\u043e\u0440\u0456\u0457 \u0432\u0431\u0438\u0432\u0441\u0442\u0432\u0430 \u043c\u0456\u043b\u0456\u0446\u0456\u043e\u043d\u0435\u0440\u0430. \u0413\u0435\u0440\u043e\u0439 \u043f\u043e\u0447\u0438\u043d\u0430\u0454 \u0441\u0443\u043c\u043d\u0456\u0432\u0430\u0442\u0438\u0441\u044f \u0443 \u043f\u0440\u0430\u0432\u0438\u043b\u044c\u043d\u043e\u0441\u0442\u0456 \u0441\u0438\u0441\u0442\u0435\u043c\u0438 \u043f\u0440\u0430\u0432\u043e\u043e\u0445\u043e\u0440\u043e\u043d\u043d\u0438\u0445 \u043e\u0440\u0433\u0430\u043d\u0456\u0432, \u043a\u043e\u043b\u0438 \u0431\u0430\u0447\u0438\u0442\u044c \u0443\u0441\u044e \u0431\u0435\u0437\u0437\u0430\u043a\u043e\u043d\u043d\u0456\u0441\u0442\u044c \u043f\u0440\u043e\u0432\u0435\u0434\u0435\u043d\u043d\u044f \u0441\u0443\u0434\u043e\u0432\u0438\u0445 \u0435\u043a\u0441\u043f\u0435\u0440\u0438\u043c\u0435\u043d\u0442\u0456\u0432 \u043d\u0430\u0434 \u043f\u0456\u0434\u043e\u0437\u0440\u044e\u0432\u0430\u043d\u0438\u043c.\u00a0<\/span><\/p>\n<p><b>\u041f\u043e\u043a\u0430\u0437 \u0443 \u0413\u0430\u043c\u0431\u0443\u0440\u0437\u0456 \u0432\u0456\u0434\u0431\u0443\u0434\u0435\u0442\u044c\u0441\u044f 4 \u0436\u043e\u0432\u0442\u043d\u044f \u043e 21:45.<\/b><\/p>\n<p><b>\u041a\u0432\u0438\u0442\u043a\u0438 <a href=\"https:\/\/filmfest-hamburg.reservix.de\/p\/reservix\/event\/2153347\" target=\"_blank\" rel=\"noopener\">\u0442\u0443\u0442.<\/a><\/b><\/p>\n<div id=\"attachment_206774\" style=\"width: 1210px\" class=\"wp-caption alignnone\"><img loading=\"lazy\" decoding=\"async\" aria-describedby=\"caption-attachment-206774\" class=\"wp-image-206774 size-full\" src=\"https:\/\/amalberlin.de\/wp-content\/uploads\/sites\/3\/2023\/09\/i75_ArticleImage_201880.jpg\" alt=\"\u0424\u0456\u043b\u044c\u043c \u201c\u041b\u044f \u041f\u0430\u043b\u0456\u0441\u0456\u0430\u0434\u0430\u201d\" width=\"1200\" height=\"685\" srcset=\"https:\/\/amalberlin.de\/wp-content\/uploads\/sites\/3\/2023\/09\/i75_ArticleImage_201880.jpg 1200w, https:\/\/amalberlin.de\/wp-content\/uploads\/sites\/3\/2023\/09\/i75_ArticleImage_201880-300x171.jpg 300w, https:\/\/amalberlin.de\/wp-content\/uploads\/sites\/3\/2023\/09\/i75_ArticleImage_201880-1024x585.jpg 1024w, https:\/\/amalberlin.de\/wp-content\/uploads\/sites\/3\/2023\/09\/i75_ArticleImage_201880-768x438.jpg 768w\" sizes=\"auto, (max-width: 1200px) 100vw, 1200px\" \/><p id=\"caption-attachment-206774\" class=\"wp-caption-text\">\u0424\u0456\u043b\u044c\u043c \u201c\u041b\u044f \u041f\u0430\u043b\u0456\u0441\u0456\u0430\u0434\u0430\u201d<\/p><\/div>\n<h3><b>4. <a href=\"https:\/\/www.filmfesthamburg.de\/film\/%d1%8f%d0%ba-%d1%82%d0%b0%d0%bc-%d0%ba%d0%b0%d1%82%d1%8f\/\" target=\"_blank\" rel=\"noopener\">\u201c\u042f\u043a \u0442\u0430\u043c \u041a\u0430\u0442\u044f?\u201d<\/a><\/b><b> (How Is Katia?)\u00a0<\/b><\/h3>\n<p><span style=\"font-weight: 400;\">\u0420\u0435\u0436\u0438\u0441\u0435\u0440\u043a\u0430 \u2013 \u0425\u0440\u0438\u0441\u0442\u0438\u043d\u0430 \u0422\u0438\u043d\u044c\u043a\u0435\u0432\u0438\u0447. \u0426\u0435 \u0437\u0432\u043e\u0440\u0443\u0448\u043b\u0438\u0432\u0430 \u0441\u043e\u0446\u0456\u0430\u043b\u044c\u043d\u0430 \u0434\u0440\u0430\u043c\u0430 \u043f\u0440\u043e \u0433\u043e\u0440\u0435, \u0431\u0456\u043b\u044c \u0456 \u0432\u0456\u0434\u0447\u0430\u0439. \u0417\u0430 \u0441\u044e\u0436\u0435\u0442\u043e\u043c \u0410\u043d\u043d\u0430, \u043b\u0456\u043a\u0430\u0440\u043a\u0430 \u0442\u0430 \u043c\u0430\u0442\u0438-\u043e\u0434\u0438\u043d\u0430\u0447\u043a\u0430, \u0432\u0442\u0440\u0430\u0447\u0430\u0454 \u0432 \u0430\u0432\u0430\u0440\u0456\u0457 \u0441\u0432\u043e\u044e \u0434\u043e\u043d\u044c\u043a\u0443 \u041a\u0430\u0442\u044e. \u0416\u0456\u043d\u043a\u0430 \u0448\u0443\u043a\u0430\u0454 \u0441\u043f\u0440\u0430\u0432\u0435\u0434\u043b\u0438\u0432\u043e\u0441\u0442\u0456 \u0443 \u043d\u0435\u0434\u043e\u0441\u043a\u043e\u043d\u0430\u043b\u043e\u043c\u0443 \u0441\u0432\u0456\u0442\u0456, \u0449\u043e\u0431 \u043f\u0435\u0440\u0435\u043c\u043e\u0433\u0442\u0438 \u0441\u0438\u0441\u0442\u0435\u043c\u0443.\u00a0<\/span><\/p>\n<p><b>\u041f\u043e\u043a\u0430\u0437 \u0432\u0456\u0434\u0431\u0443\u0434\u0435\u0442\u044c\u0441\u044f 4 \u0436\u043e\u0432\u0442\u043d\u044f \u043e 19:00.\u00a0<\/b><\/p>\n<p><b>\u041a\u0432\u0438\u0442\u043a\u0438 <a href=\"https:\/\/filmfest-hamburg.reservix.de\/p\/reservix\/event\/2153348\" target=\"_blank\" rel=\"noopener\">\u0442\u0443\u0442.<\/a><\/b><\/p>\n<div id=\"attachment_206778\" style=\"width: 850px\" class=\"wp-caption alignnone\"><img loading=\"lazy\" decoding=\"async\" aria-describedby=\"caption-attachment-206778\" class=\"wp-image-206778 size-full\" src=\"https:\/\/amalberlin.de\/wp-content\/uploads\/sites\/3\/2023\/09\/301828590_130282556411090_6297300198540052998_n-scaled.jpg\" alt=\"\u0424\u0456\u043b\u044c\u043c \u201c\u042f\u043a \u0442\u0430\u043c \u041a\u0430\u0442\u044f?\u201d\" width=\"840\" height=\"840\" srcset=\"https:\/\/amalberlin.de\/wp-content\/uploads\/sites\/3\/2023\/09\/301828590_130282556411090_6297300198540052998_n-scaled.jpg 840w, https:\/\/amalberlin.de\/wp-content\/uploads\/sites\/3\/2023\/09\/301828590_130282556411090_6297300198540052998_n-300x300.jpg 300w, https:\/\/amalberlin.de\/wp-content\/uploads\/sites\/3\/2023\/09\/301828590_130282556411090_6297300198540052998_n-1024x1024.jpg 1024w, https:\/\/amalberlin.de\/wp-content\/uploads\/sites\/3\/2023\/09\/301828590_130282556411090_6297300198540052998_n-150x150.jpg 150w, https:\/\/amalberlin.de\/wp-content\/uploads\/sites\/3\/2023\/09\/301828590_130282556411090_6297300198540052998_n-768x768.jpg 768w, https:\/\/amalberlin.de\/wp-content\/uploads\/sites\/3\/2023\/09\/301828590_130282556411090_6297300198540052998_n-125x125.jpg 125w\" sizes=\"auto, (max-width: 840px) 100vw, 840px\" \/><p id=\"caption-attachment-206778\" class=\"wp-caption-text\">\u0424\u0456\u043b\u044c\u043c \u201c\u042f\u043a \u0442\u0430\u043c \u041a\u0430\u0442\u044f?\u201d<\/p><\/div>\n<h3><b>5. <\/b><a href=\"https:\/\/www.filmfesthamburg.de\/film\/%d1%8f-%d1%96-%d1%84%d0%b5%d0%bb%d1%96%d0%ba%d1%81\/\" target=\"_blank\" rel=\"noopener\"><strong>\u201c\u042f \u0456 \u0424\u0435\u043b\u0456\u043a\u0441\u201d <\/strong><\/a><b>(<\/b><b>Rock. Paper. Grenade<\/b><b>)<\/b><\/h3>\n<p><span style=\"font-weight: 400;\">\u0420\u0435\u0436\u0438\u0441\u0435\u0440\u043a\u0430 \u2013 \u0406\u0440\u0438\u043d\u0430 \u0426\u0456\u043b\u0438\u043a. \u0421\u0442\u0440\u0456\u0447\u043a\u0430 \u2013 \u0433\u0443\u043c\u043e\u0440\u0438\u0441\u0442\u0438\u0447\u043d\u0430 \u0434\u0440\u0430\u043c\u0430 \u043f\u0440\u043e \u0434\u043e\u0440\u043e\u0441\u043b\u0456\u0448\u0430\u043d\u043d\u044f, \u044f\u043a\u0430 \u0454 \u0432\u043e\u0434\u043d\u043e\u0447\u0430\u0441 \u043c\u0435\u043b\u0430\u043d\u0445\u043e\u043b\u0456\u0439\u043d\u0438\u043c \u043f\u043e\u0440\u0442\u0440\u0435\u0442\u043e\u043c \u043f\u043e\u0441\u0442\u0440\u0430\u0434\u044f\u043d\u0441\u044c\u043a\u043e\u0457 \u0423\u043a\u0440\u0430\u0457\u043d\u0438 1990-\u0445 \u0440\u043e\u043a\u0456\u0432. \u041d\u043e\u0432\u0438\u0439 \u043a\u043e\u0445\u0430\u043d\u0435\u0446\u044c \u0431\u0430\u0431\u0443\u0441\u0456 \u0422\u0438\u043c\u043e\u0444\u0456\u044f \u2013 \u0442\u0440\u0430\u0432\u043c\u043e\u0432\u0430\u043d\u0438\u0439 \u0432\u0435\u0442\u0435\u0440\u0430\u043d \u0410\u0444\u0433\u0430\u043d\u0456\u0441\u0442\u0430\u043d\u0443, \u0441\u0445\u0438\u0431\u043b\u0435\u043d\u0438\u0439 \u043d\u0430 \u0437\u0431\u0440\u043e\u0457 \u2013 \u0441\u0442\u0430\u0454 \u0432\u0437\u0456\u0440\u0446\u0435\u043c \u0434\u043b\u044f \u043f\u0456\u0434\u043b\u0456\u0442\u043a\u0430, \u044f\u043a\u0438\u043c \u043b\u0435\u0433\u043a\u043e \u043c\u0430\u043d\u0456\u043f\u0443\u043b\u044e\u0432\u0430\u0442\u0438.<\/span><\/p>\n<p><b>\u041f\u043e\u043a\u0430\u0437 \u0432\u0456\u0434\u0431\u0443\u0434\u0435\u0442\u044c\u0441\u044f 2 \u0436\u043e\u0432\u0442\u043d\u044f \u043e 21:30.<\/b><\/p>\n<p><b>\u041a\u0432\u0438\u0442\u043a\u0438 <a href=\"https:\/\/filmfest-hamburg.reservix.de\/p\/reservix\/event\/2153349\" target=\"_blank\" rel=\"noopener\">\u0442\u0443\u0442.<\/a><\/b><\/p>\n<div id=\"attachment_206765\" style=\"width: 804px\" class=\"wp-caption alignnone\"><img loading=\"lazy\" decoding=\"async\" aria-describedby=\"caption-attachment-206765\" class=\"wp-image-206765 size-full\" src=\"https:\/\/amalberlin.de\/wp-content\/uploads\/sites\/3\/2023\/09\/bd7d096de64d2d89.jpg\" alt=\"\u0424\u0456\u043b\u044c\u043c &quot;\u042f \u0456 \u0424\u0435\u043b\u0456\u043a\u0441&quot;\" width=\"794\" height=\"529\" srcset=\"https:\/\/amalberlin.de\/wp-content\/uploads\/sites\/3\/2023\/09\/bd7d096de64d2d89.jpg 794w, https:\/\/amalberlin.de\/wp-content\/uploads\/sites\/3\/2023\/09\/bd7d096de64d2d89-300x200.jpg 300w, https:\/\/amalberlin.de\/wp-content\/uploads\/sites\/3\/2023\/09\/bd7d096de64d2d89-768x512.jpg 768w, https:\/\/amalberlin.de\/wp-content\/uploads\/sites\/3\/2023\/09\/bd7d096de64d2d89-630x420.jpg 630w, https:\/\/amalberlin.de\/wp-content\/uploads\/sites\/3\/2023\/09\/bd7d096de64d2d89-315x210.jpg 315w, https:\/\/amalberlin.de\/wp-content\/uploads\/sites\/3\/2023\/09\/bd7d096de64d2d89-156x104.jpg 156w\" sizes=\"auto, (max-width: 794px) 100vw, 794px\" \/><p id=\"caption-attachment-206765\" class=\"wp-caption-text\">\u0424\u0456\u043b\u044c\u043c &#8220;\u042f \u0456 \u0424\u0435\u043b\u0456\u043a\u0441&#8221;<\/p><\/div>\n<h3><b>6. <a href=\"https:\/\/www.filmfesthamburg.de\/film\/%d1%82%d0%b8-%d0%bc%d0%b5%d0%bd%d0%b5-%d0%bb%d1%8e%d0%b1%d0%b8%d1%88\/\" target=\"_blank\" rel=\"noopener\">\u201c\u0422\u0438 \u043c\u0435\u043d\u0435 \u043b\u044e\u0431\u0438\u0448?\u201d<\/a> (Do you love me?)<\/b><\/h3>\n<p><span style=\"font-weight: 400;\">\u0420\u0435\u0436\u0438\u0441\u0435\u0440\u043a\u0430 \u2013 \u0422\u043e\u043d\u044f \u041d\u043e\u044f\u0431\u0440\u044c\u043e\u0432\u0430. \u0426\u0435 \u043d\u0430\u043f\u0456\u0432\u0430\u0432\u0442\u043e\u0431\u0456\u043e\u0433\u0440\u0430\u0444\u0456\u0447\u043d\u0430 \u0456\u0441\u0442\u043e\u0440\u0456\u044f \u0434\u043e\u0440\u043e\u0441\u043b\u0456\u0448\u0430\u043d\u043d\u044f. \u0421\u0442\u0440\u0456\u0447\u043a\u0430 \u0440\u043e\u0437\u043f\u043e\u0432\u0456\u0434\u0430\u0454 \u043f\u0440\u043e \u043f\u0440\u043e\u0449\u0430\u043d\u043d\u044f \u0437 \u0456\u043b\u044e\u0437\u0456\u044f\u043c\u0438 \u0434\u0438\u0442\u0438\u043d\u0441\u0442\u0432\u0430. \u0423 \u0444\u0456\u043b\u044c\u043c\u0456 \u0437\u043e\u0431\u0440\u0430\u0436\u0435\u043d\u0430 \u0423\u043a\u0440\u0430\u0457\u043d\u0430 \u0437\u0430 \u0440\u0456\u043a \u0434\u043e \u0440\u043e\u0437\u043f\u0430\u0434\u0443 \u0420\u0430\u0434\u044f\u043d\u0441\u044c\u043a\u043e\u0433\u043e \u0421\u043e\u044e\u0437\u0443. \u0413\u043e\u043b\u043e\u0432\u043d\u0430 \u0433\u0435\u0440\u043e\u0457\u043d\u044f 17-\u0440\u0456\u0447\u043d\u0430 \u041a\u0456\u0440\u0430 \u2013 \u043c\u0430\u0439\u0431\u0443\u0442\u043d\u044f \u0430\u043a\u0442\u0440\u0438\u0441\u0430. \u0407\u0457 <\/span><span style=\"font-weight: 400;\">\u0431\u0435\u0437\u0442\u0443\u0440\u0431\u043e\u0442\u043d\u0435 \u0434\u0438\u0442\u0438\u043d\u0441\u0442\u0432\u043e \u043f\u0435\u0440\u0435\u0442\u0432\u043e\u0440\u044e\u0454\u0442\u044c\u0441\u044f \u043d\u0430 \u0441\u043f\u0440\u0430\u0432\u0436\u043d\u0456\u0439 \u0432\u0438\u0445\u043e\u0440, \u0449\u043e \u0442\u044f\u0433\u043d\u0435 \u0437\u0430 \u0441\u043e\u0431\u043e\u044e \u0431\u0435\u0437\u043b\u0456\u0447 \u043f\u0438\u0442\u0430\u043d\u044c \u0442\u0430 \u043f\u0440\u043e\u0431\u043b\u0435\u043c.<\/span><\/p>\n<p><b>\u041f\u043e\u043a\u0430\u0437 \u0432\u0456\u0434\u0431\u0443\u0434\u0435\u0442\u044c\u0441\u044f 3 \u0436\u043e\u0432\u0442\u043d\u044f \u043e 19:00.\u00a0<\/b><\/p>\n<p><b>\u041a\u0432\u0438\u0442\u043a\u0438 <a href=\"https:\/\/filmfest-hamburg.reservix.de\/p\/reservix\/event\/2153345\" target=\"_blank\" rel=\"noopener\">\u0442\u0443\u0442.<\/a><\/b><\/p>\n<div id=\"attachment_206787\" style=\"width: 1270px\" class=\"wp-caption alignnone\"><img loading=\"lazy\" decoding=\"async\" aria-describedby=\"caption-attachment-206787\" class=\"wp-image-206787 size-full\" src=\"https:\/\/amalberlin.de\/wp-content\/uploads\/sites\/3\/2023\/09\/326235455_709096207546187_5563499427980009350_n-scaled.jpg\" alt=\"\u0424\u0456\u043b\u044c\u043c \u201c\u0422\u0438 \u043c\u0435\u043d\u0435 \u043b\u044e\u0431\u0438\u0448?\u201d\" width=\"1260\" height=\"709\" srcset=\"https:\/\/amalberlin.de\/wp-content\/uploads\/sites\/3\/2023\/09\/326235455_709096207546187_5563499427980009350_n-scaled.jpg 1260w, https:\/\/amalberlin.de\/wp-content\/uploads\/sites\/3\/2023\/09\/326235455_709096207546187_5563499427980009350_n-300x169.jpg 300w, https:\/\/amalberlin.de\/wp-content\/uploads\/sites\/3\/2023\/09\/326235455_709096207546187_5563499427980009350_n-1024x576.jpg 1024w, https:\/\/amalberlin.de\/wp-content\/uploads\/sites\/3\/2023\/09\/326235455_709096207546187_5563499427980009350_n-768x432.jpg 768w, https:\/\/amalberlin.de\/wp-content\/uploads\/sites\/3\/2023\/09\/326235455_709096207546187_5563499427980009350_n-1536x864.jpg 1536w\" sizes=\"auto, (max-width: 1260px) 100vw, 1260px\" \/><p id=\"caption-attachment-206787\" class=\"wp-caption-text\">\u0424\u0456\u043b\u044c\u043c \u201c\u0422\u0438 \u043c\u0435\u043d\u0435 \u043b\u044e\u0431\u0438\u0448?\u201d<\/p><\/div>\n<h3><b>7. <a href=\"https:\/\/www.filmfesthamburg.de\/film\/%d0%bb%d1%8e%d0%ba%d1%81%d0%b5%d0%bc%d0%b1%d1%83%d1%80%d0%b3-%d0%bb%d1%8e%d0%ba%d1%81%d0%b5%d0%bc%d0%b1%d1%83%d1%80%d0%b3\/\" target=\"_blank\" rel=\"noopener\">\u201c\u041b\u044e\u043a\u0441\u0435\u043c\u0431\u0443\u0440\u0433, \u041b\u044e\u043a\u0441\u0435\u043c\u0431\u0443\u0440\u0433\u201d<\/a> (Luxembourg, Luxembourg)<\/b><b>\u00a0<\/b><\/h3>\n<p><span style=\"font-weight: 400;\">\u0420\u0435\u0436\u0438\u0441\u0435\u0440 \u2013 \u0410\u043d\u0442\u043e\u043d\u0456\u043e \u041b\u0443\u043a\u0456\u0447. \u0426\u0435 \u043a\u043e\u043c\u0435\u0434\u0456\u0439\u043d\u0430 \u0441\u0456\u043c\u0435\u0439\u043d\u0430 \u0434\u0440\u0430\u043c\u0430 \u043f\u0440\u043e \u0434\u0432\u043e\u0445 \u0431\u043b\u0438\u0437\u043d\u044e\u043a\u0456\u0432 \u0412\u0430\u0441\u0438\u043b\u044f \u0456 \u041c\u0438\u043a\u043e\u043b\u0443. \u0407\u0445\u043d\u0456\u0439 \u0431\u0430\u0442\u044c\u043a\u043e \u2013 \u044e\u0433\u043e\u0441\u043b\u0430\u0432\u0441\u044c\u043a\u0438\u0439 \u0435\u043c\u0456\u0433\u0440\u0430\u043d\u0442 \u0456 \u043c\u0456\u0441\u0446\u0435\u0432\u0438\u0439 \u043a\u0440\u0438\u043c\u0456\u043d\u0430\u043b\u044c\u043d\u0438\u0439 \u0430\u0432\u0442\u043e\u0440\u0438\u0442\u0435\u0442, \u043f\u043e\u043a\u0438\u0434\u0430\u0454 \u0440\u043e\u0434\u0438\u043d\u0443, \u0449\u043e\u0431 \u0437\u043d\u0430\u0439\u0442\u0438 \u0441\u0435\u0431\u0435 \u0432 \u0404\u0432\u0440\u043e\u043f\u0456. \u041a\u043e\u043b\u0438 \u0431\u0440\u0430\u0442\u0438 \u0434\u0456\u0437\u043d\u0430\u044e\u0442\u044c\u0441\u044f, \u0449\u043e \u0457\u0445\u043d\u0456\u0439 \u0434\u0430\u0432\u043d\u043e \u0432\u0456\u0434\u0441\u0443\u0442\u043d\u0456\u0439 \u0431\u0430\u0442\u044c\u043a\u043e \u0437\u0430\u0445\u0432\u043e\u0440\u0456\u0432 \u0443 \u041b\u044e\u043a\u0441\u0435\u043c\u0431\u0443\u0440\u0437\u0456, \u0432\u043e\u043d\u0438 \u0432\u0438\u0440\u0443\u0448\u0430\u044e\u0442\u044c \u0443 \u043f\u043e\u0434\u043e\u0440\u043e\u0436, \u0449\u043e\u0431 \u043f\u043e\u0431\u0430\u0447\u0438\u0442\u0438 \u0439\u043e\u0433\u043e \u0432\u043e\u0441\u0442\u0430\u043d\u043d\u0454. \u0413\u043e\u043b\u043e\u0432\u043d\u0456 \u0440\u043e\u043b\u0456 \u0443 \u0441\u0442\u0440\u0456\u0447\u0446\u0456 \u0432\u0438\u043a\u043e\u043d\u0430\u043b\u0438 \u0431\u043b\u0438\u0437\u043d\u044e\u043a\u0438 \u0410\u043c\u0456\u043b \u0442\u0430 \u0420\u0430\u043c\u0456\u043b \u041d\u0430\u0441\u0456\u0440\u043e\u0432\u0438 \u0437 \u0433\u0443\u0440\u0442\u0443 \u201c\u041a\u0443\u0440\u0433\u0430\u043d \u0456 Agregat\u201d.\u00a0<\/span><\/p>\n<p><b>\u041f\u043e\u043a\u0430\u0437 \u0432\u0456\u0434\u0431\u0443\u0434\u0435\u0442\u044c\u0441\u044f 3 \u0436\u043e\u0432\u0442\u043d\u044f \u043e 21:30.\u00a0<\/b><\/p>\n<p><b>\u041a\u0432\u0438\u0442\u043a\u0438<a href=\"https:\/\/filmfest-hamburg.reservix.de\/p\/reservix\/event\/2153346\" target=\"_blank\" rel=\"noopener\"> \u0442\u0443\u0442.<\/a><\/b><\/p>\n<div id=\"attachment_206783\" style=\"width: 850px\" class=\"wp-caption alignnone\"><img loading=\"lazy\" decoding=\"async\" aria-describedby=\"caption-attachment-206783\" class=\"wp-image-206783 size-full\" src=\"https:\/\/amalberlin.de\/wp-content\/uploads\/sites\/3\/2023\/09\/358053934_243331711822219_9213818223868817168_n-scaled.jpg\" alt=\"\u0424\u0456\u043b\u044c\u043c \u201c\u041b\u044e\u043a\u0441\u0435\u043c\u0431\u0443\u0440\u0433, \u041b\u044e\u043a\u0441\u0435\u043c\u0431\u0443\u0440\u0433\u201d \" width=\"840\" height=\"840\" srcset=\"https:\/\/amalberlin.de\/wp-content\/uploads\/sites\/3\/2023\/09\/358053934_243331711822219_9213818223868817168_n-scaled.jpg 840w, https:\/\/amalberlin.de\/wp-content\/uploads\/sites\/3\/2023\/09\/358053934_243331711822219_9213818223868817168_n-300x300.jpg 300w, https:\/\/amalberlin.de\/wp-content\/uploads\/sites\/3\/2023\/09\/358053934_243331711822219_9213818223868817168_n-1024x1024.jpg 1024w, https:\/\/amalberlin.de\/wp-content\/uploads\/sites\/3\/2023\/09\/358053934_243331711822219_9213818223868817168_n-150x150.jpg 150w, https:\/\/amalberlin.de\/wp-content\/uploads\/sites\/3\/2023\/09\/358053934_243331711822219_9213818223868817168_n-768x768.jpg 768w, https:\/\/amalberlin.de\/wp-content\/uploads\/sites\/3\/2023\/09\/358053934_243331711822219_9213818223868817168_n-1536x1536.jpg 1536w, https:\/\/amalberlin.de\/wp-content\/uploads\/sites\/3\/2023\/09\/358053934_243331711822219_9213818223868817168_n-125x125.jpg 125w\" sizes=\"auto, (max-width: 840px) 100vw, 840px\" \/><p id=\"caption-attachment-206783\" class=\"wp-caption-text\">\u0424\u0456\u043b\u044c\u043c \u201c\u041b\u044e\u043a\u0441\u0435\u043c\u0431\u0443\u0440\u0433, \u041b\u044e\u043a\u0441\u0435\u043c\u0431\u0443\u0440\u0433\u201d<\/p><\/div>\n<h3><b>\u041f\u041e\u0417\u0410 \u041a\u041e\u041d\u041a\u0423\u0420\u0421\u041e\u041c: <\/b><strong><a href=\"https:\/\/www.filmfesthamburg.de\/film\/%d0%b4%d0%b5%d0%bd%d1%8c-%d0%bd%d0%b5%d0%b7%d0%b0%d0%bb%d0%b5%d0%b6%d0%bd%d0%be%d1%81%d1%82%d1%96\/\" target=\"_blank\" rel=\"noopener\">\u201c\u0414\u0435\u043d\u044c \u041d\u0435\u0437\u0430\u043b\u0435\u0436\u043d\u043e\u0441\u0442\u0456\u201d<\/a> (Ukrainian Independence. As It Is)<\/strong><\/h3>\n<p><span style=\"font-weight: 400;\">\u0426\u0435 <\/span><span style=\"font-weight: 400;\">\u0434\u043e\u043a\u0443\u043c\u0435\u043d\u0442\u0430\u043b\u044c\u043d\u0438\u0439 \u0444\u0456\u043b\u044c\u043c <\/span><span style=\"font-weight: 400;\">\u0440\u0435\u0436\u0438\u0441\u0435\u0440\u0430 \u0412\u043e\u043b\u043e\u0434\u0438\u043c\u0438\u0440\u0430 \u0422\u0438\u0445\u043e\u0433\u043e. \u0421\u0442\u0440\u0456\u0447\u043a\u0430 <\/span><span style=\"font-weight: 400;\">\u0437\u043d\u044f\u0442\u0430 \u043f\u0440\u043e\u0442\u044f\u0433\u043e\u043c \u043e\u0434\u043d\u043e\u0433\u043e \u0434\u043d\u044f \u2013 \u0442\u043e\u0440\u0456\u043a 24 \u0441\u0435\u0440\u043f\u043d\u044f, \u043a\u043e\u043b\u0438 \u0443\u043a\u0440\u0430\u0457\u043d\u0446\u0456 \u0432\u043f\u0435\u0440\u0448\u0435 \u0432\u0456\u0434\u0437\u043d\u0430\u0447\u0430\u043b\u0438 \u0414\u0435\u043d\u044c \u041d\u0435\u0437\u0430\u043b\u0435\u0436\u043d\u043e\u0441\u0442\u0456 \u043f\u0456\u0434 \u0447\u0430\u0441 \u043f\u043e\u0432\u043d\u043e\u043c\u0430\u0441\u0448\u0442\u0430\u0431\u043d\u043e\u0433\u043e \u0432\u0442\u043e\u0440\u0433\u043d\u0435\u043d\u043d\u044f \u0420\u043e\u0441\u0456\u0457. \u0424\u0456\u043b\u044c\u043c \u043f\u043e\u0454\u0434\u043d\u0443\u0454 \u0440\u0456\u0437\u043d\u0456 \u043c\u0456\u0441\u0446\u044f \u0442\u0430 \u043b\u044e\u0434\u0435\u0439: \u043f\u043e\u043b\u0456\u0446\u0435\u0439\u0441\u044c\u043a\u0438\u0445, \u0441\u043e\u043b\u0434\u0430\u0442\u0456\u0432, \u043c\u043e\u043b\u043e\u0434\u0438\u0445 \u043f\u0440\u0430\u0446\u0456\u0432\u043d\u0438\u043a\u0456\u0432 \u043f\u0430\u0431\u0443, \u0445\u0443\u0434\u043e\u0436\u043d\u0438\u043a\u0456\u0432 \u0456 \u043a\u043e\u043b\u0438\u0448\u043d\u0456\u0445 \u0434\u0435\u043f\u0443\u0442\u0430\u0442\u0456\u0432 \u043f\u0430\u0440\u043b\u0430\u043c\u0435\u043d\u0442\u0443, \u044f\u043a\u0456 \u0454 \u0447\u0430\u0441\u0442\u0438\u043d\u043e\u044e \u043a\u0440\u0430\u0457\u043d\u0438 \u0443 \u0441\u0442\u0430\u043d\u0456 \u0432\u0456\u0439\u043d\u0438.\u00a0<\/span><\/p>\n<p><span style=\"font-weight: 400;\">\u041f\u043e\u043a\u0430\u0437 \u0437\u0430\u043a\u0440\u0438\u0432\u0430\u0454 \u0443\u043a\u0440\u0430\u0457\u043d\u0441\u044c\u043a\u0443 \u043f\u0440\u043e\u0433\u0440\u0430\u043c\u0443 \u0444\u0435\u0441\u0442\u0438\u0432\u0430\u043b\u044e.<\/span><\/p>\n<p><b>\u041f\u0435\u0440\u0435\u0433\u043b\u044f\u043d\u0443\u0442\u0438 \u0444\u0456\u043b\u044c\u043c \u043c\u043e\u0436\u043d\u0430 5 \u0436\u043e\u0432\u0442\u043d\u044f \u043e 21:15.\u00a0<\/b><\/p>\n<p><span style=\"font-weight: 400;\"><strong>\u041a\u0432\u0438\u0442\u043a\u0438 <\/strong><a href=\"https:\/\/filmfest-hamburg.reservix.de\/p\/reservix\/event\/2153353\" target=\"_blank\" rel=\"noopener\"><strong>\u0442\u0443\u0442.<\/strong><\/a><\/span><\/p>\n<div id=\"attachment_206792\" style=\"width: 690px\" class=\"wp-caption alignnone\"><img loading=\"lazy\" decoding=\"async\" aria-describedby=\"caption-attachment-206792\" class=\"wp-image-206792 size-large\" src=\"https:\/\/amalberlin.de\/wp-content\/uploads\/sites\/3\/2023\/09\/\u0417\u043d\u0456\u043c\u043e\u043a-\u0435\u043a\u0440\u0430\u043d\u0430-2023-09-19-171840-1024x564.jpg\" alt=\"\u0424\u0456\u043b\u044c\u043c \u201c\u0414\u0435\u043d\u044c \u041d\u0435\u0437\u0430\u043b\u0435\u0436\u043d\u043e\u0441\u0442\u0456\u201d\" width=\"680\" height=\"375\" srcset=\"https:\/\/amalberlin.de\/wp-content\/uploads\/sites\/3\/2023\/09\/\u0417\u043d\u0456\u043c\u043e\u043a-\u0435\u043a\u0440\u0430\u043d\u0430-2023-09-19-171840-1024x564.jpg 1024w, https:\/\/amalberlin.de\/wp-content\/uploads\/sites\/3\/2023\/09\/\u0417\u043d\u0456\u043c\u043e\u043a-\u0435\u043a\u0440\u0430\u043d\u0430-2023-09-19-171840-300x165.jpg 300w, https:\/\/amalberlin.de\/wp-content\/uploads\/sites\/3\/2023\/09\/\u0417\u043d\u0456\u043c\u043e\u043a-\u0435\u043a\u0440\u0430\u043d\u0430-2023-09-19-171840-768x423.jpg 768w, https:\/\/amalberlin.de\/wp-content\/uploads\/sites\/3\/2023\/09\/\u0417\u043d\u0456\u043c\u043e\u043a-\u0435\u043a\u0440\u0430\u043d\u0430-2023-09-19-171840.jpg 1038w\" sizes=\"auto, (max-width: 680px) 100vw, 680px\" \/><p id=\"caption-attachment-206792\" class=\"wp-caption-text\">\u0424\u0456\u043b\u044c\u043c \u201c\u0414\u0435\u043d\u044c \u041d\u0435\u0437\u0430\u043b\u0435\u0436\u043d\u043e\u0441\u0442\u0456\u201d<\/p><\/div>\n<h4><strong>\u0427\u0438\u0442\u0430\u0439\u0442\u0435 \u0442\u0430\u043a\u043e\u0436:<\/strong><\/h4>\n<h4><strong><a href=\"https:\/\/amalberlin.de\/ua\/2023\/05\/22\/uamovies-in-berlin\/\" target=\"_blank\" rel=\"noopener\">\u0414\u0435 \u0456 \u044f\u043a \u0434\u0438\u0432\u0438\u0442\u0438\u0441\u044f \u0443\u043a\u0440\u0430\u0457\u043d\u0441\u044c\u043a\u0435 \u043a\u0456\u043d\u043e \u0432 \u0411\u0435\u0440\u043b\u0456\u043d\u0456?<\/a><\/strong><\/h4>\n<h4><strong><a href=\"https:\/\/amalberlin.de\/ua\/2023\/04\/21\/ukr-doc-cinema-in-berlin\/\" target=\"_blank\" rel=\"noopener\">\u041d\u0435\u0437\u043d\u0430\u043d\u043d\u0435 \u043f\u0440\u043e \u0432\u0456\u0434\u043e\u043c\u0438\u0445 \u043d\u0430 \u0444\u0435\u0441\u0442\u0438\u0432\u0430\u043b\u0456 \u0434\u043e\u043a\u0443\u043c\u0435\u043d\u0442\u0430\u043b\u044c\u043d\u043e\u0433\u043e \u043a\u0456\u043d\u043e<\/a><\/strong><\/h4>\n<h4><strong><a href=\"https:\/\/amalberlin.de\/ua\/2023\/02\/10\/ukraine-in-berlinale\/\" target=\"_blank\" rel=\"noopener\">\u0423\u043a\u0440\u0430\u0457\u043d\u0441\u044c\u043a\u0438\u0439 \u0411\u0435\u0440\u043b\u0456\u043d\u0430\u043b\u0435: \u043f\u0440\u043e\u043c\u043e\u0432\u0430 \u0417\u0435\u043b\u0435\u043d\u0441\u044c\u043a\u043e\u0433\u043e, \u0440\u0435\u043a\u043e\u0440\u0434 \u043d\u0430\u0448\u0438\u0445 \u043c\u0438\u0442\u0446\u0456\u0432 \u0442\u0430 \u0441\u0438\u043d\u044c\u043e-\u0436\u043e\u0432\u0442\u0438\u0439 \u0432\u0435\u0434\u043c\u0456\u0434\u044c<\/a><\/strong><\/h4>\n<h4><strong><a href=\"https:\/\/amalberlin.de\/ua\/2023\/07\/18\/the-golden-hen-ukrainian-film-festival-took-place-in-germany\/\" target=\"_blank\" rel=\"noopener\">\u201c\u0417\u043e\u043b\u043e\u0442\u0435 \u043a\u0443\u0440\u0447\u0430\u201d \u0432 \u0435\u043a\u0437\u0438\u043b\u0456: \u0432 \u041d\u0456\u043c\u0435\u0447\u0447\u0438\u043d\u0456 \u0432\u0456\u0434\u0431\u0443\u0432\u0441\u044f \u0443\u043a\u0440\u0430\u0457\u043d\u0441\u044c\u043a\u0438\u0439 \u043a\u0456\u043d\u043e\u0444\u0435\u0441\u0442\u0438\u0432\u0430\u043b\u044c<\/a><\/strong><\/h4>\n<p>&nbsp;<\/p>\n","protected":false},"excerpt":{"rendered":"<p>\u0423 \u0413\u0430\u043c\u0431\u0443\u0440\u0437\u0456 \u0437 28 \u0432\u0435\u0440\u0435\u0441\u043d\u044f \u0434\u043e 7 \u0436\u043e\u0432\u0442\u043d\u044f \u0442\u0440\u0438\u0432\u0430\u0442\u0438\u043c\u0435 \u043d\u0430\u0439\u0431\u0456\u043b\u044c\u0448\u0438\u0439 \u0444\u0435\u0441\u0442\u0438\u0432\u0430\u043b\u044c \u0443 \u0440\u0435\u0433\u0456\u043e\u043d\u0456 \u0439 \u043e\u0434\u0438\u043d \u0456\u0437 \u043f\u0440\u043e\u0432\u0456\u0434\u043d\u0438\u0445 \u043a\u0456\u043d\u043e\u0444\u0435\u0441\u0442\u0438\u0432\u0430\u043b\u0456\u0432 \u0443 \u041d\u0456\u043c\u0435\u0447\u0447\u0438\u043d\u0456 Filmfest Hamburg-2023. \u0423 \u043a\u043e\u043d\u043a\u0443\u0440\u0441\u043d\u0456\u0439 \u043f\u0440\u043e\u0433\u0440\u0430\u043c\u0456 \u0431\u0435\u0440\u0443\u0442\u044c \u0443\u0447\u0430\u0441\u0442\u044c 7 \u0443\u043a\u0440\u0430\u0457\u043d\u0441\u044c\u043a\u0438\u0445 \u0445\u0443\u0434\u043e\u0436\u043d\u0456\u0445 \u0444\u0456\u043b\u044c\u043c\u0456\u0432, \u044f\u043a\u0456 \u043f\u0440\u0435\u0434\u0441\u0442\u0430\u0432\u043b\u044f\u0454 \u041a\u0438\u0457\u0432\u0441\u044c\u043a\u0438\u0439 \u043c\u0456\u0436\u043d\u0430\u0440\u043e\u0434\u043d\u0438\u0439 \u043a\u0456\u043d\u043e\u0444\u0435\u0441\u0442\u0438\u0432\u0430\u043b\u044c \u201c\u041c\u043e\u043b\u043e\u0434\u0456\u0441\u0442\u044c\u201d. \u0421\u0442\u0440\u0456\u0447\u043a\u0438 \u0437\u043c\u0430\u0433\u0430\u0442\u0438\u043c\u0443\u0442\u044c\u0441\u044f \u0437\u0430 \u043d\u0430\u0433\u043e\u0440\u043e\u0434\u0443 \u201c\u0421\u043a\u0456\u0444\u0441\u044c\u043a\u0438\u0439 \u043e\u043b\u0435\u043d\u044c\u201d \u0456 \u0433\u0440\u043e\u0448\u043e\u0432\u0438\u0439 \u043f\u0440\u0438\u0437 \u0443 \u0440\u043e\u0437\u043c\u0456\u0440\u0456 100 \u0442\u0438\u0441. \u0433\u0440\u043d. \u0414\u043e \u0436\u0443\u0440\u0456 \u0443\u0432\u0456\u0439\u0448\u043b\u0438: \u0443\u043a\u0440\u0430\u0457\u043d\u0441\u044c\u043a\u043e-\u043d\u0456\u043c\u0435\u0446\u044c\u043a\u0430&#8230;  <a class=\"excerpt-read-more\" href=\"https:\/\/amalberlin.de\/ua\/2023\/09\/19\/ukraine-at-the-filmfest-hamburg\/\" title=\"Read 7 \u0443\u043a\u0440\u0430\u0457\u043d\u0441\u044c\u043a\u0438\u0445 \u0444\u0456\u043b\u044c\u043c\u0456\u0432 \u0437\u043c\u0430\u0433\u0430\u0442\u0438\u043c\u0443\u0442\u044c\u0441\u044f \u0437\u0430 100 \u0442\u0438\u0441. \u0433\u0440\u043d \u043d\u0430 \u0413\u0430\u043c\u0431\u0443\u0440\u0437\u044c\u043a\u043e\u043c\u0443 \u043a\u0456\u043d\u043e\u0444\u0435\u0441\u0442\u0438\u0432\u0430\u043b\u0456: \u0432\u0441\u0456 \u0434\u0435\u0442\u0430\u043b\u0456\">Read more &raquo;<\/a><\/p>\n","protected":false},"author":43,"featured_media":206798,"comment_status":"open","ping_status":"open","sticky":false,"template":"","format":"standard","meta":{"_acf_changed":false,"footnotes":""},"categories":[7028,6987,6989],"tags":[10297,10304,7771,10303,10296,10301,8088,10294,10299,10295,7438,10293,10291,7576,8084,10292,10300,10298,10302],"class_list":["post-206755","post","type-post","status-publish","format-standard","has-post-thumbnail","hentry","category-7028","category-6987","category-6989","tag-filmfest-hamburg","tag-ukrainian-independence","tag-7771","tag-10303","tag-10296","tag-10301","tag-8088","tag-10294","tag-10299","tag-10295","tag-7438","tag-10293","tag-10291","tag--ua","tag-8084","tag-10292","tag-10300","tag-10298","tag-10302"],"acf":[],"yoast_head":"<!-- This site is optimized with the Yoast SEO plugin v27.4 - https:\/\/yoast.com\/product\/yoast-seo-wordpress\/ -->\n<title>7 \u0443\u043a\u0440\u0430\u0457\u043d\u0441\u044c\u043a\u0438\u0445 \u0444\u0456\u043b\u044c\u043c\u0456\u0432 \u0437\u043c\u0430\u0433\u0430\u0442\u0438\u043c\u0443\u0442\u044c\u0441\u044f \u0437\u0430 100 \u0442\u0438\u0441. \u0433\u0440\u043d \u043d\u0430 \u0413\u0430\u043c\u0431\u0443\u0440\u0437\u044c\u043a\u043e\u043c\u0443 \u043a\u0456\u043d\u043e\u0444\u0435\u0441\u0442\u0438\u0432\u0430\u043b\u0456: \u0432\u0441\u0456 \u0434\u0435\u0442\u0430\u043b\u0456 - Amal, Berlin!<\/title>\n<meta name=\"description\" content=\"\u0423 \u0413\u0430\u043c\u0431\u0443\u0440\u0437\u0456 \u0442\u0440\u0438\u0432\u0430\u0442\u0438\u043c\u0435 \u043f\u0440\u043e\u0432\u0456\u0434\u043d\u0438\u0439 \u043a\u0456\u043d\u043e\u0444\u0435\u0441\u0442\u0438\u0432\u0430\u043b\u044c \u0443 \u041d\u0456\u043c\u0435\u0447\u0447\u0438\u043d\u0456 Filmfest Hamburg-2023. \u0423 \u043a\u043e\u043d\u043a\u0443\u0440\u0441\u0456 \u0431\u0435\u0440\u0443\u0442\u044c \u0443\u0447\u0430\u0441\u0442\u044c 7 \u0443\u043a\u0440\u0430\u0457\u043d\u0441\u044c\u043a\u0438\u0445 \u0444\u0456\u043b\u044c\u043c\u0456\u0432.\" \/>\n<meta name=\"robots\" content=\"index, follow, max-snippet:-1, max-image-preview:large, max-video-preview:-1\" \/>\n<link rel=\"canonical\" href=\"https:\/\/amalberlin.de\/ua\/2023\/09\/19\/ukraine-at-the-filmfest-hamburg\/\" \/>\n<meta property=\"og:locale\" content=\"uk_UA\" \/>\n<meta property=\"og:type\" content=\"article\" \/>\n<meta property=\"og:title\" content=\"7 \u0443\u043a\u0440\u0430\u0457\u043d\u0441\u044c\u043a\u0438\u0445 \u0444\u0456\u043b\u044c\u043c\u0456\u0432 \u0437\u043c\u0430\u0433\u0430\u0442\u0438\u043c\u0443\u0442\u044c\u0441\u044f \u0437\u0430 100 \u0442\u0438\u0441. \u0433\u0440\u043d \u043d\u0430 \u0413\u0430\u043c\u0431\u0443\u0440\u0437\u044c\u043a\u043e\u043c\u0443 \u043a\u0456\u043d\u043e\u0444\u0435\u0441\u0442\u0438\u0432\u0430\u043b\u0456: \u0432\u0441\u0456 \u0434\u0435\u0442\u0430\u043b\u0456 - Amal, Berlin!\" \/>\n<meta property=\"og:description\" content=\"\u0423 \u0413\u0430\u043c\u0431\u0443\u0440\u0437\u0456 \u0442\u0440\u0438\u0432\u0430\u0442\u0438\u043c\u0435 \u043f\u0440\u043e\u0432\u0456\u0434\u043d\u0438\u0439 \u043a\u0456\u043d\u043e\u0444\u0435\u0441\u0442\u0438\u0432\u0430\u043b\u044c \u0443 \u041d\u0456\u043c\u0435\u0447\u0447\u0438\u043d\u0456 Filmfest Hamburg-2023. \u0423 \u043a\u043e\u043d\u043a\u0443\u0440\u0441\u0456 \u0431\u0435\u0440\u0443\u0442\u044c \u0443\u0447\u0430\u0441\u0442\u044c 7 \u0443\u043a\u0440\u0430\u0457\u043d\u0441\u044c\u043a\u0438\u0445 \u0444\u0456\u043b\u044c\u043c\u0456\u0432.\" \/>\n<meta property=\"og:url\" content=\"https:\/\/amalberlin.de\/ua\/2023\/09\/19\/ukraine-at-the-filmfest-hamburg\/\" \/>\n<meta property=\"og:site_name\" content=\"Amal, Berlin!\" \/>\n<meta property=\"article:publisher\" content=\"https:\/\/www.facebook.com\/AmalBerlinNews\/\" \/>\n<meta property=\"article:published_time\" content=\"2023-09-19T15:20:38+00:00\" \/>\n<meta property=\"article:modified_time\" content=\"2023-09-20T14:15:40+00:00\" \/>\n<meta property=\"og:image\" content=\"https:\/\/amalberlin.de\/wp-content\/uploads\/sites\/3\/2023\/09\/65094e7eb0cc7-molodost.jpg\" \/>\n\t<meta property=\"og:image:width\" content=\"840\" \/>\n\t<meta property=\"og:image:height\" content=\"840\" \/>\n\t<meta property=\"og:image:type\" content=\"image\/jpeg\" \/>\n<meta name=\"author\" content=\"Olena Melnyk\" \/>\n<meta name=\"twitter:card\" content=\"summary_large_image\" \/>\n<meta name=\"twitter:label1\" content=\"\u041d\u0430\u043f\u0438\u0441\u0430\u043d\u043e\" \/>\n\t<meta name=\"twitter:data1\" content=\"Olena Melnyk\" \/>\n\t<meta name=\"twitter:label2\" content=\"\u041f\u0440\u0438\u0431\u043b. \u0447\u0430\u0441 \u0447\u0438\u0442\u0430\u043d\u043d\u044f\" \/>\n\t<meta name=\"twitter:data2\" content=\"6 \u0445\u0432\u0438\u043b\u0438\u043d\" \/>\n<script type=\"application\/ld+json\" class=\"yoast-schema-graph\">{\"@context\":\"https:\\\/\\\/schema.org\",\"@graph\":[{\"@type\":\"Article\",\"@id\":\"https:\\\/\\\/amalberlin.de\\\/ua\\\/2023\\\/09\\\/19\\\/ukraine-at-the-filmfest-hamburg\\\/#article\",\"isPartOf\":{\"@id\":\"https:\\\/\\\/amalberlin.de\\\/ua\\\/2023\\\/09\\\/19\\\/ukraine-at-the-filmfest-hamburg\\\/\"},\"author\":{\"name\":\"Olena Melnyk\",\"@id\":\"https:\\\/\\\/amalberlin.de\\\/ua\\\/#\\\/schema\\\/person\\\/1daebc894606b9158acf005edecfe48b\"},\"headline\":\"7 \u0443\u043a\u0440\u0430\u0457\u043d\u0441\u044c\u043a\u0438\u0445 \u0444\u0456\u043b\u044c\u043c\u0456\u0432 \u0437\u043c\u0430\u0433\u0430\u0442\u0438\u043c\u0443\u0442\u044c\u0441\u044f \u0437\u0430 100 \u0442\u0438\u0441. \u0433\u0440\u043d \u043d\u0430 \u0413\u0430\u043c\u0431\u0443\u0440\u0437\u044c\u043a\u043e\u043c\u0443 \u043a\u0456\u043d\u043e\u0444\u0435\u0441\u0442\u0438\u0432\u0430\u043b\u0456: \u0432\u0441\u0456 \u0434\u0435\u0442\u0430\u043b\u0456\",\"datePublished\":\"2023-09-19T15:20:38+00:00\",\"dateModified\":\"2023-09-20T14:15:40+00:00\",\"mainEntityOfPage\":{\"@id\":\"https:\\\/\\\/amalberlin.de\\\/ua\\\/2023\\\/09\\\/19\\\/ukraine-at-the-filmfest-hamburg\\\/\"},\"wordCount\":705,\"commentCount\":0,\"publisher\":{\"@id\":\"https:\\\/\\\/amalberlin.de\\\/ua\\\/#organization\"},\"image\":{\"@id\":\"https:\\\/\\\/amalberlin.de\\\/ua\\\/2023\\\/09\\\/19\\\/ukraine-at-the-filmfest-hamburg\\\/#primaryimage\"},\"thumbnailUrl\":\"https:\\\/\\\/amalberlin.de\\\/wp-content\\\/uploads\\\/sites\\\/3\\\/2023\\\/09\\\/65094e7eb0cc7-molodost.jpg\",\"keywords\":[\"Filmfest Hamburg\",\"Ukrainian Independence\",\"\u0413\u0430\u043c\u0431\u0443\u0440\u0433\",\"\u0414\u0435\u043d\u044c \u041d\u0435\u0437\u0430\u043b\u0435\u0436\u043d\u043e\u0441\u0442\u0456\",\"\u0414\u0435\u0440\u0436\u043a\u0456\u043d\u043e\",\"\u0406\u0440\u0438\u043d\u0430 \u0426\u0456\u043b\u0438\u043a\",\"\u043a\u0456\u043d\u043e\u0444\u0435\u0441\u0442\u0438\u0432\u0430\u043b\u044c\",\"\u041b\u044f \u041f\u0430\u043b\u0456\u0441\u0456\u0430\u0434\u0430\",\"\u041c\u043e\u043b\u043e\u0434\u0456\u0441\u0442\u044c\",\"\u041d\u0430\u0437\u0430\u0432\u0436\u0434\u0438-\u043d\u0430\u0437\u0430\u0432\u0436\u0434\u0438\",\"\u041d\u0456\u043c\u0435\u0447\u0447\u0438\u043d\u0430\",\"\u041d\u0456\u043d\u0430\",\"\u0422\u0438 \u043c\u0435\u043d\u0435 \u043b\u044e\u0431\u0438\u0448?\",\"\u0423\u043a\u0440\u0430\u0457\u043d\u0430\",\"\u0444\u0456\u043b\u044c\u043c\u0438\",\"\u042f\",\"\u042f \u0456 \u0424\u0435\u043b\u0456\u043a\u0441\",\"\u042f\u043a \u0442\u0430\u043c \u041a\u0430\u0442\u044f?\",\"\u042f\u043d\u0456\u043d\u0430 \u0421\u043e\u043a\u043e\u043b\u043e\u0432\u0430\"],\"articleSection\":[\"\u0410\u0444\u0456\u0448\u0430\",\"\u041a\u0443\u043b\u044c\u0442\u0443\u0440\u0430\",\"\u0421\u0443\u0441\u043f\u0456\u043b\u044c\u0441\u0442\u0432\u043e\"],\"inLanguage\":\"uk\",\"potentialAction\":[{\"@type\":\"CommentAction\",\"name\":\"Comment\",\"target\":[\"https:\\\/\\\/amalberlin.de\\\/ua\\\/2023\\\/09\\\/19\\\/ukraine-at-the-filmfest-hamburg\\\/#respond\"]}]},{\"@type\":\"WebPage\",\"@id\":\"https:\\\/\\\/amalberlin.de\\\/ua\\\/2023\\\/09\\\/19\\\/ukraine-at-the-filmfest-hamburg\\\/\",\"url\":\"https:\\\/\\\/amalberlin.de\\\/ua\\\/2023\\\/09\\\/19\\\/ukraine-at-the-filmfest-hamburg\\\/\",\"name\":\"7 \u0443\u043a\u0440\u0430\u0457\u043d\u0441\u044c\u043a\u0438\u0445 \u0444\u0456\u043b\u044c\u043c\u0456\u0432 \u0437\u043c\u0430\u0433\u0430\u0442\u0438\u043c\u0443\u0442\u044c\u0441\u044f \u0437\u0430 100 \u0442\u0438\u0441. \u0433\u0440\u043d \u043d\u0430 \u0413\u0430\u043c\u0431\u0443\u0440\u0437\u044c\u043a\u043e\u043c\u0443 \u043a\u0456\u043d\u043e\u0444\u0435\u0441\u0442\u0438\u0432\u0430\u043b\u0456: \u0432\u0441\u0456 \u0434\u0435\u0442\u0430\u043b\u0456 - Amal, Berlin!\",\"isPartOf\":{\"@id\":\"https:\\\/\\\/amalberlin.de\\\/ua\\\/#website\"},\"primaryImageOfPage\":{\"@id\":\"https:\\\/\\\/amalberlin.de\\\/ua\\\/2023\\\/09\\\/19\\\/ukraine-at-the-filmfest-hamburg\\\/#primaryimage\"},\"image\":{\"@id\":\"https:\\\/\\\/amalberlin.de\\\/ua\\\/2023\\\/09\\\/19\\\/ukraine-at-the-filmfest-hamburg\\\/#primaryimage\"},\"thumbnailUrl\":\"https:\\\/\\\/amalberlin.de\\\/wp-content\\\/uploads\\\/sites\\\/3\\\/2023\\\/09\\\/65094e7eb0cc7-molodost.jpg\",\"datePublished\":\"2023-09-19T15:20:38+00:00\",\"dateModified\":\"2023-09-20T14:15:40+00:00\",\"description\":\"\u0423 \u0413\u0430\u043c\u0431\u0443\u0440\u0437\u0456 \u0442\u0440\u0438\u0432\u0430\u0442\u0438\u043c\u0435 \u043f\u0440\u043e\u0432\u0456\u0434\u043d\u0438\u0439 \u043a\u0456\u043d\u043e\u0444\u0435\u0441\u0442\u0438\u0432\u0430\u043b\u044c \u0443 \u041d\u0456\u043c\u0435\u0447\u0447\u0438\u043d\u0456 Filmfest Hamburg-2023. \u0423 \u043a\u043e\u043d\u043a\u0443\u0440\u0441\u0456 \u0431\u0435\u0440\u0443\u0442\u044c \u0443\u0447\u0430\u0441\u0442\u044c 7 \u0443\u043a\u0440\u0430\u0457\u043d\u0441\u044c\u043a\u0438\u0445 \u0444\u0456\u043b\u044c\u043c\u0456\u0432.\",\"breadcrumb\":{\"@id\":\"https:\\\/\\\/amalberlin.de\\\/ua\\\/2023\\\/09\\\/19\\\/ukraine-at-the-filmfest-hamburg\\\/#breadcrumb\"},\"inLanguage\":\"uk\",\"potentialAction\":[{\"@type\":\"ReadAction\",\"target\":[\"https:\\\/\\\/amalberlin.de\\\/ua\\\/2023\\\/09\\\/19\\\/ukraine-at-the-filmfest-hamburg\\\/\"]}]},{\"@type\":\"ImageObject\",\"inLanguage\":\"uk\",\"@id\":\"https:\\\/\\\/amalberlin.de\\\/ua\\\/2023\\\/09\\\/19\\\/ukraine-at-the-filmfest-hamburg\\\/#primaryimage\",\"url\":\"https:\\\/\\\/amalberlin.de\\\/wp-content\\\/uploads\\\/sites\\\/3\\\/2023\\\/09\\\/65094e7eb0cc7-molodost.jpg\",\"contentUrl\":\"https:\\\/\\\/amalberlin.de\\\/wp-content\\\/uploads\\\/sites\\\/3\\\/2023\\\/09\\\/65094e7eb0cc7-molodost.jpg\",\"width\":840,\"height\":840,\"caption\":\"Filmfest Hamburg-2023\"},{\"@type\":\"BreadcrumbList\",\"@id\":\"https:\\\/\\\/amalberlin.de\\\/ua\\\/2023\\\/09\\\/19\\\/ukraine-at-the-filmfest-hamburg\\\/#breadcrumb\",\"itemListElement\":[{\"@type\":\"ListItem\",\"position\":1,\"name\":\"Home\",\"item\":\"https:\\\/\\\/amalberlin.de\\\/ua\\\/\"},{\"@type\":\"ListItem\",\"position\":2,\"name\":\"7 \u0443\u043a\u0440\u0430\u0457\u043d\u0441\u044c\u043a\u0438\u0445 \u0444\u0456\u043b\u044c\u043c\u0456\u0432 \u0437\u043c\u0430\u0433\u0430\u0442\u0438\u043c\u0443\u0442\u044c\u0441\u044f \u0437\u0430 100 \u0442\u0438\u0441. \u0433\u0440\u043d \u043d\u0430 \u0413\u0430\u043c\u0431\u0443\u0440\u0437\u044c\u043a\u043e\u043c\u0443 \u043a\u0456\u043d\u043e\u0444\u0435\u0441\u0442\u0438\u0432\u0430\u043b\u0456: \u0432\u0441\u0456 \u0434\u0435\u0442\u0430\u043b\u0456\"}]},{\"@type\":\"WebSite\",\"@id\":\"https:\\\/\\\/amalberlin.de\\\/ua\\\/#website\",\"url\":\"https:\\\/\\\/amalberlin.de\\\/ua\\\/\",\"name\":\"Amal, Berlin!\",\"description\":\"\",\"publisher\":{\"@id\":\"https:\\\/\\\/amalberlin.de\\\/ua\\\/#organization\"},\"potentialAction\":[{\"@type\":\"SearchAction\",\"target\":{\"@type\":\"EntryPoint\",\"urlTemplate\":\"https:\\\/\\\/amalberlin.de\\\/ua\\\/?s={search_term_string}\"},\"query-input\":{\"@type\":\"PropertyValueSpecification\",\"valueRequired\":true,\"valueName\":\"search_term_string\"}}],\"inLanguage\":\"uk\"},{\"@type\":\"Organization\",\"@id\":\"https:\\\/\\\/amalberlin.de\\\/ua\\\/#organization\",\"name\":\"Amal, Berlin!\",\"url\":\"https:\\\/\\\/amalberlin.de\\\/ua\\\/\",\"logo\":{\"@type\":\"ImageObject\",\"inLanguage\":\"uk\",\"@id\":\"https:\\\/\\\/amalberlin.de\\\/ua\\\/#\\\/schema\\\/logo\\\/image\\\/\",\"url\":\"https:\\\/\\\/amalberlin.de\\\/wp-content\\\/uploads\\\/sites\\\/3\\\/2020\\\/09\\\/LOGO_AMAL-Berlin_Final-01.jpg\",\"contentUrl\":\"https:\\\/\\\/amalberlin.de\\\/wp-content\\\/uploads\\\/sites\\\/3\\\/2020\\\/09\\\/LOGO_AMAL-Berlin_Final-01.jpg\",\"width\":250,\"height\":220,\"caption\":\"Amal, Berlin!\"},\"image\":{\"@id\":\"https:\\\/\\\/amalberlin.de\\\/ua\\\/#\\\/schema\\\/logo\\\/image\\\/\"},\"sameAs\":[\"https:\\\/\\\/www.facebook.com\\\/AmalBerlinNews\\\/\",\"https:\\\/\\\/www.instagram.com\\\/amalberlin\\\/?hl=en\",\"https:\\\/\\\/www.youtube.com\\\/channel\\\/UCTDDzpr6EmhT1wLO0hszrrg\"]},{\"@type\":\"Person\",\"@id\":\"https:\\\/\\\/amalberlin.de\\\/ua\\\/#\\\/schema\\\/person\\\/1daebc894606b9158acf005edecfe48b\",\"name\":\"Olena Melnyk\",\"image\":{\"@type\":\"ImageObject\",\"inLanguage\":\"uk\",\"@id\":\"https:\\\/\\\/amalberlin.de\\\/wp-content\\\/uploads\\\/sites\\\/3\\\/2023\\\/07\\\/WhatsApp-Image-2022-11-10-at-13.56.142-125x125.jpeg\",\"url\":\"https:\\\/\\\/amalberlin.de\\\/wp-content\\\/uploads\\\/sites\\\/3\\\/2023\\\/07\\\/WhatsApp-Image-2022-11-10-at-13.56.142-125x125.jpeg\",\"contentUrl\":\"https:\\\/\\\/amalberlin.de\\\/wp-content\\\/uploads\\\/sites\\\/3\\\/2023\\\/07\\\/WhatsApp-Image-2022-11-10-at-13.56.142-125x125.jpeg\",\"caption\":\"Olena Melnyk\"},\"description\":\"Journalistin, Nachrichtenredakteurin und SMM-Manager aus der Ukraine. Die sechs Jahre vor Begin der neuen Invasion der Ukraine durch Russland lebte sie in Kiew und arbeitete im Bereich Journalismus und Social Media. Sie arbeitete in f\u00fchrenden ukrainischen Medien. Olena Melnyk interessiert sich f\u00fcr konvergente Editionen, eine Kombination aus Genres und Stilen. Sie verf\u00fcgt \u00fcber Erfahrung in Radio, Fernsehen und Online-Medien. Sie spielt Volleyball und schwimmt, mag Brettspiele und kurze Radtouren.\",\"url\":\"https:\\\/\\\/amalberlin.de\\\/ua\\\/author\\\/olena-amal\\\/\"}]}<\/script>\n<!-- \/ Yoast SEO plugin. -->","yoast_head_json":{"title":"7 \u0443\u043a\u0440\u0430\u0457\u043d\u0441\u044c\u043a\u0438\u0445 \u0444\u0456\u043b\u044c\u043c\u0456\u0432 \u0437\u043c\u0430\u0433\u0430\u0442\u0438\u043c\u0443\u0442\u044c\u0441\u044f \u0437\u0430 100 \u0442\u0438\u0441. \u0433\u0440\u043d \u043d\u0430 \u0413\u0430\u043c\u0431\u0443\u0440\u0437\u044c\u043a\u043e\u043c\u0443 \u043a\u0456\u043d\u043e\u0444\u0435\u0441\u0442\u0438\u0432\u0430\u043b\u0456: \u0432\u0441\u0456 \u0434\u0435\u0442\u0430\u043b\u0456 - Amal, Berlin!","description":"\u0423 \u0413\u0430\u043c\u0431\u0443\u0440\u0437\u0456 \u0442\u0440\u0438\u0432\u0430\u0442\u0438\u043c\u0435 \u043f\u0440\u043e\u0432\u0456\u0434\u043d\u0438\u0439 \u043a\u0456\u043d\u043e\u0444\u0435\u0441\u0442\u0438\u0432\u0430\u043b\u044c \u0443 \u041d\u0456\u043c\u0435\u0447\u0447\u0438\u043d\u0456 Filmfest Hamburg-2023. \u0423 \u043a\u043e\u043d\u043a\u0443\u0440\u0441\u0456 \u0431\u0435\u0440\u0443\u0442\u044c \u0443\u0447\u0430\u0441\u0442\u044c 7 \u0443\u043a\u0440\u0430\u0457\u043d\u0441\u044c\u043a\u0438\u0445 \u0444\u0456\u043b\u044c\u043c\u0456\u0432.","robots":{"index":"index","follow":"follow","max-snippet":"max-snippet:-1","max-image-preview":"max-image-preview:large","max-video-preview":"max-video-preview:-1"},"canonical":"https:\/\/amalberlin.de\/ua\/2023\/09\/19\/ukraine-at-the-filmfest-hamburg\/","og_locale":"uk_UA","og_type":"article","og_title":"7 \u0443\u043a\u0440\u0430\u0457\u043d\u0441\u044c\u043a\u0438\u0445 \u0444\u0456\u043b\u044c\u043c\u0456\u0432 \u0437\u043c\u0430\u0433\u0430\u0442\u0438\u043c\u0443\u0442\u044c\u0441\u044f \u0437\u0430 100 \u0442\u0438\u0441. \u0433\u0440\u043d \u043d\u0430 \u0413\u0430\u043c\u0431\u0443\u0440\u0437\u044c\u043a\u043e\u043c\u0443 \u043a\u0456\u043d\u043e\u0444\u0435\u0441\u0442\u0438\u0432\u0430\u043b\u0456: \u0432\u0441\u0456 \u0434\u0435\u0442\u0430\u043b\u0456 - Amal, Berlin!","og_description":"\u0423 \u0413\u0430\u043c\u0431\u0443\u0440\u0437\u0456 \u0442\u0440\u0438\u0432\u0430\u0442\u0438\u043c\u0435 \u043f\u0440\u043e\u0432\u0456\u0434\u043d\u0438\u0439 \u043a\u0456\u043d\u043e\u0444\u0435\u0441\u0442\u0438\u0432\u0430\u043b\u044c \u0443 \u041d\u0456\u043c\u0435\u0447\u0447\u0438\u043d\u0456 Filmfest Hamburg-2023. \u0423 \u043a\u043e\u043d\u043a\u0443\u0440\u0441\u0456 \u0431\u0435\u0440\u0443\u0442\u044c \u0443\u0447\u0430\u0441\u0442\u044c 7 \u0443\u043a\u0440\u0430\u0457\u043d\u0441\u044c\u043a\u0438\u0445 \u0444\u0456\u043b\u044c\u043c\u0456\u0432.","og_url":"https:\/\/amalberlin.de\/ua\/2023\/09\/19\/ukraine-at-the-filmfest-hamburg\/","og_site_name":"Amal, Berlin!","article_publisher":"https:\/\/www.facebook.com\/AmalBerlinNews\/","article_published_time":"2023-09-19T15:20:38+00:00","article_modified_time":"2023-09-20T14:15:40+00:00","og_image":[{"width":840,"height":840,"url":"https:\/\/amalberlin.de\/wp-content\/uploads\/sites\/3\/2023\/09\/65094e7eb0cc7-molodost.jpg","type":"image\/jpeg"}],"author":"Olena Melnyk","twitter_card":"summary_large_image","twitter_misc":{"\u041d\u0430\u043f\u0438\u0441\u0430\u043d\u043e":"Olena Melnyk","\u041f\u0440\u0438\u0431\u043b. \u0447\u0430\u0441 \u0447\u0438\u0442\u0430\u043d\u043d\u044f":"6 \u0445\u0432\u0438\u043b\u0438\u043d"},"schema":{"@context":"https:\/\/schema.org","@graph":[{"@type":"Article","@id":"https:\/\/amalberlin.de\/ua\/2023\/09\/19\/ukraine-at-the-filmfest-hamburg\/#article","isPartOf":{"@id":"https:\/\/amalberlin.de\/ua\/2023\/09\/19\/ukraine-at-the-filmfest-hamburg\/"},"author":{"name":"Olena Melnyk","@id":"https:\/\/amalberlin.de\/ua\/#\/schema\/person\/1daebc894606b9158acf005edecfe48b"},"headline":"7 \u0443\u043a\u0440\u0430\u0457\u043d\u0441\u044c\u043a\u0438\u0445 \u0444\u0456\u043b\u044c\u043c\u0456\u0432 \u0437\u043c\u0430\u0433\u0430\u0442\u0438\u043c\u0443\u0442\u044c\u0441\u044f \u0437\u0430 100 \u0442\u0438\u0441. \u0433\u0440\u043d \u043d\u0430 \u0413\u0430\u043c\u0431\u0443\u0440\u0437\u044c\u043a\u043e\u043c\u0443 \u043a\u0456\u043d\u043e\u0444\u0435\u0441\u0442\u0438\u0432\u0430\u043b\u0456: \u0432\u0441\u0456 \u0434\u0435\u0442\u0430\u043b\u0456","datePublished":"2023-09-19T15:20:38+00:00","dateModified":"2023-09-20T14:15:40+00:00","mainEntityOfPage":{"@id":"https:\/\/amalberlin.de\/ua\/2023\/09\/19\/ukraine-at-the-filmfest-hamburg\/"},"wordCount":705,"commentCount":0,"publisher":{"@id":"https:\/\/amalberlin.de\/ua\/#organization"},"image":{"@id":"https:\/\/amalberlin.de\/ua\/2023\/09\/19\/ukraine-at-the-filmfest-hamburg\/#primaryimage"},"thumbnailUrl":"https:\/\/amalberlin.de\/wp-content\/uploads\/sites\/3\/2023\/09\/65094e7eb0cc7-molodost.jpg","keywords":["Filmfest Hamburg","Ukrainian Independence","\u0413\u0430\u043c\u0431\u0443\u0440\u0433","\u0414\u0435\u043d\u044c \u041d\u0435\u0437\u0430\u043b\u0435\u0436\u043d\u043e\u0441\u0442\u0456","\u0414\u0435\u0440\u0436\u043a\u0456\u043d\u043e","\u0406\u0440\u0438\u043d\u0430 \u0426\u0456\u043b\u0438\u043a","\u043a\u0456\u043d\u043e\u0444\u0435\u0441\u0442\u0438\u0432\u0430\u043b\u044c","\u041b\u044f \u041f\u0430\u043b\u0456\u0441\u0456\u0430\u0434\u0430","\u041c\u043e\u043b\u043e\u0434\u0456\u0441\u0442\u044c","\u041d\u0430\u0437\u0430\u0432\u0436\u0434\u0438-\u043d\u0430\u0437\u0430\u0432\u0436\u0434\u0438","\u041d\u0456\u043c\u0435\u0447\u0447\u0438\u043d\u0430","\u041d\u0456\u043d\u0430","\u0422\u0438 \u043c\u0435\u043d\u0435 \u043b\u044e\u0431\u0438\u0448?","\u0423\u043a\u0440\u0430\u0457\u043d\u0430","\u0444\u0456\u043b\u044c\u043c\u0438","\u042f","\u042f \u0456 \u0424\u0435\u043b\u0456\u043a\u0441","\u042f\u043a \u0442\u0430\u043c \u041a\u0430\u0442\u044f?","\u042f\u043d\u0456\u043d\u0430 \u0421\u043e\u043a\u043e\u043b\u043e\u0432\u0430"],"articleSection":["\u0410\u0444\u0456\u0448\u0430","\u041a\u0443\u043b\u044c\u0442\u0443\u0440\u0430","\u0421\u0443\u0441\u043f\u0456\u043b\u044c\u0441\u0442\u0432\u043e"],"inLanguage":"uk","potentialAction":[{"@type":"CommentAction","name":"Comment","target":["https:\/\/amalberlin.de\/ua\/2023\/09\/19\/ukraine-at-the-filmfest-hamburg\/#respond"]}]},{"@type":"WebPage","@id":"https:\/\/amalberlin.de\/ua\/2023\/09\/19\/ukraine-at-the-filmfest-hamburg\/","url":"https:\/\/amalberlin.de\/ua\/2023\/09\/19\/ukraine-at-the-filmfest-hamburg\/","name":"7 \u0443\u043a\u0440\u0430\u0457\u043d\u0441\u044c\u043a\u0438\u0445 \u0444\u0456\u043b\u044c\u043c\u0456\u0432 \u0437\u043c\u0430\u0433\u0430\u0442\u0438\u043c\u0443\u0442\u044c\u0441\u044f \u0437\u0430 100 \u0442\u0438\u0441. \u0433\u0440\u043d \u043d\u0430 \u0413\u0430\u043c\u0431\u0443\u0440\u0437\u044c\u043a\u043e\u043c\u0443 \u043a\u0456\u043d\u043e\u0444\u0435\u0441\u0442\u0438\u0432\u0430\u043b\u0456: \u0432\u0441\u0456 \u0434\u0435\u0442\u0430\u043b\u0456 - Amal, Berlin!","isPartOf":{"@id":"https:\/\/amalberlin.de\/ua\/#website"},"primaryImageOfPage":{"@id":"https:\/\/amalberlin.de\/ua\/2023\/09\/19\/ukraine-at-the-filmfest-hamburg\/#primaryimage"},"image":{"@id":"https:\/\/amalberlin.de\/ua\/2023\/09\/19\/ukraine-at-the-filmfest-hamburg\/#primaryimage"},"thumbnailUrl":"https:\/\/amalberlin.de\/wp-content\/uploads\/sites\/3\/2023\/09\/65094e7eb0cc7-molodost.jpg","datePublished":"2023-09-19T15:20:38+00:00","dateModified":"2023-09-20T14:15:40+00:00","description":"\u0423 \u0413\u0430\u043c\u0431\u0443\u0440\u0437\u0456 \u0442\u0440\u0438\u0432\u0430\u0442\u0438\u043c\u0435 \u043f\u0440\u043e\u0432\u0456\u0434\u043d\u0438\u0439 \u043a\u0456\u043d\u043e\u0444\u0435\u0441\u0442\u0438\u0432\u0430\u043b\u044c \u0443 \u041d\u0456\u043c\u0435\u0447\u0447\u0438\u043d\u0456 Filmfest Hamburg-2023. \u0423 \u043a\u043e\u043d\u043a\u0443\u0440\u0441\u0456 \u0431\u0435\u0440\u0443\u0442\u044c \u0443\u0447\u0430\u0441\u0442\u044c 7 \u0443\u043a\u0440\u0430\u0457\u043d\u0441\u044c\u043a\u0438\u0445 \u0444\u0456\u043b\u044c\u043c\u0456\u0432.","breadcrumb":{"@id":"https:\/\/amalberlin.de\/ua\/2023\/09\/19\/ukraine-at-the-filmfest-hamburg\/#breadcrumb"},"inLanguage":"uk","potentialAction":[{"@type":"ReadAction","target":["https:\/\/amalberlin.de\/ua\/2023\/09\/19\/ukraine-at-the-filmfest-hamburg\/"]}]},{"@type":"ImageObject","inLanguage":"uk","@id":"https:\/\/amalberlin.de\/ua\/2023\/09\/19\/ukraine-at-the-filmfest-hamburg\/#primaryimage","url":"https:\/\/amalberlin.de\/wp-content\/uploads\/sites\/3\/2023\/09\/65094e7eb0cc7-molodost.jpg","contentUrl":"https:\/\/amalberlin.de\/wp-content\/uploads\/sites\/3\/2023\/09\/65094e7eb0cc7-molodost.jpg","width":840,"height":840,"caption":"Filmfest Hamburg-2023"},{"@type":"BreadcrumbList","@id":"https:\/\/amalberlin.de\/ua\/2023\/09\/19\/ukraine-at-the-filmfest-hamburg\/#breadcrumb","itemListElement":[{"@type":"ListItem","position":1,"name":"Home","item":"https:\/\/amalberlin.de\/ua\/"},{"@type":"ListItem","position":2,"name":"7 \u0443\u043a\u0440\u0430\u0457\u043d\u0441\u044c\u043a\u0438\u0445 \u0444\u0456\u043b\u044c\u043c\u0456\u0432 \u0437\u043c\u0430\u0433\u0430\u0442\u0438\u043c\u0443\u0442\u044c\u0441\u044f \u0437\u0430 100 \u0442\u0438\u0441. \u0433\u0440\u043d \u043d\u0430 \u0413\u0430\u043c\u0431\u0443\u0440\u0437\u044c\u043a\u043e\u043c\u0443 \u043a\u0456\u043d\u043e\u0444\u0435\u0441\u0442\u0438\u0432\u0430\u043b\u0456: \u0432\u0441\u0456 \u0434\u0435\u0442\u0430\u043b\u0456"}]},{"@type":"WebSite","@id":"https:\/\/amalberlin.de\/ua\/#website","url":"https:\/\/amalberlin.de\/ua\/","name":"Amal, Berlin!","description":"","publisher":{"@id":"https:\/\/amalberlin.de\/ua\/#organization"},"potentialAction":[{"@type":"SearchAction","target":{"@type":"EntryPoint","urlTemplate":"https:\/\/amalberlin.de\/ua\/?s={search_term_string}"},"query-input":{"@type":"PropertyValueSpecification","valueRequired":true,"valueName":"search_term_string"}}],"inLanguage":"uk"},{"@type":"Organization","@id":"https:\/\/amalberlin.de\/ua\/#organization","name":"Amal, Berlin!","url":"https:\/\/amalberlin.de\/ua\/","logo":{"@type":"ImageObject","inLanguage":"uk","@id":"https:\/\/amalberlin.de\/ua\/#\/schema\/logo\/image\/","url":"https:\/\/amalberlin.de\/wp-content\/uploads\/sites\/3\/2020\/09\/LOGO_AMAL-Berlin_Final-01.jpg","contentUrl":"https:\/\/amalberlin.de\/wp-content\/uploads\/sites\/3\/2020\/09\/LOGO_AMAL-Berlin_Final-01.jpg","width":250,"height":220,"caption":"Amal, Berlin!"},"image":{"@id":"https:\/\/amalberlin.de\/ua\/#\/schema\/logo\/image\/"},"sameAs":["https:\/\/www.facebook.com\/AmalBerlinNews\/","https:\/\/www.instagram.com\/amalberlin\/?hl=en","https:\/\/www.youtube.com\/channel\/UCTDDzpr6EmhT1wLO0hszrrg"]},{"@type":"Person","@id":"https:\/\/amalberlin.de\/ua\/#\/schema\/person\/1daebc894606b9158acf005edecfe48b","name":"Olena Melnyk","image":{"@type":"ImageObject","inLanguage":"uk","@id":"https:\/\/amalberlin.de\/wp-content\/uploads\/sites\/3\/2023\/07\/WhatsApp-Image-2022-11-10-at-13.56.142-125x125.jpeg","url":"https:\/\/amalberlin.de\/wp-content\/uploads\/sites\/3\/2023\/07\/WhatsApp-Image-2022-11-10-at-13.56.142-125x125.jpeg","contentUrl":"https:\/\/amalberlin.de\/wp-content\/uploads\/sites\/3\/2023\/07\/WhatsApp-Image-2022-11-10-at-13.56.142-125x125.jpeg","caption":"Olena Melnyk"},"description":"Journalistin, Nachrichtenredakteurin und SMM-Manager aus der Ukraine. Die sechs Jahre vor Begin der neuen Invasion der Ukraine durch Russland lebte sie in Kiew und arbeitete im Bereich Journalismus und Social Media. Sie arbeitete in f\u00fchrenden ukrainischen Medien. Olena Melnyk interessiert sich f\u00fcr konvergente Editionen, eine Kombination aus Genres und Stilen. Sie verf\u00fcgt \u00fcber Erfahrung in Radio, Fernsehen und Online-Medien. Sie spielt Volleyball und schwimmt, mag Brettspiele und kurze Radtouren.","url":"https:\/\/amalberlin.de\/ua\/author\/olena-amal\/"}]}},"_links":{"self":[{"href":"https:\/\/amalberlin.de\/ua\/wp-json\/wp\/v2\/posts\/206755","targetHints":{"allow":["GET"]}}],"collection":[{"href":"https:\/\/amalberlin.de\/ua\/wp-json\/wp\/v2\/posts"}],"about":[{"href":"https:\/\/amalberlin.de\/ua\/wp-json\/wp\/v2\/types\/post"}],"author":[{"embeddable":true,"href":"https:\/\/amalberlin.de\/ua\/wp-json\/wp\/v2\/users\/43"}],"replies":[{"embeddable":true,"href":"https:\/\/amalberlin.de\/ua\/wp-json\/wp\/v2\/comments?post=206755"}],"version-history":[{"count":9,"href":"https:\/\/amalberlin.de\/ua\/wp-json\/wp\/v2\/posts\/206755\/revisions"}],"predecessor-version":[{"id":206804,"href":"https:\/\/amalberlin.de\/ua\/wp-json\/wp\/v2\/posts\/206755\/revisions\/206804"}],"wp:featuredmedia":[{"embeddable":true,"href":"https:\/\/amalberlin.de\/ua\/wp-json\/wp\/v2\/media\/206798"}],"wp:attachment":[{"href":"https:\/\/amalberlin.de\/ua\/wp-json\/wp\/v2\/media?parent=206755"}],"wp:term":[{"taxonomy":"category","embeddable":true,"href":"https:\/\/amalberlin.de\/ua\/wp-json\/wp\/v2\/categories?post=206755"},{"taxonomy":"post_tag","embeddable":true,"href":"https:\/\/amalberlin.de\/ua\/wp-json\/wp\/v2\/tags?post=206755"}],"curies":[{"name":"wp","href":"https:\/\/api.w.org\/{rel}","templated":true}]}}