{"id":279400,"date":"2025-08-25T14:54:03","date_gmt":"2025-08-25T12:54:03","guid":{"rendered":"https:\/\/amalberlin.de\/?p=279400"},"modified":"2025-08-26T14:35:48","modified_gmt":"2025-08-26T12:35:48","slug":"%d9%81%d8%b4%d8%a7%d8%b1-%d8%b3%d8%a7%d8%b2%d9%85%d8%a7%d9%86%d9%87%d8%a7%db%8c-%d8%ad%d9%82%d9%88%d9%82-%d8%a8%d8%b4%d8%b1%db%8c-%d8%a8%d8%b1%d8%a7%db%8c-%d8%ad%d9%81%d8%a7%d8%b8%d8%aa","status":"publish","type":"post","link":"https:\/\/amalberlin.de\/fa\/2025\/08\/25\/%d9%81%d8%b4%d8%a7%d8%b1-%d8%b3%d8%a7%d8%b2%d9%85%d8%a7%d9%86%d9%87%d8%a7%db%8c-%d8%ad%d9%82%d9%88%d9%82-%d8%a8%d8%b4%d8%b1%db%8c-%d8%a8%d8%b1%d8%a7%db%8c-%d8%ad%d9%81%d8%a7%d8%b8%d8%aa\/","title":{"rendered":"\u0641\u0634\u0627\u0631 \u0646\u0647\u0627\u062f\u0647\u0627\u06cc \u062d\u0642\u0648\u0642 \u0628\u0634\u0631\u06cc \u0628\u0631\u0627\u06cc \u062d\u0641\u0627\u0638\u062a \u0627\u0632 \u0627\u0641\u063a\u0627\u0646\u200c\u0647\u0627\u06cc \u0622\u0633\u06cc\u0628\u200c\u067e\u0630\u06cc\u0631 \u062f\u0631 \u067e\u0627\u06a9\u0633\u062a\u0627\u0646"},"content":{"rendered":"<p dir=\"rtl\">\u0686\u0646\u062f\u06cc\u0646 \u0633\u0627\u0632\u0645\u0627\u0646 \u062d\u0642\u0648\u0642 \u0628\u0634\u0631\u06cc \u0648 \u063a\u06cc\u0631\u062f\u0648\u0644\u062a\u06cc\u060c \u0627\u0632 \u062c\u0645\u0644\u0647 \u0639\u0641\u0648 \u0628\u06cc\u0646\u200c\u0627\u0644\u0645\u0644\u0644 \u0622\u0644\u0645\u0627\u0646\u060c \u06a9\u0627\u0631\u06cc\u062a\u0627\u0633 \u0622\u0644\u0645\u0627\u0646\u060c \u062e\u0628\u0631\u0646\u06af\u0627\u0631\u0627\u0646 \u0628\u062f\u0648\u0646 \u0645\u0631\u0632 \u0648 \u0645\u062f\u06cc\u06a9\u0648 \u0627\u06cc\u0646\u062a\u0631\u0646\u0634\u0646\u0627\u0644\u060c \u0627\u0632 \u062f\u0648\u0644\u062a \u0622\u0644\u0645\u0627\u0646 \u062e\u0648\u0627\u0633\u062a\u0647\u200c\u0627\u0646\u062f \u06a9\u0647 \u0627\u0642\u062f\u0627\u0645\u0627\u062a \u0641\u0648\u0631\u06cc \u0628\u0631\u0627\u06cc \u062d\u0641\u0627\u0638\u062a \u0627\u0632 \u0627\u0641\u063a\u0627\u0646\u200c\u0647\u0627\u06cc\u06cc \u0627\u0646\u062c\u0627\u0645 \u062f\u0647\u062f \u06a9\u0647 \u0628\u0627 \u0648\u062c\u0648\u062f \u062f\u0627\u0634\u062a\u0646 \u062a\u0627\u06cc\u06cc\u062f\u06cc\u0647 \u067e\u0630\u06cc\u0631\u0634 \u0628\u0631\u0627\u06cc \u0645\u0647\u0627\u062c\u0631\u062a \u0628\u0647 \u0622\u0644\u0645\u0627\u0646\u060c \u062f\u0631 \u067e\u0627\u06a9\u0633\u062a\u0627\u0646 \u0628\u0627 \u062e\u0637\u0631 \u0628\u0627\u0632\u06af\u0634\u062a \u0627\u062c\u0628\u0627\u0631\u06cc \u0628\u0647 \u06a9\u0634\u0648\u0631\u0634\u0627\u0646 \u0631\u0648\u0628\u0647\u200c\u0631\u0648 \u0647\u0633\u062a\u0646\u062f. \u0627\u06cc\u0646 \u0633\u0627\u0632\u0645\u0627\u0646\u200c\u0647\u0627 \u0647\u0634\u062f\u0627\u0631 \u062f\u0627\u062f\u0647\u200c\u0627\u0646\u062f \u06a9\u0647 \u0637\u0648\u0644\u0627\u0646\u06cc \u0634\u062f\u0646 \u0631\u0648\u0646\u062f \u0628\u0631\u0631\u0633\u06cc \u067e\u0631\u0648\u0646\u062f\u0647\u200c\u0647\u0627\u060c \u0627\u062d\u062a\u0645\u0627\u0644 \u0628\u0627\u0632\u06af\u0631\u062f\u0627\u0646\u062f\u0646 \u0627\u06cc\u0646 \u0627\u0641\u0631\u0627\u062f \u0628\u0647 \u0627\u0641\u063a\u0627\u0646\u0633\u062a\u0627\u0646 \u0631\u0627 \u0627\u0641\u0632\u0627\u06cc\u0634 \u0645\u06cc\u200c\u062f\u0647\u062f.<\/p>\n<h2 dir=\"rtl\">\u0646\u0627\u0645\u0647 \u0633\u0631\u06af\u0634\u0627\u062f\u0647 \u0648 \u062f\u0631\u062e\u0648\u0627\u0633\u062a \u0627\u0642\u062f\u0627\u0645 \u0641\u0648\u0631\u06cc<\/h2>\n<p dir=\"rtl\"><a href=\"https:\/\/www.tagesschau.de\/inland\/innenpolitik\/ortskraefte-afghanistan-aufnahme-102.html\">\u0628\u0647\u200c\u06af\u0632\u0631\u0627\u0634 \u062a\u0627\u06af\u0633\u200c\u0634\u0627\u0648<\/a>\u060c \u062f\u0631 \u0646\u0627\u0645\u0647\u200c\u0627\u06cc \u0633\u0631\u06af\u0634\u0627\u062f\u0647 \u06a9\u0647 \u0627\u0632 \u0633\u0648\u06cc \u0627\u0646\u062c\u0645\u0646 \u0648\u06a9\u0644\u0627\u06cc \u0622\u0644\u0645\u0627\u0646 (Deutscher Anwaltverein) \u062a\u0646\u0638\u06cc\u0645 \u0648 \u062a\u0648\u0633\u0637 \u0633\u0627\u0632\u0645\u0627\u0646\u200c\u0647\u0627\u06cc \u06cc\u0627\u062f\u0634\u062f\u0647 \u0627\u0645\u0636\u0627 \u0634\u062f\u0647 \u0627\u0633\u062a\u060c \u062e\u0637\u0627\u0628 \u0628\u0647 \u06cc\u0648\u0647\u0627\u0646 \u0648\u0627\u062f\u0647\u200c\u0641\u0648\u0644\u060c \u0648\u0632\u06cc\u0631 \u062e\u0627\u0631\u062c\u0647\u060c \u0648 \u0627\u0644\u06a9\u0633\u0627\u0646\u062f\u0631 \u062f\u0648\u0628\u0631\u06cc\u0646\u062a\u060c \u0648\u0632\u06cc\u0631 \u062f\u0627\u062e\u0644\u0647 \u0641\u062f\u0631\u0627\u0644 \u0622\u0644\u0645\u0627\u0646\u060c \u0622\u0645\u062f\u0647 \u0627\u0633\u062a: \u00ab\u0627\u06a9\u0646\u0648\u0646 \u0627\u0642\u062f\u0627\u0645 \u06a9\u0646\u06cc\u062f\u060c \u067e\u06cc\u0634 \u0627\u0632 \u0622\u0646\u06a9\u0647 \u0628\u0631\u0627\u06cc \u0628\u0633\u06cc\u0627\u0631\u06cc \u062f\u06cc\u0631 \u0634\u0648\u062f.\u00bb \u0627\u0645\u0636\u0627\u06a9\u0646\u0646\u062f\u06af\u0627\u0646 \u062e\u0648\u0627\u0633\u062a\u0627\u0631 \u06a9\u0648\u062a\u0627\u0647 \u0634\u062f\u0646 \u0631\u0648\u0646\u062f \u0628\u0631\u0631\u0633\u06cc\u200c\u0647\u0627\u06cc \u0627\u0645\u0646\u06cc\u062a\u06cc \u0648 \u0635\u062f\u0648\u0631 \u0648\u06cc\u0632\u0627\u060c \u0647\u0645\u0627\u0647\u0646\u06af\u06cc \u0646\u0632\u062f\u06cc\u06a9\u200c\u062a\u0631 \u0628\u0627 \u067e\u0627\u06a9\u0633\u062a\u0627\u0646 \u0648 \u0634\u0631\u06a9\u0627\u06cc \u0628\u06cc\u0646\u200c\u0627\u0644\u0645\u0644\u0644\u06cc \u0648 \u0627\u062a\u062e\u0627\u0630 \u0627\u0642\u062f\u0627\u0645\u0627\u062a \u0641\u0648\u0631\u06cc \u0628\u0631\u0627\u06cc \u062c\u0644\u0648\u06af\u06cc\u0631\u06cc \u0627\u0632 \u0628\u0627\u0632\u062f\u0627\u0634\u062a \u06cc\u0627 \u0628\u0627\u0632\u06af\u0631\u062f\u0627\u0646\u062f\u0646 \u0627\u062c\u0628\u0627\u0631\u06cc \u0627\u0641\u063a\u0627\u0646\u200c\u0647\u0627 \u0634\u062f\u0647\u200c\u0627\u0646\u062f.<\/p>\n<h2 dir=\"rtl\">\u0645\u0648\u0636\u0639 \u0648\u0632\u0627\u0631\u062a \u062f\u0627\u062e\u0644\u0647 \u0622\u0644\u0645\u0627\u0646<\/h2>\n<p dir=\"rtl\">\u0627\u0644\u06a9\u0633\u0627\u0646\u062f\u0631 \u062f\u0648\u0628\u0631\u06cc\u0646\u062a\u060c \u0648\u0632\u06cc\u0631 \u062f\u0627\u062e\u0644\u0647 \u0622\u0644\u0645\u0627\u0646\u060c \u062f\u0631 \u0648\u0627\u06a9\u0646\u0634 \u0628\u0647 \u0627\u0646\u062a\u0642\u0627\u062f\u0647\u0627 \u0647\u0631\u06af\u0648\u0646\u0647 \u06a9\u0648\u062a\u0627\u0647\u06cc \u062f\u0631 \u0631\u0648\u0646\u062f \u067e\u0630\u06cc\u0631\u0634 \u0627\u0641\u063a\u0627\u0646\u200c\u0647\u0627\u06cc \u0648\u0627\u062c\u062f \u0634\u0631\u0627\u06cc\u0637 \u0631\u0627 \u0631\u062f \u06a9\u0631\u062f. \u0627\u0648 \u062f\u0631 \u00ab\u0631\u0648\u0632 \u062f\u0631\u0647\u0627\u06cc \u0628\u0627\u0632 \u062f\u0648\u0644\u062a \u0641\u062f\u0631\u0627\u0644\u00bb \u06af\u0641\u062a \u06a9\u0647 \u0646\u0645\u06cc\u200c\u062a\u0648\u0627\u0646 \u0627\u0646\u062a\u0638\u0627\u0631 \u062f\u0627\u0634\u062a \u0645\u0634\u06a9\u0644\u06cc \u06a9\u0647 \u0645\u0627\u0647\u200c\u0647\u0627 \u0648 \u0633\u0627\u0644\u200c\u0647\u0627 \u062d\u0644 \u0646\u0634\u062f\u0647\u060c \u062f\u0631 \u0686\u0646\u062f \u0647\u0641\u062a\u0647 \u0628\u0631\u0637\u0631\u0641 \u0634\u0648\u062f. \u0628\u0647 \u06af\u0641\u062a\u0647 \u0627\u0648\u060c \u0631\u0648\u0646\u062f \u067e\u0630\u06cc\u0631\u0634 \u0648 \u0628\u0631\u0631\u0633\u06cc\u200c\u0647\u0627\u06cc \u0627\u0645\u0646\u06cc\u062a\u06cc \u0628\u0627\u06cc\u062f \u0628\u0647\u200c\u0637\u0648\u0631 \u06a9\u0627\u0645\u0644 \u0627\u0646\u062c\u0627\u0645 \u0634\u0648\u062f \u0648 \u0627\u0648 \u062d\u0627\u0636\u0631 \u0646\u06cc\u0633\u062a \u0627\u0632 \u0627\u06cc\u0646 \u0645\u0631\u0627\u062d\u0644 \u0642\u0627\u0646\u0648\u0646\u06cc \u0686\u0634\u0645\u200c\u067e\u0648\u0634\u06cc \u06a9\u0646\u062f. \u062f\u0648\u0628\u0631\u06cc\u0646\u062a \u0627\u0641\u0632\u0648\u062f \u06a9\u0647 \u06a9\u0627\u0631\u06a9\u0646\u0627\u0646 \u0622\u0644\u0645\u0627\u0646\u06cc \u062f\u0648\u0628\u0627\u0631\u0647 \u062f\u0631 \u0645\u062d\u0644 \u0645\u0633\u062a\u0642\u0631 \u0634\u062f\u0647\u200c\u0627\u0646\u062f \u062a\u0627 \u067e\u0631\u0648\u0646\u062f\u0647\u200c\u0647\u0627 \u0631\u0627 \u0647\u0645\u0631\u0627\u0647 \u0628\u0627 \u0628\u0631\u0631\u0633\u06cc\u200c\u0647\u0627\u06cc \u0627\u0645\u0646\u06cc\u062a\u06cc \u067e\u06cc\u0634 \u0628\u0628\u0631\u0646\u062f\u060c \u0627\u0645\u0627 \u0627\u06cc\u0646 \u0631\u0648\u0646\u062f \u0632\u0645\u0627\u0646\u200c\u0628\u0631 \u0627\u0633\u062a. \u0627\u0648 \u062a\u0623\u06a9\u06cc\u062f \u06a9\u0631\u062f \u06a9\u0647 \u062f\u0631 \u0635\u0648\u0631\u062a \u062f\u0631\u06cc\u0627\u0641\u062a \u067e\u0627\u0633\u062e \u0645\u0646\u0641\u06cc \u0627\u0632 \u0628\u0631\u0631\u0633\u06cc\u200c\u0647\u0627\u060c \u0627\u06cc\u0646 \u0627\u0641\u0631\u0627\u062f \u0627\u062c\u0627\u0632\u0647 \u0648\u0631\u0648\u062f \u0628\u0647 \u0622\u0644\u0645\u0627\u0646 \u0631\u0627 \u0646\u062e\u0648\u0627\u0647\u0646\u062f \u062f\u0627\u0634\u062a.<\/p>\n<h2 dir=\"rtl\">\u0648\u0636\u0639\u06cc\u062a \u0627\u0641\u063a\u0627\u0646\u200c\u0647\u0627 \u062f\u0631 \u067e\u0627\u06a9\u0633\u062a\u0627\u0646<\/h2>\n<p dir=\"rtl\">\u067e\u0633 \u0627\u0632 \u0628\u0647\u200c\u0642\u062f\u0631\u062a \u0631\u0633\u06cc\u062f\u0646 \u0637\u0627\u0644\u0628\u0627\u0646 \u062f\u0631 \u0627\u0641\u063a\u0627\u0646\u0633\u062a\u0627\u0646\u060c \u062f\u0648\u0644\u062a \u0622\u0644\u0645\u0627\u0646 \u0628\u0647 \u0634\u0645\u0627\u0631\u06cc \u0627\u0632 \u0627\u0641\u063a\u0627\u0646\u200c\u0647\u0627\u060c \u0627\u0632 \u062c\u0645\u0644\u0647 \u0646\u06cc\u0631\u0648\u0647\u0627\u06cc \u0645\u062d\u0644\u06cc\u060c \u0641\u0639\u0627\u0644\u0627\u0646 \u062d\u0642\u0648\u0642 \u0628\u0634\u0631 \u0648 \u062e\u0628\u0631\u0646\u06af\u0627\u0631\u0627\u0646\u060c \u0648\u0639\u062f\u0647 \u067e\u0630\u06cc\u0631\u0634 \u062f\u0627\u062f\u0647 \u0628\u0648\u062f. \u062f\u0631 \u062d\u0627\u0644 \u062d\u0627\u0636\u0631 \u062d\u062f\u0648\u062f \u062f\u0648 \u0647\u0632\u0627\u0631 \u0627\u0641\u063a\u0627\u0646 \u0628\u0627 \u062f\u0627\u0634\u062a\u0646 \u062a\u0627\u06cc\u06cc\u062f\u06cc\u0647 \u067e\u0630\u06cc\u0631\u0634 \u062f\u0631 \u067e\u0627\u06a9\u0633\u062a\u0627\u0646 \u0645\u0646\u062a\u0638\u0631 \u0627\u0646\u062a\u0642\u0627\u0644 \u0628\u0647 \u0622\u0644\u0645\u0627\u0646 \u0647\u0633\u062a\u0646\u062f. \u0645\u0642\u0627\u0645\u0627\u062a \u067e\u0627\u06a9\u0633\u062a\u0627\u0646\u06cc \u0627\u062e\u06cc\u0631\u0627\u064b \u0627\u0642\u062f\u0627\u0645 \u0628\u0647 \u0628\u0627\u0632\u062f\u0627\u0634\u062a \u0627\u06cc\u0646 \u0627\u0641\u0631\u0627\u062f \u06a9\u0631\u062f\u0647\u200c\u0627\u0646\u062f\u061b \u0628\u06cc\u0634 \u0627\u0632 \u06f4\u06f5\u06f0 \u0646\u0641\u0631 \u0627\u0632 \u0627\u0641\u063a\u0627\u0646\u200c\u0647\u0627\u06cc \u062f\u0627\u0631\u0627\u06cc \u062a\u0627\u06cc\u06cc\u062f\u06cc\u0647 \u0622\u0644\u0645\u0627\u0646 \u0628\u0627\u0632\u062f\u0627\u0634\u062a \u0634\u062f\u0647\u200c\u0627\u0646\u062f \u06a9\u0647 \u067e\u0633 \u0627\u0632 \u0645\u062f\u0627\u062e\u0644\u0647 \u062f\u0648\u0644\u062a \u0622\u0644\u0645\u0627\u0646\u060c \u06f2\u06f4\u06f5 \u0646\u0641\u0631 \u0622\u0646\u0647\u0627 \u0622\u0632\u0627\u062f \u0634\u062f\u0646\u062f. \u0647\u0645\u0686\u0646\u06cc\u0646\u060c \u062a\u0627\u06a9\u0646\u0648\u0646 \u06f2\u06f1\u06f0 \u0646\u0641\u0631 \u0628\u0647 \u0627\u0641\u063a\u0627\u0646\u0633\u062a\u0627\u0646 \u0628\u0627\u0632\u06af\u0631\u062f\u0627\u0646\u062f\u0647 \u0634\u062f\u0647\u200c\u0627\u0646\u062f.<\/p>\n<p dir=\"ltr\">Foto:\u00a0Julian Stratenschulte\/dpa<\/p>\n","protected":false},"excerpt":{"rendered":"<p>\u0686\u0646\u062f\u06cc\u0646 \u0633\u0627\u0632\u0645\u0627\u0646 \u062d\u0642\u0648\u0642 \u0628\u0634\u0631\u06cc \u0648 \u063a\u06cc\u0631\u062f\u0648\u0644\u062a\u06cc\u060c \u0627\u0632 \u062c\u0645\u0644\u0647 \u0639\u0641\u0648 \u0628\u06cc\u0646\u200c\u0627\u0644\u0645\u0644\u0644 \u0622\u0644\u0645\u0627\u0646\u060c \u06a9\u0627\u0631\u06cc\u062a\u0627\u0633 \u0622\u0644\u0645\u0627\u0646\u060c \u062e\u0628\u0631\u0646\u06af\u0627\u0631\u0627\u0646 \u0628\u062f\u0648\u0646 \u0645\u0631\u0632 \u0648 \u0645\u062f\u06cc\u06a9\u0648 \u0627\u06cc\u0646\u062a\u0631\u0646\u0634\u0646\u0627\u0644\u060c \u0627\u0632 \u062f\u0648\u0644\u062a \u0622\u0644\u0645\u0627\u0646 \u062e\u0648\u0627\u0633\u062a\u0647\u200c\u0627\u0646\u062f \u06a9\u0647 \u0627\u0642\u062f\u0627\u0645\u0627\u062a \u0641\u0648\u0631\u06cc \u0628\u0631\u0627\u06cc \u062d\u0641\u0627\u0638\u062a \u0627\u0632 \u0627\u0641\u063a\u0627\u0646\u200c\u0647\u0627\u06cc\u06cc \u0627\u0646\u062c\u0627\u0645 \u062f\u0647\u062f \u06a9\u0647 \u0628\u0627 \u0648\u062c\u0648\u062f \u062f\u0627\u0634\u062a\u0646 \u062a\u0627\u06cc\u06cc\u062f\u06cc\u0647 \u067e\u0630\u06cc\u0631\u0634 \u0628\u0631\u0627\u06cc \u0645\u0647\u0627\u062c\u0631\u062a \u0628\u0647 \u0622\u0644\u0645\u0627\u0646\u060c \u062f\u0631 \u067e\u0627\u06a9\u0633\u062a\u0627\u0646 \u0628\u0627 \u062e\u0637\u0631 \u0628\u0627\u0632\u06af\u0634\u062a \u0627\u062c\u0628\u0627\u0631\u06cc \u0628\u0647 \u06a9\u0634\u0648\u0631\u0634\u0627\u0646 \u0631\u0648\u0628\u0647\u200c\u0631\u0648 \u0647\u0633\u062a\u0646\u062f. \u0627\u06cc\u0646 \u0633\u0627\u0632\u0645\u0627\u0646\u200c\u0647\u0627 \u0647\u0634\u062f\u0627\u0631&#8230;  <a class=\"excerpt-read-more\" href=\"https:\/\/amalberlin.de\/fa\/2025\/08\/25\/%d9%81%d8%b4%d8%a7%d8%b1-%d8%b3%d8%a7%d8%b2%d9%85%d8%a7%d9%86%d9%87%d8%a7%db%8c-%d8%ad%d9%82%d9%88%d9%82-%d8%a8%d8%b4%d8%b1%db%8c-%d8%a8%d8%b1%d8%a7%db%8c-%d8%ad%d9%81%d8%a7%d8%b8%d8%aa\/\" title=\"Read \u0641\u0634\u0627\u0631 \u0646\u0647\u0627\u062f\u0647\u0627\u06cc \u062d\u0642\u0648\u0642 \u0628\u0634\u0631\u06cc \u0628\u0631\u0627\u06cc \u062d\u0641\u0627\u0638\u062a \u0627\u0632 \u0627\u0641\u063a\u0627\u0646\u200c\u0647\u0627\u06cc \u0622\u0633\u06cc\u0628\u200c\u067e\u0630\u06cc\u0631 \u062f\u0631 \u067e\u0627\u06a9\u0633\u062a\u0627\u0646\">Read more &raquo;<\/a><\/p>\n","protected":false},"author":16,"featured_media":279496,"comment_status":"closed","ping_status":"open","sticky":false,"template":"","format":"standard","meta":{"_acf_changed":false,"footnotes":""},"categories":[7679,122],"tags":[18147,7449,16690,16689,16458],"class_list":["post-279400","post","type-post","status-publish","format-standard","has-post-thumbnail","hentry","category-7679","category-politics-fa","tag-18147","tag-7449","tag-16690","tag-16689","tag-16458"],"acf":[],"yoast_head":"<!-- This site is optimized with the Yoast SEO plugin v27.5 - https:\/\/yoast.com\/product\/yoast-seo-wordpress\/ -->\n<title>\u0641\u0634\u0627\u0631 \u0646\u0647\u0627\u062f\u0647\u0627\u06cc \u062d\u0642\u0648\u0642 \u0628\u0634\u0631\u06cc \u0628\u0631\u0627\u06cc \u062d\u0641\u0627\u0638\u062a \u0627\u0632 \u0627\u0641\u063a\u0627\u0646\u200c\u0647\u0627\u06cc \u0622\u0633\u06cc\u0628\u200c\u067e\u0630\u06cc\u0631 \u062f\u0631 \u067e\u0627\u06a9\u0633\u062a\u0627\u0646 - Amal, Berlin!<\/title>\n<meta name=\"description\" content=\"\u0627\u0642\u062f\u0627\u0645\u0627\u062a \u0641\u0648\u0631\u06cc \u0628\u0631\u0627\u06cc \u062d\u0641\u0627\u0638\u062a \u0627\u0632 \u0627\u0641\u063a\u0627\u0646\u200c\u0647\u0627\u06cc\u06cc \u0627\u0646\u062c\u0627\u0645 \u062f\u0647\u062f \u06a9\u0647 \u0628\u0627 \u0648\u062c\u0648\u062f \u062f\u0627\u0634\u062a\u0646 \u062a\u0627\u06cc\u06cc\u062f\u06cc\u0647 \u067e\u0630\u06cc\u0631\u0634 \u0628\u0631\u0627\u06cc \u0645\u0647\u0627\u062c\u0631\u062a \u0628\u0647 \u0622\u0644\u0645\u0627\u0646\u060c \u062f\u0631 \u067e\u0627\u06a9\u0633\u062a\u0627\u0646 \u0628\u0627 \u062e\u0637\u0631 \u0628\" \/>\n<meta name=\"robots\" content=\"index, follow, max-snippet:-1, max-image-preview:large, max-video-preview:-1\" \/>\n<link rel=\"canonical\" href=\"https:\/\/amalberlin.de\/fa\/2025\/08\/25\/%d9%81%d8%b4%d8%a7%d8%b1-%d8%b3%d8%a7%d8%b2%d9%85%d8%a7%d9%86%d9%87%d8%a7%db%8c-%d8%ad%d9%82%d9%88%d9%82-%d8%a8%d8%b4%d8%b1%db%8c-%d8%a8%d8%b1%d8%a7%db%8c-%d8%ad%d9%81%d8%a7%d8%b8%d8%aa\/\" \/>\n<meta property=\"og:locale\" content=\"fa_IR\" \/>\n<meta property=\"og:type\" content=\"article\" \/>\n<meta property=\"og:title\" content=\"\u0641\u0634\u0627\u0631 \u0646\u0647\u0627\u062f\u0647\u0627\u06cc \u062d\u0642\u0648\u0642 \u0628\u0634\u0631\u06cc \u0628\u0631\u0627\u06cc \u062d\u0641\u0627\u0638\u062a \u0627\u0632 \u0627\u0641\u063a\u0627\u0646\u200c\u0647\u0627\u06cc \u0622\u0633\u06cc\u0628\u200c\u067e\u0630\u06cc\u0631 \u062f\u0631 \u067e\u0627\u06a9\u0633\u062a\u0627\u0646 - Amal, Berlin!\" \/>\n<meta property=\"og:description\" content=\"\u0627\u0642\u062f\u0627\u0645\u0627\u062a \u0641\u0648\u0631\u06cc \u0628\u0631\u0627\u06cc \u062d\u0641\u0627\u0638\u062a \u0627\u0632 \u0627\u0641\u063a\u0627\u0646\u200c\u0647\u0627\u06cc\u06cc \u0627\u0646\u062c\u0627\u0645 \u062f\u0647\u062f \u06a9\u0647 \u0628\u0627 \u0648\u062c\u0648\u062f \u062f\u0627\u0634\u062a\u0646 \u062a\u0627\u06cc\u06cc\u062f\u06cc\u0647 \u067e\u0630\u06cc\u0631\u0634 \u0628\u0631\u0627\u06cc \u0645\u0647\u0627\u062c\u0631\u062a \u0628\u0647 \u0622\u0644\u0645\u0627\u0646\u060c \u062f\u0631 \u067e\u0627\u06a9\u0633\u062a\u0627\u0646 \u0628\u0627 \u062e\u0637\u0631 \u0628\" \/>\n<meta property=\"og:url\" content=\"https:\/\/amalberlin.de\/fa\/2025\/08\/25\/%d9%81%d8%b4%d8%a7%d8%b1-%d8%b3%d8%a7%d8%b2%d9%85%d8%a7%d9%86%d9%87%d8%a7%db%8c-%d8%ad%d9%82%d9%88%d9%82-%d8%a8%d8%b4%d8%b1%db%8c-%d8%a8%d8%b1%d8%a7%db%8c-%d8%ad%d9%81%d8%a7%d8%b8%d8%aa\/\" \/>\n<meta property=\"og:site_name\" content=\"Amal, Berlin!\" \/>\n<meta property=\"article:publisher\" content=\"https:\/\/www.facebook.com\/AmalBerlinNews\/\" \/>\n<meta property=\"article:author\" content=\"n.langar@hamburgmediaschool.com\" \/>\n<meta property=\"article:published_time\" content=\"2025-08-25T12:54:03+00:00\" \/>\n<meta property=\"article:modified_time\" content=\"2025-08-26T12:35:48+00:00\" \/>\n<meta property=\"og:image\" content=\"https:\/\/amalberlin.de\/wp-content\/uploads\/sites\/3\/2025\/08\/Julian-Stratenschultedpa-scaled.jpeg\" \/>\n\t<meta property=\"og:image:width\" content=\"2560\" \/>\n\t<meta property=\"og:image:height\" content=\"1417\" \/>\n\t<meta property=\"og:image:type\" content=\"image\/jpeg\" \/>\n<meta name=\"author\" content=\"Nilab Langar\" \/>\n<meta name=\"twitter:card\" content=\"summary_large_image\" \/>\n<meta name=\"twitter:label1\" content=\"\u0646\u0648\u0634\u062a\u0647\u200c\u0634\u062f\u0647 \u0628\u062f\u0633\u062a\" \/>\n\t<meta name=\"twitter:data1\" content=\"\u0646\u06cc\u0644\u0627\u0628 \u0644\u0646\u06af\u0631\" \/>\n\t<meta name=\"twitter:label2\" content=\"\u0632\u0645\u0627\u0646 \u062a\u0642\u0631\u06cc\u0628\u06cc \u0628\u0631\u0627\u06cc \u062e\u0648\u0627\u0646\u062f\u0646\" \/>\n\t<meta name=\"twitter:data2\" content=\"3 \u062f\u0642\u06cc\u0642\u0647\" \/>\n<script type=\"application\/ld+json\" class=\"yoast-schema-graph\">{\"@context\":\"https:\\\/\\\/schema.org\",\"@graph\":[{\"@type\":\"Article\",\"@id\":\"https:\\\/\\\/amalberlin.de\\\/fa\\\/2025\\\/08\\\/25\\\/%d9%81%d8%b4%d8%a7%d8%b1-%d8%b3%d8%a7%d8%b2%d9%85%d8%a7%d9%86%d9%87%d8%a7%db%8c-%d8%ad%d9%82%d9%88%d9%82-%d8%a8%d8%b4%d8%b1%db%8c-%d8%a8%d8%b1%d8%a7%db%8c-%d8%ad%d9%81%d8%a7%d8%b8%d8%aa\\\/#article\",\"isPartOf\":{\"@id\":\"https:\\\/\\\/amalberlin.de\\\/fa\\\/2025\\\/08\\\/25\\\/%d9%81%d8%b4%d8%a7%d8%b1-%d8%b3%d8%a7%d8%b2%d9%85%d8%a7%d9%86%d9%87%d8%a7%db%8c-%d8%ad%d9%82%d9%88%d9%82-%d8%a8%d8%b4%d8%b1%db%8c-%d8%a8%d8%b1%d8%a7%db%8c-%d8%ad%d9%81%d8%a7%d8%b8%d8%aa\\\/\"},\"author\":{\"name\":\"Nilab Langar\",\"@id\":\"https:\\\/\\\/amalberlin.de\\\/fa\\\/#\\\/schema\\\/person\\\/6c2ec781e5c3de1d30b2c10addb60d56\"},\"headline\":\"\u0641\u0634\u0627\u0631 \u0646\u0647\u0627\u062f\u0647\u0627\u06cc \u062d\u0642\u0648\u0642 \u0628\u0634\u0631\u06cc \u0628\u0631\u0627\u06cc \u062d\u0641\u0627\u0638\u062a \u0627\u0632 \u0627\u0641\u063a\u0627\u0646\u200c\u0647\u0627\u06cc \u0622\u0633\u06cc\u0628\u200c\u067e\u0630\u06cc\u0631 \u062f\u0631 \u067e\u0627\u06a9\u0633\u062a\u0627\u0646\",\"datePublished\":\"2025-08-25T12:54:03+00:00\",\"dateModified\":\"2025-08-26T12:35:48+00:00\",\"mainEntityOfPage\":{\"@id\":\"https:\\\/\\\/amalberlin.de\\\/fa\\\/2025\\\/08\\\/25\\\/%d9%81%d8%b4%d8%a7%d8%b1-%d8%b3%d8%a7%d8%b2%d9%85%d8%a7%d9%86%d9%87%d8%a7%db%8c-%d8%ad%d9%82%d9%88%d9%82-%d8%a8%d8%b4%d8%b1%db%8c-%d8%a8%d8%b1%d8%a7%db%8c-%d8%ad%d9%81%d8%a7%d8%b8%d8%aa\\\/\"},\"wordCount\":6,\"publisher\":{\"@id\":\"https:\\\/\\\/amalberlin.de\\\/fa\\\/#organization\"},\"image\":{\"@id\":\"https:\\\/\\\/amalberlin.de\\\/fa\\\/2025\\\/08\\\/25\\\/%d9%81%d8%b4%d8%a7%d8%b1-%d8%b3%d8%a7%d8%b2%d9%85%d8%a7%d9%86%d9%87%d8%a7%db%8c-%d8%ad%d9%82%d9%88%d9%82-%d8%a8%d8%b4%d8%b1%db%8c-%d8%a8%d8%b1%d8%a7%db%8c-%d8%ad%d9%81%d8%a7%d8%b8%d8%aa\\\/#primaryimage\"},\"thumbnailUrl\":\"https:\\\/\\\/amalberlin.de\\\/wp-content\\\/uploads\\\/sites\\\/3\\\/2025\\\/08\\\/Julian-Stratenschultedpa-scaled.jpeg\",\"keywords\":[\"\u0628\u0631\u0646\u0627\u0645\u0647 \u067e\u0630\u06cc\u0631\u0634 \u0641\u062f\u0631\u0627\u0644\",\"\u067e\u0630\u06cc\u0631\u0634\",\"\u067e\u0630\u06cc\u0631\u0634 \u0627\u0632 \u0627\u0641\u063a\u0627\u0646\u0633\u062a\u0627\u0646\",\"\u067e\u0630\u06cc\u0631\u0634 \u0627\u0641\u063a\u0627\u0646\u200c\u0647\u0627\u06cc \u062f\u0631 \u062e\u0637\u0631\",\"\u067e\u0646\u0627\u0647\u062c\u0648\u06cc\u0627\u0646 \u0627\u0641\u063a\u0627\u0646\u060c \u0622\u0644\u0645\u0627\u0646\u060c \u0628\u0631\u0646\u0627\u0645\u0647 \u067e\u0630\u06cc\u0631\u0634\"],\"articleSection\":[\"\u0627\u0641\u063a\u0627\u0646\u0633\u062a\u0627\u0646\",\"\u0633\u06cc\u0627\u0633\u062a\"],\"inLanguage\":\"fa-IR\"},{\"@type\":\"WebPage\",\"@id\":\"https:\\\/\\\/amalberlin.de\\\/fa\\\/2025\\\/08\\\/25\\\/%d9%81%d8%b4%d8%a7%d8%b1-%d8%b3%d8%a7%d8%b2%d9%85%d8%a7%d9%86%d9%87%d8%a7%db%8c-%d8%ad%d9%82%d9%88%d9%82-%d8%a8%d8%b4%d8%b1%db%8c-%d8%a8%d8%b1%d8%a7%db%8c-%d8%ad%d9%81%d8%a7%d8%b8%d8%aa\\\/\",\"url\":\"https:\\\/\\\/amalberlin.de\\\/fa\\\/2025\\\/08\\\/25\\\/%d9%81%d8%b4%d8%a7%d8%b1-%d8%b3%d8%a7%d8%b2%d9%85%d8%a7%d9%86%d9%87%d8%a7%db%8c-%d8%ad%d9%82%d9%88%d9%82-%d8%a8%d8%b4%d8%b1%db%8c-%d8%a8%d8%b1%d8%a7%db%8c-%d8%ad%d9%81%d8%a7%d8%b8%d8%aa\\\/\",\"name\":\"\u0641\u0634\u0627\u0631 \u0646\u0647\u0627\u062f\u0647\u0627\u06cc \u062d\u0642\u0648\u0642 \u0628\u0634\u0631\u06cc \u0628\u0631\u0627\u06cc \u062d\u0641\u0627\u0638\u062a \u0627\u0632 \u0627\u0641\u063a\u0627\u0646\u200c\u0647\u0627\u06cc \u0622\u0633\u06cc\u0628\u200c\u067e\u0630\u06cc\u0631 \u062f\u0631 \u067e\u0627\u06a9\u0633\u062a\u0627\u0646 - Amal, Berlin!\",\"isPartOf\":{\"@id\":\"https:\\\/\\\/amalberlin.de\\\/fa\\\/#website\"},\"primaryImageOfPage\":{\"@id\":\"https:\\\/\\\/amalberlin.de\\\/fa\\\/2025\\\/08\\\/25\\\/%d9%81%d8%b4%d8%a7%d8%b1-%d8%b3%d8%a7%d8%b2%d9%85%d8%a7%d9%86%d9%87%d8%a7%db%8c-%d8%ad%d9%82%d9%88%d9%82-%d8%a8%d8%b4%d8%b1%db%8c-%d8%a8%d8%b1%d8%a7%db%8c-%d8%ad%d9%81%d8%a7%d8%b8%d8%aa\\\/#primaryimage\"},\"image\":{\"@id\":\"https:\\\/\\\/amalberlin.de\\\/fa\\\/2025\\\/08\\\/25\\\/%d9%81%d8%b4%d8%a7%d8%b1-%d8%b3%d8%a7%d8%b2%d9%85%d8%a7%d9%86%d9%87%d8%a7%db%8c-%d8%ad%d9%82%d9%88%d9%82-%d8%a8%d8%b4%d8%b1%db%8c-%d8%a8%d8%b1%d8%a7%db%8c-%d8%ad%d9%81%d8%a7%d8%b8%d8%aa\\\/#primaryimage\"},\"thumbnailUrl\":\"https:\\\/\\\/amalberlin.de\\\/wp-content\\\/uploads\\\/sites\\\/3\\\/2025\\\/08\\\/Julian-Stratenschultedpa-scaled.jpeg\",\"datePublished\":\"2025-08-25T12:54:03+00:00\",\"dateModified\":\"2025-08-26T12:35:48+00:00\",\"description\":\"\u0627\u0642\u062f\u0627\u0645\u0627\u062a \u0641\u0648\u0631\u06cc \u0628\u0631\u0627\u06cc \u062d\u0641\u0627\u0638\u062a \u0627\u0632 \u0627\u0641\u063a\u0627\u0646\u200c\u0647\u0627\u06cc\u06cc \u0627\u0646\u062c\u0627\u0645 \u062f\u0647\u062f \u06a9\u0647 \u0628\u0627 \u0648\u062c\u0648\u062f \u062f\u0627\u0634\u062a\u0646 \u062a\u0627\u06cc\u06cc\u062f\u06cc\u0647 \u067e\u0630\u06cc\u0631\u0634 \u0628\u0631\u0627\u06cc \u0645\u0647\u0627\u062c\u0631\u062a \u0628\u0647 \u0622\u0644\u0645\u0627\u0646\u060c \u062f\u0631 \u067e\u0627\u06a9\u0633\u062a\u0627\u0646 \u0628\u0627 \u062e\u0637\u0631 \u0628\",\"breadcrumb\":{\"@id\":\"https:\\\/\\\/amalberlin.de\\\/fa\\\/2025\\\/08\\\/25\\\/%d9%81%d8%b4%d8%a7%d8%b1-%d8%b3%d8%a7%d8%b2%d9%85%d8%a7%d9%86%d9%87%d8%a7%db%8c-%d8%ad%d9%82%d9%88%d9%82-%d8%a8%d8%b4%d8%b1%db%8c-%d8%a8%d8%b1%d8%a7%db%8c-%d8%ad%d9%81%d8%a7%d8%b8%d8%aa\\\/#breadcrumb\"},\"inLanguage\":\"fa-IR\",\"potentialAction\":[{\"@type\":\"ReadAction\",\"target\":[\"https:\\\/\\\/amalberlin.de\\\/fa\\\/2025\\\/08\\\/25\\\/%d9%81%d8%b4%d8%a7%d8%b1-%d8%b3%d8%a7%d8%b2%d9%85%d8%a7%d9%86%d9%87%d8%a7%db%8c-%d8%ad%d9%82%d9%88%d9%82-%d8%a8%d8%b4%d8%b1%db%8c-%d8%a8%d8%b1%d8%a7%db%8c-%d8%ad%d9%81%d8%a7%d8%b8%d8%aa\\\/\"]}]},{\"@type\":\"ImageObject\",\"inLanguage\":\"fa-IR\",\"@id\":\"https:\\\/\\\/amalberlin.de\\\/fa\\\/2025\\\/08\\\/25\\\/%d9%81%d8%b4%d8%a7%d8%b1-%d8%b3%d8%a7%d8%b2%d9%85%d8%a7%d9%86%d9%87%d8%a7%db%8c-%d8%ad%d9%82%d9%88%d9%82-%d8%a8%d8%b4%d8%b1%db%8c-%d8%a8%d8%b1%d8%a7%db%8c-%d8%ad%d9%81%d8%a7%d8%b8%d8%aa\\\/#primaryimage\",\"url\":\"https:\\\/\\\/amalberlin.de\\\/wp-content\\\/uploads\\\/sites\\\/3\\\/2025\\\/08\\\/Julian-Stratenschultedpa-scaled.jpeg\",\"contentUrl\":\"https:\\\/\\\/amalberlin.de\\\/wp-content\\\/uploads\\\/sites\\\/3\\\/2025\\\/08\\\/Julian-Stratenschultedpa-scaled.jpeg\",\"width\":2560,\"height\":1417,\"caption\":\"ARCHIV - 27.03.2025, Niedersachsen, Hannover: Polizei und ein Bus stehen an einem Flugzeug am Flughafen Hannover. Heute Vormittag ist ein Charterflug aus Islamabad in Hannover gelandet. Auf dem Flug befanden sich insgesamt 174 in Afghanistan besonders gef\u00e4hrdete Personen, denen Deutschland bereits in der Vergangenheit eine Aufnahme zugesagt hatte. (zu dpa: \u00abSachsens Innenminister emp\u00f6rt \u00fcber Aufnahmen aus Afghanistan\u00bb) Foto: Julian Stratenschulte\\\/dpa +++ dpa-Bildfunk +++\"},{\"@type\":\"BreadcrumbList\",\"@id\":\"https:\\\/\\\/amalberlin.de\\\/fa\\\/2025\\\/08\\\/25\\\/%d9%81%d8%b4%d8%a7%d8%b1-%d8%b3%d8%a7%d8%b2%d9%85%d8%a7%d9%86%d9%87%d8%a7%db%8c-%d8%ad%d9%82%d9%88%d9%82-%d8%a8%d8%b4%d8%b1%db%8c-%d8%a8%d8%b1%d8%a7%db%8c-%d8%ad%d9%81%d8%a7%d8%b8%d8%aa\\\/#breadcrumb\",\"itemListElement\":[{\"@type\":\"ListItem\",\"position\":1,\"name\":\"Home\",\"item\":\"https:\\\/\\\/amalberlin.de\\\/fa\\\/\"},{\"@type\":\"ListItem\",\"position\":2,\"name\":\"\u0641\u0634\u0627\u0631 \u0646\u0647\u0627\u062f\u0647\u0627\u06cc \u062d\u0642\u0648\u0642 \u0628\u0634\u0631\u06cc \u0628\u0631\u0627\u06cc \u062d\u0641\u0627\u0638\u062a \u0627\u0632 \u0627\u0641\u063a\u0627\u0646\u200c\u0647\u0627\u06cc \u0622\u0633\u06cc\u0628\u200c\u067e\u0630\u06cc\u0631 \u062f\u0631 \u067e\u0627\u06a9\u0633\u062a\u0627\u0646\"}]},{\"@type\":\"WebSite\",\"@id\":\"https:\\\/\\\/amalberlin.de\\\/fa\\\/#website\",\"url\":\"https:\\\/\\\/amalberlin.de\\\/fa\\\/\",\"name\":\"Amal, Berlin!\",\"description\":\"\",\"publisher\":{\"@id\":\"https:\\\/\\\/amalberlin.de\\\/fa\\\/#organization\"},\"potentialAction\":[{\"@type\":\"SearchAction\",\"target\":{\"@type\":\"EntryPoint\",\"urlTemplate\":\"https:\\\/\\\/amalberlin.de\\\/fa\\\/?s={search_term_string}\"},\"query-input\":{\"@type\":\"PropertyValueSpecification\",\"valueRequired\":true,\"valueName\":\"search_term_string\"}}],\"inLanguage\":\"fa-IR\"},{\"@type\":\"Organization\",\"@id\":\"https:\\\/\\\/amalberlin.de\\\/fa\\\/#organization\",\"name\":\"Amal, Berlin!\",\"url\":\"https:\\\/\\\/amalberlin.de\\\/fa\\\/\",\"logo\":{\"@type\":\"ImageObject\",\"inLanguage\":\"fa-IR\",\"@id\":\"https:\\\/\\\/amalberlin.de\\\/fa\\\/#\\\/schema\\\/logo\\\/image\\\/\",\"url\":\"https:\\\/\\\/amalberlin.de\\\/wp-content\\\/uploads\\\/sites\\\/3\\\/2020\\\/09\\\/LOGO_AMAL-Berlin_Final-01.jpg\",\"contentUrl\":\"https:\\\/\\\/amalberlin.de\\\/wp-content\\\/uploads\\\/sites\\\/3\\\/2020\\\/09\\\/LOGO_AMAL-Berlin_Final-01.jpg\",\"width\":250,\"height\":220,\"caption\":\"Amal, Berlin!\"},\"image\":{\"@id\":\"https:\\\/\\\/amalberlin.de\\\/fa\\\/#\\\/schema\\\/logo\\\/image\\\/\"},\"sameAs\":[\"https:\\\/\\\/www.facebook.com\\\/AmalBerlinNews\\\/\",\"https:\\\/\\\/www.instagram.com\\\/amalberlin\\\/?hl=en\",\"https:\\\/\\\/www.youtube.com\\\/channel\\\/UCTDDzpr6EmhT1wLO0hszrrg\"]},{\"@type\":\"Person\",\"@id\":\"https:\\\/\\\/amalberlin.de\\\/fa\\\/#\\\/schema\\\/person\\\/6c2ec781e5c3de1d30b2c10addb60d56\",\"name\":\"Nilab Langar\",\"image\":{\"@type\":\"ImageObject\",\"inLanguage\":\"fa-IR\",\"@id\":\"https:\\\/\\\/amalberlin.de\\\/wp-content\\\/uploads\\\/sites\\\/3\\\/2023\\\/03\\\/Team_HH_2020DSCF00511-125x125.jpeg\",\"url\":\"https:\\\/\\\/amalberlin.de\\\/wp-content\\\/uploads\\\/sites\\\/3\\\/2023\\\/03\\\/Team_HH_2020DSCF00511-125x125.jpeg\",\"contentUrl\":\"https:\\\/\\\/amalberlin.de\\\/wp-content\\\/uploads\\\/sites\\\/3\\\/2023\\\/03\\\/Team_HH_2020DSCF00511-125x125.jpeg\",\"caption\":\"Nilab Langar\"},\"description\":\"Nilab Langar, 27, ist bei Amal, Hamburg! f\u00fcr die Dari\\\/Farsi Redaktion zust\u00e4ndig. Sie hat an der Balkh Universit\u00e4t in Mazar-Scharif in Afghanistan Journalismus studiert und drei Jahre f\u00fcr die Internet-Zeitung Howayda in Kabul geschrieben. In der Lehrredaktion von Metra TV war sie TV-Redakteurin und Trainerin f\u00fcr die Grundlagen des Journalismus. Ende 2015 kam sie nach Deutschland. Hier hat sie zun\u00e4chst Deutsch gelernt und im M\u00e4rz 2019 die Weiterbildung Digitale Medien f\u00fcr Gefl\u00fcchtete an der Hamburg Media School erfolgreich abgeschlossen.\",\"sameAs\":[\"n.langar@hamburgmediaschool.com\"],\"url\":\"https:\\\/\\\/amalberlin.de\\\/fa\\\/author\\\/nilab\\\/\"}]}<\/script>\n<!-- \/ Yoast SEO plugin. -->","yoast_head_json":{"title":"\u0641\u0634\u0627\u0631 \u0646\u0647\u0627\u062f\u0647\u0627\u06cc \u062d\u0642\u0648\u0642 \u0628\u0634\u0631\u06cc \u0628\u0631\u0627\u06cc \u062d\u0641\u0627\u0638\u062a \u0627\u0632 \u0627\u0641\u063a\u0627\u0646\u200c\u0647\u0627\u06cc \u0622\u0633\u06cc\u0628\u200c\u067e\u0630\u06cc\u0631 \u062f\u0631 \u067e\u0627\u06a9\u0633\u062a\u0627\u0646 - Amal, Berlin!","description":"\u0627\u0642\u062f\u0627\u0645\u0627\u062a \u0641\u0648\u0631\u06cc \u0628\u0631\u0627\u06cc \u062d\u0641\u0627\u0638\u062a \u0627\u0632 \u0627\u0641\u063a\u0627\u0646\u200c\u0647\u0627\u06cc\u06cc \u0627\u0646\u062c\u0627\u0645 \u062f\u0647\u062f \u06a9\u0647 \u0628\u0627 \u0648\u062c\u0648\u062f \u062f\u0627\u0634\u062a\u0646 \u062a\u0627\u06cc\u06cc\u062f\u06cc\u0647 \u067e\u0630\u06cc\u0631\u0634 \u0628\u0631\u0627\u06cc \u0645\u0647\u0627\u062c\u0631\u062a \u0628\u0647 \u0622\u0644\u0645\u0627\u0646\u060c \u062f\u0631 \u067e\u0627\u06a9\u0633\u062a\u0627\u0646 \u0628\u0627 \u062e\u0637\u0631 \u0628","robots":{"index":"index","follow":"follow","max-snippet":"max-snippet:-1","max-image-preview":"max-image-preview:large","max-video-preview":"max-video-preview:-1"},"canonical":"https:\/\/amalberlin.de\/fa\/2025\/08\/25\/%d9%81%d8%b4%d8%a7%d8%b1-%d8%b3%d8%a7%d8%b2%d9%85%d8%a7%d9%86%d9%87%d8%a7%db%8c-%d8%ad%d9%82%d9%88%d9%82-%d8%a8%d8%b4%d8%b1%db%8c-%d8%a8%d8%b1%d8%a7%db%8c-%d8%ad%d9%81%d8%a7%d8%b8%d8%aa\/","og_locale":"fa_IR","og_type":"article","og_title":"\u0641\u0634\u0627\u0631 \u0646\u0647\u0627\u062f\u0647\u0627\u06cc \u062d\u0642\u0648\u0642 \u0628\u0634\u0631\u06cc \u0628\u0631\u0627\u06cc \u062d\u0641\u0627\u0638\u062a \u0627\u0632 \u0627\u0641\u063a\u0627\u0646\u200c\u0647\u0627\u06cc \u0622\u0633\u06cc\u0628\u200c\u067e\u0630\u06cc\u0631 \u062f\u0631 \u067e\u0627\u06a9\u0633\u062a\u0627\u0646 - Amal, Berlin!","og_description":"\u0627\u0642\u062f\u0627\u0645\u0627\u062a \u0641\u0648\u0631\u06cc \u0628\u0631\u0627\u06cc \u062d\u0641\u0627\u0638\u062a \u0627\u0632 \u0627\u0641\u063a\u0627\u0646\u200c\u0647\u0627\u06cc\u06cc \u0627\u0646\u062c\u0627\u0645 \u062f\u0647\u062f \u06a9\u0647 \u0628\u0627 \u0648\u062c\u0648\u062f \u062f\u0627\u0634\u062a\u0646 \u062a\u0627\u06cc\u06cc\u062f\u06cc\u0647 \u067e\u0630\u06cc\u0631\u0634 \u0628\u0631\u0627\u06cc \u0645\u0647\u0627\u062c\u0631\u062a \u0628\u0647 \u0622\u0644\u0645\u0627\u0646\u060c \u062f\u0631 \u067e\u0627\u06a9\u0633\u062a\u0627\u0646 \u0628\u0627 \u062e\u0637\u0631 \u0628","og_url":"https:\/\/amalberlin.de\/fa\/2025\/08\/25\/%d9%81%d8%b4%d8%a7%d8%b1-%d8%b3%d8%a7%d8%b2%d9%85%d8%a7%d9%86%d9%87%d8%a7%db%8c-%d8%ad%d9%82%d9%88%d9%82-%d8%a8%d8%b4%d8%b1%db%8c-%d8%a8%d8%b1%d8%a7%db%8c-%d8%ad%d9%81%d8%a7%d8%b8%d8%aa\/","og_site_name":"Amal, Berlin!","article_publisher":"https:\/\/www.facebook.com\/AmalBerlinNews\/","article_author":"n.langar@hamburgmediaschool.com","article_published_time":"2025-08-25T12:54:03+00:00","article_modified_time":"2025-08-26T12:35:48+00:00","og_image":[{"width":2560,"height":1417,"url":"https:\/\/amalberlin.de\/wp-content\/uploads\/sites\/3\/2025\/08\/Julian-Stratenschultedpa-scaled.jpeg","type":"image\/jpeg"}],"author":"Nilab Langar","twitter_card":"summary_large_image","twitter_misc":{"\u0646\u0648\u0634\u062a\u0647\u200c\u0634\u062f\u0647 \u0628\u062f\u0633\u062a":"\u0646\u06cc\u0644\u0627\u0628 \u0644\u0646\u06af\u0631","\u0632\u0645\u0627\u0646 \u062a\u0642\u0631\u06cc\u0628\u06cc \u0628\u0631\u0627\u06cc \u062e\u0648\u0627\u0646\u062f\u0646":"3 \u062f\u0642\u06cc\u0642\u0647"},"schema":{"@context":"https:\/\/schema.org","@graph":[{"@type":"Article","@id":"https:\/\/amalberlin.de\/fa\/2025\/08\/25\/%d9%81%d8%b4%d8%a7%d8%b1-%d8%b3%d8%a7%d8%b2%d9%85%d8%a7%d9%86%d9%87%d8%a7%db%8c-%d8%ad%d9%82%d9%88%d9%82-%d8%a8%d8%b4%d8%b1%db%8c-%d8%a8%d8%b1%d8%a7%db%8c-%d8%ad%d9%81%d8%a7%d8%b8%d8%aa\/#article","isPartOf":{"@id":"https:\/\/amalberlin.de\/fa\/2025\/08\/25\/%d9%81%d8%b4%d8%a7%d8%b1-%d8%b3%d8%a7%d8%b2%d9%85%d8%a7%d9%86%d9%87%d8%a7%db%8c-%d8%ad%d9%82%d9%88%d9%82-%d8%a8%d8%b4%d8%b1%db%8c-%d8%a8%d8%b1%d8%a7%db%8c-%d8%ad%d9%81%d8%a7%d8%b8%d8%aa\/"},"author":{"name":"Nilab Langar","@id":"https:\/\/amalberlin.de\/fa\/#\/schema\/person\/6c2ec781e5c3de1d30b2c10addb60d56"},"headline":"\u0641\u0634\u0627\u0631 \u0646\u0647\u0627\u062f\u0647\u0627\u06cc \u062d\u0642\u0648\u0642 \u0628\u0634\u0631\u06cc \u0628\u0631\u0627\u06cc \u062d\u0641\u0627\u0638\u062a \u0627\u0632 \u0627\u0641\u063a\u0627\u0646\u200c\u0647\u0627\u06cc \u0622\u0633\u06cc\u0628\u200c\u067e\u0630\u06cc\u0631 \u062f\u0631 \u067e\u0627\u06a9\u0633\u062a\u0627\u0646","datePublished":"2025-08-25T12:54:03+00:00","dateModified":"2025-08-26T12:35:48+00:00","mainEntityOfPage":{"@id":"https:\/\/amalberlin.de\/fa\/2025\/08\/25\/%d9%81%d8%b4%d8%a7%d8%b1-%d8%b3%d8%a7%d8%b2%d9%85%d8%a7%d9%86%d9%87%d8%a7%db%8c-%d8%ad%d9%82%d9%88%d9%82-%d8%a8%d8%b4%d8%b1%db%8c-%d8%a8%d8%b1%d8%a7%db%8c-%d8%ad%d9%81%d8%a7%d8%b8%d8%aa\/"},"wordCount":6,"publisher":{"@id":"https:\/\/amalberlin.de\/fa\/#organization"},"image":{"@id":"https:\/\/amalberlin.de\/fa\/2025\/08\/25\/%d9%81%d8%b4%d8%a7%d8%b1-%d8%b3%d8%a7%d8%b2%d9%85%d8%a7%d9%86%d9%87%d8%a7%db%8c-%d8%ad%d9%82%d9%88%d9%82-%d8%a8%d8%b4%d8%b1%db%8c-%d8%a8%d8%b1%d8%a7%db%8c-%d8%ad%d9%81%d8%a7%d8%b8%d8%aa\/#primaryimage"},"thumbnailUrl":"https:\/\/amalberlin.de\/wp-content\/uploads\/sites\/3\/2025\/08\/Julian-Stratenschultedpa-scaled.jpeg","keywords":["\u0628\u0631\u0646\u0627\u0645\u0647 \u067e\u0630\u06cc\u0631\u0634 \u0641\u062f\u0631\u0627\u0644","\u067e\u0630\u06cc\u0631\u0634","\u067e\u0630\u06cc\u0631\u0634 \u0627\u0632 \u0627\u0641\u063a\u0627\u0646\u0633\u062a\u0627\u0646","\u067e\u0630\u06cc\u0631\u0634 \u0627\u0641\u063a\u0627\u0646\u200c\u0647\u0627\u06cc \u062f\u0631 \u062e\u0637\u0631","\u067e\u0646\u0627\u0647\u062c\u0648\u06cc\u0627\u0646 \u0627\u0641\u063a\u0627\u0646\u060c \u0622\u0644\u0645\u0627\u0646\u060c \u0628\u0631\u0646\u0627\u0645\u0647 \u067e\u0630\u06cc\u0631\u0634"],"articleSection":["\u0627\u0641\u063a\u0627\u0646\u0633\u062a\u0627\u0646","\u0633\u06cc\u0627\u0633\u062a"],"inLanguage":"fa-IR"},{"@type":"WebPage","@id":"https:\/\/amalberlin.de\/fa\/2025\/08\/25\/%d9%81%d8%b4%d8%a7%d8%b1-%d8%b3%d8%a7%d8%b2%d9%85%d8%a7%d9%86%d9%87%d8%a7%db%8c-%d8%ad%d9%82%d9%88%d9%82-%d8%a8%d8%b4%d8%b1%db%8c-%d8%a8%d8%b1%d8%a7%db%8c-%d8%ad%d9%81%d8%a7%d8%b8%d8%aa\/","url":"https:\/\/amalberlin.de\/fa\/2025\/08\/25\/%d9%81%d8%b4%d8%a7%d8%b1-%d8%b3%d8%a7%d8%b2%d9%85%d8%a7%d9%86%d9%87%d8%a7%db%8c-%d8%ad%d9%82%d9%88%d9%82-%d8%a8%d8%b4%d8%b1%db%8c-%d8%a8%d8%b1%d8%a7%db%8c-%d8%ad%d9%81%d8%a7%d8%b8%d8%aa\/","name":"\u0641\u0634\u0627\u0631 \u0646\u0647\u0627\u062f\u0647\u0627\u06cc \u062d\u0642\u0648\u0642 \u0628\u0634\u0631\u06cc \u0628\u0631\u0627\u06cc \u062d\u0641\u0627\u0638\u062a \u0627\u0632 \u0627\u0641\u063a\u0627\u0646\u200c\u0647\u0627\u06cc \u0622\u0633\u06cc\u0628\u200c\u067e\u0630\u06cc\u0631 \u062f\u0631 \u067e\u0627\u06a9\u0633\u062a\u0627\u0646 - Amal, Berlin!","isPartOf":{"@id":"https:\/\/amalberlin.de\/fa\/#website"},"primaryImageOfPage":{"@id":"https:\/\/amalberlin.de\/fa\/2025\/08\/25\/%d9%81%d8%b4%d8%a7%d8%b1-%d8%b3%d8%a7%d8%b2%d9%85%d8%a7%d9%86%d9%87%d8%a7%db%8c-%d8%ad%d9%82%d9%88%d9%82-%d8%a8%d8%b4%d8%b1%db%8c-%d8%a8%d8%b1%d8%a7%db%8c-%d8%ad%d9%81%d8%a7%d8%b8%d8%aa\/#primaryimage"},"image":{"@id":"https:\/\/amalberlin.de\/fa\/2025\/08\/25\/%d9%81%d8%b4%d8%a7%d8%b1-%d8%b3%d8%a7%d8%b2%d9%85%d8%a7%d9%86%d9%87%d8%a7%db%8c-%d8%ad%d9%82%d9%88%d9%82-%d8%a8%d8%b4%d8%b1%db%8c-%d8%a8%d8%b1%d8%a7%db%8c-%d8%ad%d9%81%d8%a7%d8%b8%d8%aa\/#primaryimage"},"thumbnailUrl":"https:\/\/amalberlin.de\/wp-content\/uploads\/sites\/3\/2025\/08\/Julian-Stratenschultedpa-scaled.jpeg","datePublished":"2025-08-25T12:54:03+00:00","dateModified":"2025-08-26T12:35:48+00:00","description":"\u0627\u0642\u062f\u0627\u0645\u0627\u062a \u0641\u0648\u0631\u06cc \u0628\u0631\u0627\u06cc \u062d\u0641\u0627\u0638\u062a \u0627\u0632 \u0627\u0641\u063a\u0627\u0646\u200c\u0647\u0627\u06cc\u06cc \u0627\u0646\u062c\u0627\u0645 \u062f\u0647\u062f \u06a9\u0647 \u0628\u0627 \u0648\u062c\u0648\u062f \u062f\u0627\u0634\u062a\u0646 \u062a\u0627\u06cc\u06cc\u062f\u06cc\u0647 \u067e\u0630\u06cc\u0631\u0634 \u0628\u0631\u0627\u06cc \u0645\u0647\u0627\u062c\u0631\u062a \u0628\u0647 \u0622\u0644\u0645\u0627\u0646\u060c \u062f\u0631 \u067e\u0627\u06a9\u0633\u062a\u0627\u0646 \u0628\u0627 \u062e\u0637\u0631 \u0628","breadcrumb":{"@id":"https:\/\/amalberlin.de\/fa\/2025\/08\/25\/%d9%81%d8%b4%d8%a7%d8%b1-%d8%b3%d8%a7%d8%b2%d9%85%d8%a7%d9%86%d9%87%d8%a7%db%8c-%d8%ad%d9%82%d9%88%d9%82-%d8%a8%d8%b4%d8%b1%db%8c-%d8%a8%d8%b1%d8%a7%db%8c-%d8%ad%d9%81%d8%a7%d8%b8%d8%aa\/#breadcrumb"},"inLanguage":"fa-IR","potentialAction":[{"@type":"ReadAction","target":["https:\/\/amalberlin.de\/fa\/2025\/08\/25\/%d9%81%d8%b4%d8%a7%d8%b1-%d8%b3%d8%a7%d8%b2%d9%85%d8%a7%d9%86%d9%87%d8%a7%db%8c-%d8%ad%d9%82%d9%88%d9%82-%d8%a8%d8%b4%d8%b1%db%8c-%d8%a8%d8%b1%d8%a7%db%8c-%d8%ad%d9%81%d8%a7%d8%b8%d8%aa\/"]}]},{"@type":"ImageObject","inLanguage":"fa-IR","@id":"https:\/\/amalberlin.de\/fa\/2025\/08\/25\/%d9%81%d8%b4%d8%a7%d8%b1-%d8%b3%d8%a7%d8%b2%d9%85%d8%a7%d9%86%d9%87%d8%a7%db%8c-%d8%ad%d9%82%d9%88%d9%82-%d8%a8%d8%b4%d8%b1%db%8c-%d8%a8%d8%b1%d8%a7%db%8c-%d8%ad%d9%81%d8%a7%d8%b8%d8%aa\/#primaryimage","url":"https:\/\/amalberlin.de\/wp-content\/uploads\/sites\/3\/2025\/08\/Julian-Stratenschultedpa-scaled.jpeg","contentUrl":"https:\/\/amalberlin.de\/wp-content\/uploads\/sites\/3\/2025\/08\/Julian-Stratenschultedpa-scaled.jpeg","width":2560,"height":1417,"caption":"ARCHIV - 27.03.2025, Niedersachsen, Hannover: Polizei und ein Bus stehen an einem Flugzeug am Flughafen Hannover. Heute Vormittag ist ein Charterflug aus Islamabad in Hannover gelandet. Auf dem Flug befanden sich insgesamt 174 in Afghanistan besonders gef\u00e4hrdete Personen, denen Deutschland bereits in der Vergangenheit eine Aufnahme zugesagt hatte. (zu dpa: \u00abSachsens Innenminister emp\u00f6rt \u00fcber Aufnahmen aus Afghanistan\u00bb) Foto: Julian Stratenschulte\/dpa +++ dpa-Bildfunk +++"},{"@type":"BreadcrumbList","@id":"https:\/\/amalberlin.de\/fa\/2025\/08\/25\/%d9%81%d8%b4%d8%a7%d8%b1-%d8%b3%d8%a7%d8%b2%d9%85%d8%a7%d9%86%d9%87%d8%a7%db%8c-%d8%ad%d9%82%d9%88%d9%82-%d8%a8%d8%b4%d8%b1%db%8c-%d8%a8%d8%b1%d8%a7%db%8c-%d8%ad%d9%81%d8%a7%d8%b8%d8%aa\/#breadcrumb","itemListElement":[{"@type":"ListItem","position":1,"name":"Home","item":"https:\/\/amalberlin.de\/fa\/"},{"@type":"ListItem","position":2,"name":"\u0641\u0634\u0627\u0631 \u0646\u0647\u0627\u062f\u0647\u0627\u06cc \u062d\u0642\u0648\u0642 \u0628\u0634\u0631\u06cc \u0628\u0631\u0627\u06cc \u062d\u0641\u0627\u0638\u062a \u0627\u0632 \u0627\u0641\u063a\u0627\u0646\u200c\u0647\u0627\u06cc \u0622\u0633\u06cc\u0628\u200c\u067e\u0630\u06cc\u0631 \u062f\u0631 \u067e\u0627\u06a9\u0633\u062a\u0627\u0646"}]},{"@type":"WebSite","@id":"https:\/\/amalberlin.de\/fa\/#website","url":"https:\/\/amalberlin.de\/fa\/","name":"Amal, Berlin!","description":"","publisher":{"@id":"https:\/\/amalberlin.de\/fa\/#organization"},"potentialAction":[{"@type":"SearchAction","target":{"@type":"EntryPoint","urlTemplate":"https:\/\/amalberlin.de\/fa\/?s={search_term_string}"},"query-input":{"@type":"PropertyValueSpecification","valueRequired":true,"valueName":"search_term_string"}}],"inLanguage":"fa-IR"},{"@type":"Organization","@id":"https:\/\/amalberlin.de\/fa\/#organization","name":"Amal, Berlin!","url":"https:\/\/amalberlin.de\/fa\/","logo":{"@type":"ImageObject","inLanguage":"fa-IR","@id":"https:\/\/amalberlin.de\/fa\/#\/schema\/logo\/image\/","url":"https:\/\/amalberlin.de\/wp-content\/uploads\/sites\/3\/2020\/09\/LOGO_AMAL-Berlin_Final-01.jpg","contentUrl":"https:\/\/amalberlin.de\/wp-content\/uploads\/sites\/3\/2020\/09\/LOGO_AMAL-Berlin_Final-01.jpg","width":250,"height":220,"caption":"Amal, Berlin!"},"image":{"@id":"https:\/\/amalberlin.de\/fa\/#\/schema\/logo\/image\/"},"sameAs":["https:\/\/www.facebook.com\/AmalBerlinNews\/","https:\/\/www.instagram.com\/amalberlin\/?hl=en","https:\/\/www.youtube.com\/channel\/UCTDDzpr6EmhT1wLO0hszrrg"]},{"@type":"Person","@id":"https:\/\/amalberlin.de\/fa\/#\/schema\/person\/6c2ec781e5c3de1d30b2c10addb60d56","name":"Nilab Langar","image":{"@type":"ImageObject","inLanguage":"fa-IR","@id":"https:\/\/amalberlin.de\/wp-content\/uploads\/sites\/3\/2023\/03\/Team_HH_2020DSCF00511-125x125.jpeg","url":"https:\/\/amalberlin.de\/wp-content\/uploads\/sites\/3\/2023\/03\/Team_HH_2020DSCF00511-125x125.jpeg","contentUrl":"https:\/\/amalberlin.de\/wp-content\/uploads\/sites\/3\/2023\/03\/Team_HH_2020DSCF00511-125x125.jpeg","caption":"Nilab Langar"},"description":"Nilab Langar, 27, ist bei Amal, Hamburg! f\u00fcr die Dari\/Farsi Redaktion zust\u00e4ndig. Sie hat an der Balkh Universit\u00e4t in Mazar-Scharif in Afghanistan Journalismus studiert und drei Jahre f\u00fcr die Internet-Zeitung Howayda in Kabul geschrieben. In der Lehrredaktion von Metra TV war sie TV-Redakteurin und Trainerin f\u00fcr die Grundlagen des Journalismus. Ende 2015 kam sie nach Deutschland. Hier hat sie zun\u00e4chst Deutsch gelernt und im M\u00e4rz 2019 die Weiterbildung Digitale Medien f\u00fcr Gefl\u00fcchtete an der Hamburg Media School erfolgreich abgeschlossen.","sameAs":["n.langar@hamburgmediaschool.com"],"url":"https:\/\/amalberlin.de\/fa\/author\/nilab\/"}]}},"_links":{"self":[{"href":"https:\/\/amalberlin.de\/fa\/wp-json\/wp\/v2\/posts\/279400","targetHints":{"allow":["GET"]}}],"collection":[{"href":"https:\/\/amalberlin.de\/fa\/wp-json\/wp\/v2\/posts"}],"about":[{"href":"https:\/\/amalberlin.de\/fa\/wp-json\/wp\/v2\/types\/post"}],"author":[{"embeddable":true,"href":"https:\/\/amalberlin.de\/fa\/wp-json\/wp\/v2\/users\/16"}],"replies":[{"embeddable":true,"href":"https:\/\/amalberlin.de\/fa\/wp-json\/wp\/v2\/comments?post=279400"}],"version-history":[{"count":3,"href":"https:\/\/amalberlin.de\/fa\/wp-json\/wp\/v2\/posts\/279400\/revisions"}],"predecessor-version":[{"id":279415,"href":"https:\/\/amalberlin.de\/fa\/wp-json\/wp\/v2\/posts\/279400\/revisions\/279415"}],"wp:featuredmedia":[{"embeddable":true,"href":"https:\/\/amalberlin.de\/fa\/wp-json\/wp\/v2\/media\/279496"}],"wp:attachment":[{"href":"https:\/\/amalberlin.de\/fa\/wp-json\/wp\/v2\/media?parent=279400"}],"wp:term":[{"taxonomy":"category","embeddable":true,"href":"https:\/\/amalberlin.de\/fa\/wp-json\/wp\/v2\/categories?post=279400"},{"taxonomy":"post_tag","embeddable":true,"href":"https:\/\/amalberlin.de\/fa\/wp-json\/wp\/v2\/tags?post=279400"}],"curies":[{"name":"wp","href":"https:\/\/api.w.org\/{rel}","templated":true}]}}