{"id":96262,"date":"2020-02-04T21:38:52","date_gmt":"2020-02-04T20:38:52","guid":{"rendered":"https:\/\/amalberlin.de\/?p=96262"},"modified":"2024-02-22T10:01:29","modified_gmt":"2024-02-22T09:01:29","slug":"guckt-euch-das-an-wenn-ihr-findet-dass-es-in-deutschland-zu-kalt-ist","status":"publish","type":"post","link":"https:\/\/amalberlin.de\/de\/2020\/02\/04\/guckt-euch-das-an-wenn-ihr-findet-dass-es-in-deutschland-zu-kalt-ist\/","title":{"rendered":"Guckt Euch das an, wenn Ihr findet, dass es in Deutschland zu kalt ist"},"content":{"rendered":"<p>Eigenlob stinkt, sagt man. Aber irgendwie m\u00fcssen wir jetzt doch mal protzen. Die vergangene Woche war, was die Zahlen anbelangt, die erfolgreichste Woche in der Geschichte von Amal. Hier das Beweisfoto:<\/p>\n<img loading=\"lazy\" decoding=\"async\" class=\"alignnone size-thumbnail wp-image-96263 aligncenter\" src=\"https:\/\/amalberlin.de\/wp-content\/uploads\/sites\/3\/2020\/02\/Mega-Woche-150x150.jpeg\" alt=\"\" width=\"150\" height=\"150\" srcset=\"https:\/\/amalberlin.de\/wp-content\/uploads\/sites\/3\/2020\/02\/Mega-Woche-150x150.jpeg 150w, https:\/\/amalberlin.de\/wp-content\/uploads\/sites\/3\/2020\/02\/Mega-Woche-125x125.jpeg 125w\" sizes=\"auto, (max-width: 150px) 100vw, 150px\" \/>\n<p>Motor f\u00fcr diese Bewegung waren drei Beitr\u00e4ge: Ein <a href=\"https:\/\/amalberlin.de\/2020\/01\/28\/%d9%83%d9%81%d8%a7%d9%84%d8%a9-%d8%a7%d9%84%d8%a3%d9%82%d8%a7%d8%b1%d8%a8-%d9%88%d8%b4%d8%b1%d9%88%d8%b7-%d8%a7%d9%84%d8%a5%d9%82%d8%a7%d9%85%d8%a9-%d8%a7%d9%84%d8%af%d8%a7%d8%a6%d9%85%d8%a9-%d9%88\/\">Interview mit der ber\u00fchmten Anw\u00e4ltin Nahla Osman<\/a> \u00fcber Familienzusammenf\u00fchrung und die neuen Einwanderungsgesetze; ein Beitrag \u00fcber die Nachwuchssorgen bei der Berliner Polizei (\u00dcberschrift: <a href=\"https:\/\/amalberlin.de\/2020\/01\/23\/\u0644\u0645\u0627\u0630\u0627-\u0644\u0627-\u064a\u0631\u063a\u0628-\u0627\u0644\u0634\u0628\u0627\u0628-\u0648\u0627\u0644\u0634\u0627\u0628\u0627\u062a-\u0628\u0627\u0644\u0627\u0646\u0636\u0645\/\">\u201eWarum wollen junge M\u00e4nner und Frauen nicht zur Polizei?\u201c<\/a> mit der Folge, dass ganz viele unserer Leserinnen und Leser wissen wollten, wo sie sich bewerben k\u00f6nnen, weil Polizist zu werden f\u00fcr sie ein Traumberuf ist; und ein <a href=\"https:\/\/amalberlin.de\/2020\/01\/31\/%d9%8a%d9%86%d8%b5%d8%ad-%d8%a8%d8%a7%d9%84%d9%85%d8%b4%d8%a7%d9%87%d8%af%d8%a9-%d9%84%d9%85%d9%86-%d9%8a%d9%83%d8%b1%d9%87%d9%88%d9%86-%d8%a7%d9%84%d8%a8%d8%b1%d8%af\/\">Video von Ahmad Kalaji <\/a>\u00fcber ein paar Enthusiasten, die sich an den kalten grauen Winterwochenenden an Berliner Seen treffen um zu baden. \u201eGuckt Euch das an, wenn Ihr findet, dass es in Deutschland zu kalt ist\u201c, schrieb Redakteur AbdolRahman Omaren in den Vorspann. Falls Sie f\u00fcr Ihre Redaktion eine nette Abk\u00fchlung w\u00fcnschen \u2013 f\u00fcr das Video machen wir gerne auch deutsche Untertitel.<\/p>\n<h3>Pandas und andere Chinesen<\/h3>\n<p>Zwei Stunden wartete Khalid Alaboud vor dem Panda-Gehege im Berliner Zoo, bis wenigstens einer der beiden kleinen s\u00fc\u00dfen Kuschelb\u00e4ren sich sehen und fotografieren lie\u00df. Er stand da, umringt von einer ganzen Gruppe von Sch\u00fcler*innen und Touristen. Pl\u00f6tzlich raunte einer: \u201ePass auf, hinter Dir steht ein Chinese\u201c. Khalid drehte sich um. Ja, die Pandas sind ein Bindeglied zwischen Berlin und China, und ihr Wert f\u00fcr die internationalen Beziehungen ist gro\u00df. Doch da das Corona-Virus die Schlagzeilen bestimmt, spielten die Sch\u00fcler mit der Angst.<\/p>\n<p>\u201eDanke, dass Ihr uns verl\u00e4sslich informiert\u201c \u2013 auch dies ist eine Zeile aus den Kommentarspalten von Amal. Wir haben in diesen Tagen getan, was andere Medien auch tun: N\u00e4mlich dar\u00fcber informiert, was dieser Virus ist, wie er sich verbreitet, was man tun kann, um sich zu sch\u00fctzen. Und wir haben deutlich gemacht, woher diese Informationen kommen, n\u00e4mlich vom Robert-Koch-Institut, der\u00a0zentralen Einrichtung der Bundesregierung auf dem Gebiet der Krankheits\u00fcberwachung und \u2013pr\u00e4vention \u2013 und nicht aus irgendeiner Ger\u00fcchtek\u00fcche, wo Verschw\u00f6rungstheorien k\u00f6cheln und niemand wei\u00df, was wahr ist und was Propaganda.<\/p>\n<h3>Ein Herz voll Leben<\/h3>\n<p><b><\/b><br \/>\nIn den Stra\u00dfen von Berlin l\u00e4uft derzeit eine gro\u00dfe Werbekampagne f\u00fcr Organspende-Ausweise. \u201eEgal, wie sie ihn tragen, Hauptsache sie haben ihn\u201c, hei\u00dft der Slogan. Aora Helmzadeh erz\u00e4hlt auf Amal dazu eine sehr pers\u00f6nliche Geschichte: \u201eWenn Ihr mich fragt, dann ist die Organspende die sch\u00f6nste Errungenschaft der Menschheit\u201c, schreibt sie und erz\u00e4hlt von ihrer Mutter im Iran, die schwer herzkrank war und schon vier Operationen hinter sich hatte, als die \u00c4rzte sagten: Sie haben noch zwei bis f\u00fcnf Tage, und ein tiefer Schatten \u00fcber die Familie fiel. Jedes Mal, wenn das Telefon klingelte, wurde der Schatten gr\u00f6\u00dfer: War das nun der Tod? Doch eines Tages klingelte das Telefon, und es hie\u00df: Wir haben ein Herz f\u00fcr Sie, es gibt einen Spender. Das ist jetzt f\u00fcnf Jahre her. Der Schatten wicht, das Leben ging weiter. Aoras Mutter lernte die Familie kennen, deren Herz sie in der Brust tr\u00e4gt. Sie traf das M\u00e4dchen, deren Vater nun tot war \u2013 und dessen Organ ihr das Weiterleben m\u00f6glich gemacht hat. Wir \u00fcbersetzen <a href=\"https:\/\/amalberlin.de\/fa\/2020\/01\/29\/\u0645\u0631\u06af-\u067e\u0627\u06cc\u0627\u0646-\u0642\u0635\u0647-\u0646\u06cc\u0633\u062a\/\">Aoras Pl\u00e4doyer f\u00fcr die Organspende<\/a> gerne!<\/p>\n","protected":false},"excerpt":{"rendered":"<p>Eigenlob stinkt, sagt man. Aber irgendwie m\u00fcssen wir jetzt doch mal protzen. Die vergangene Woche war, was die Zahlen anbelangt, die erfolgreichste Woche in der Geschichte von Amal. Hier das Beweisfoto: Motor f\u00fcr diese Bewegung waren drei Beitr\u00e4ge: Ein Interview mit der ber\u00fchmten Anw\u00e4ltin Nahla Osman \u00fcber Familienzusammenf\u00fchrung und die neuen Einwanderungsgesetze; ein Beitrag \u00fcber&#8230;  <a class=\"excerpt-read-more\" href=\"https:\/\/amalberlin.de\/de\/2020\/02\/04\/guckt-euch-das-an-wenn-ihr-findet-dass-es-in-deutschland-zu-kalt-ist\/\" title=\"Read Guckt Euch das an, wenn Ihr findet, dass es in Deutschland zu kalt ist\">Weiter &raquo;<\/a><\/p>\n","protected":false},"author":10,"featured_media":96126,"comment_status":"open","ping_status":"open","sticky":false,"template":"","format":"standard","meta":{"_acf_changed":false,"footnotes":""},"categories":[7838],"tags":[],"class_list":["post-96262","post","type-post","status-publish","format-standard","has-post-thumbnail","hentry","category-beitraege-auf-deutsch"],"acf":[],"yoast_head":"<!-- This site is optimized with the Yoast SEO plugin v27.5 - https:\/\/yoast.com\/product\/yoast-seo-wordpress\/ -->\n<title>Guckt Euch das an, wenn Ihr findet, dass es in Deutschland zu kalt ist - Amal, Berlin!<\/title>\n<meta name=\"robots\" content=\"index, follow, max-snippet:-1, max-image-preview:large, max-video-preview:-1\" \/>\n<link rel=\"canonical\" href=\"https:\/\/amalberlin.de\/de\/2020\/02\/04\/guckt-euch-das-an-wenn-ihr-findet-dass-es-in-deutschland-zu-kalt-ist\/\" \/>\n<meta property=\"og:locale\" content=\"de_DE\" \/>\n<meta property=\"og:type\" content=\"article\" \/>\n<meta property=\"og:title\" content=\"Guckt Euch das an, wenn Ihr findet, dass es in Deutschland zu kalt ist - Amal, Berlin!\" \/>\n<meta property=\"og:description\" content=\"Eigenlob stinkt, sagt man. Aber irgendwie m\u00fcssen wir jetzt doch mal protzen. Die vergangene Woche war, was die Zahlen anbelangt, die erfolgreichste Woche in der Geschichte von Amal. Hier das Beweisfoto: Motor f\u00fcr diese Bewegung waren drei Beitr\u00e4ge: Ein Interview mit der ber\u00fchmten Anw\u00e4ltin Nahla Osman \u00fcber Familienzusammenf\u00fchrung und die neuen Einwanderungsgesetze; ein Beitrag \u00fcber... Weiter &raquo;\" \/>\n<meta property=\"og:url\" content=\"https:\/\/amalberlin.de\/de\/2020\/02\/04\/guckt-euch-das-an-wenn-ihr-findet-dass-es-in-deutschland-zu-kalt-ist\/\" \/>\n<meta property=\"og:site_name\" content=\"Amal, Berlin!\" \/>\n<meta property=\"article:publisher\" content=\"https:\/\/www.facebook.com\/AmalBerlinNews\/\" \/>\n<meta property=\"article:published_time\" content=\"2020-02-04T20:38:52+00:00\" \/>\n<meta property=\"article:modified_time\" content=\"2024-02-22T09:01:29+00:00\" \/>\n<meta property=\"og:image\" content=\"https:\/\/amalberlin.de\/wp-content\/uploads\/sites\/3\/2020\/01\/MG_69221.jpg\" \/>\n\t<meta property=\"og:image:width\" content=\"1260\" \/>\n\t<meta property=\"og:image:height\" content=\"900\" \/>\n\t<meta property=\"og:image:type\" content=\"image\/jpeg\" \/>\n<meta name=\"author\" content=\"Cornelia Gerlach\" \/>\n<meta name=\"twitter:card\" content=\"summary_large_image\" \/>\n<meta name=\"twitter:label1\" content=\"Verfasst von\" \/>\n\t<meta name=\"twitter:data1\" content=\"Cornelia Gerlach\" \/>\n\t<meta name=\"twitter:label2\" content=\"Gesch\u00e4tzte Lesezeit\" \/>\n\t<meta name=\"twitter:data2\" content=\"3\u00a0Minuten\" \/>\n<script type=\"application\/ld+json\" class=\"yoast-schema-graph\">{\"@context\":\"https:\\\/\\\/schema.org\",\"@graph\":[{\"@type\":\"Article\",\"@id\":\"https:\\\/\\\/amalberlin.de\\\/de\\\/2020\\\/02\\\/04\\\/guckt-euch-das-an-wenn-ihr-findet-dass-es-in-deutschland-zu-kalt-ist\\\/#article\",\"isPartOf\":{\"@id\":\"https:\\\/\\\/amalberlin.de\\\/de\\\/2020\\\/02\\\/04\\\/guckt-euch-das-an-wenn-ihr-findet-dass-es-in-deutschland-zu-kalt-ist\\\/\"},\"author\":{\"name\":\"Cornelia Gerlach\",\"@id\":\"https:\\\/\\\/amalberlin.de\\\/de\\\/#\\\/schema\\\/person\\\/b38c2d45c0eb9b9e994801d3f87a2247\"},\"headline\":\"Guckt Euch das an, wenn Ihr findet, dass es in Deutschland zu kalt ist\",\"datePublished\":\"2020-02-04T20:38:52+00:00\",\"dateModified\":\"2024-02-22T09:01:29+00:00\",\"mainEntityOfPage\":{\"@id\":\"https:\\\/\\\/amalberlin.de\\\/de\\\/2020\\\/02\\\/04\\\/guckt-euch-das-an-wenn-ihr-findet-dass-es-in-deutschland-zu-kalt-ist\\\/\"},\"wordCount\":572,\"commentCount\":0,\"publisher\":{\"@id\":\"https:\\\/\\\/amalberlin.de\\\/de\\\/#organization\"},\"image\":{\"@id\":\"https:\\\/\\\/amalberlin.de\\\/de\\\/2020\\\/02\\\/04\\\/guckt-euch-das-an-wenn-ihr-findet-dass-es-in-deutschland-zu-kalt-ist\\\/#primaryimage\"},\"thumbnailUrl\":\"https:\\\/\\\/amalberlin.de\\\/wp-content\\\/uploads\\\/sites\\\/3\\\/2020\\\/01\\\/MG_69221.jpg\",\"articleSection\":[\"Beitr\u00e4ge auf Deutsch\"],\"inLanguage\":\"de\",\"potentialAction\":[{\"@type\":\"CommentAction\",\"name\":\"Comment\",\"target\":[\"https:\\\/\\\/amalberlin.de\\\/de\\\/2020\\\/02\\\/04\\\/guckt-euch-das-an-wenn-ihr-findet-dass-es-in-deutschland-zu-kalt-ist\\\/#respond\"]}]},{\"@type\":\"WebPage\",\"@id\":\"https:\\\/\\\/amalberlin.de\\\/de\\\/2020\\\/02\\\/04\\\/guckt-euch-das-an-wenn-ihr-findet-dass-es-in-deutschland-zu-kalt-ist\\\/\",\"url\":\"https:\\\/\\\/amalberlin.de\\\/de\\\/2020\\\/02\\\/04\\\/guckt-euch-das-an-wenn-ihr-findet-dass-es-in-deutschland-zu-kalt-ist\\\/\",\"name\":\"Guckt Euch das an, wenn Ihr findet, dass es in Deutschland zu kalt ist - Amal, Berlin!\",\"isPartOf\":{\"@id\":\"https:\\\/\\\/amalberlin.de\\\/de\\\/#website\"},\"primaryImageOfPage\":{\"@id\":\"https:\\\/\\\/amalberlin.de\\\/de\\\/2020\\\/02\\\/04\\\/guckt-euch-das-an-wenn-ihr-findet-dass-es-in-deutschland-zu-kalt-ist\\\/#primaryimage\"},\"image\":{\"@id\":\"https:\\\/\\\/amalberlin.de\\\/de\\\/2020\\\/02\\\/04\\\/guckt-euch-das-an-wenn-ihr-findet-dass-es-in-deutschland-zu-kalt-ist\\\/#primaryimage\"},\"thumbnailUrl\":\"https:\\\/\\\/amalberlin.de\\\/wp-content\\\/uploads\\\/sites\\\/3\\\/2020\\\/01\\\/MG_69221.jpg\",\"datePublished\":\"2020-02-04T20:38:52+00:00\",\"dateModified\":\"2024-02-22T09:01:29+00:00\",\"breadcrumb\":{\"@id\":\"https:\\\/\\\/amalberlin.de\\\/de\\\/2020\\\/02\\\/04\\\/guckt-euch-das-an-wenn-ihr-findet-dass-es-in-deutschland-zu-kalt-ist\\\/#breadcrumb\"},\"inLanguage\":\"de\",\"potentialAction\":[{\"@type\":\"ReadAction\",\"target\":[\"https:\\\/\\\/amalberlin.de\\\/de\\\/2020\\\/02\\\/04\\\/guckt-euch-das-an-wenn-ihr-findet-dass-es-in-deutschland-zu-kalt-ist\\\/\"]}]},{\"@type\":\"ImageObject\",\"inLanguage\":\"de\",\"@id\":\"https:\\\/\\\/amalberlin.de\\\/de\\\/2020\\\/02\\\/04\\\/guckt-euch-das-an-wenn-ihr-findet-dass-es-in-deutschland-zu-kalt-ist\\\/#primaryimage\",\"url\":\"https:\\\/\\\/amalberlin.de\\\/wp-content\\\/uploads\\\/sites\\\/3\\\/2020\\\/01\\\/MG_69221.jpg\",\"contentUrl\":\"https:\\\/\\\/amalberlin.de\\\/wp-content\\\/uploads\\\/sites\\\/3\\\/2020\\\/01\\\/MG_69221.jpg\",\"width\":1260,\"height\":900,\"caption\":\"Ice Dippers baden in Berliner Seen im Winter\"},{\"@type\":\"BreadcrumbList\",\"@id\":\"https:\\\/\\\/amalberlin.de\\\/de\\\/2020\\\/02\\\/04\\\/guckt-euch-das-an-wenn-ihr-findet-dass-es-in-deutschland-zu-kalt-ist\\\/#breadcrumb\",\"itemListElement\":[{\"@type\":\"ListItem\",\"position\":1,\"name\":\"Home\",\"item\":\"https:\\\/\\\/amalberlin.de\\\/de\\\/\"},{\"@type\":\"ListItem\",\"position\":2,\"name\":\"Guckt Euch das an, wenn Ihr findet, dass es in Deutschland zu kalt ist\"}]},{\"@type\":\"WebSite\",\"@id\":\"https:\\\/\\\/amalberlin.de\\\/de\\\/#website\",\"url\":\"https:\\\/\\\/amalberlin.de\\\/de\\\/\",\"name\":\"Amal, Berlin!\",\"description\":\"\",\"publisher\":{\"@id\":\"https:\\\/\\\/amalberlin.de\\\/de\\\/#organization\"},\"potentialAction\":[{\"@type\":\"SearchAction\",\"target\":{\"@type\":\"EntryPoint\",\"urlTemplate\":\"https:\\\/\\\/amalberlin.de\\\/de\\\/?s={search_term_string}\"},\"query-input\":{\"@type\":\"PropertyValueSpecification\",\"valueRequired\":true,\"valueName\":\"search_term_string\"}}],\"inLanguage\":\"de\"},{\"@type\":\"Organization\",\"@id\":\"https:\\\/\\\/amalberlin.de\\\/de\\\/#organization\",\"name\":\"Amal, Berlin!\",\"url\":\"https:\\\/\\\/amalberlin.de\\\/de\\\/\",\"logo\":{\"@type\":\"ImageObject\",\"inLanguage\":\"de\",\"@id\":\"https:\\\/\\\/amalberlin.de\\\/de\\\/#\\\/schema\\\/logo\\\/image\\\/\",\"url\":\"https:\\\/\\\/amalberlin.de\\\/wp-content\\\/uploads\\\/sites\\\/3\\\/2020\\\/09\\\/LOGO_AMAL-Berlin_Final-01.jpg\",\"contentUrl\":\"https:\\\/\\\/amalberlin.de\\\/wp-content\\\/uploads\\\/sites\\\/3\\\/2020\\\/09\\\/LOGO_AMAL-Berlin_Final-01.jpg\",\"width\":250,\"height\":220,\"caption\":\"Amal, Berlin!\"},\"image\":{\"@id\":\"https:\\\/\\\/amalberlin.de\\\/de\\\/#\\\/schema\\\/logo\\\/image\\\/\"},\"sameAs\":[\"https:\\\/\\\/www.facebook.com\\\/AmalBerlinNews\\\/\",\"https:\\\/\\\/www.instagram.com\\\/amalberlin\\\/?hl=en\",\"https:\\\/\\\/www.youtube.com\\\/channel\\\/UCTDDzpr6EmhT1wLO0hszrrg\"]},{\"@type\":\"Person\",\"@id\":\"https:\\\/\\\/amalberlin.de\\\/de\\\/#\\\/schema\\\/person\\\/b38c2d45c0eb9b9e994801d3f87a2247\",\"name\":\"Cornelia Gerlach\",\"image\":{\"@type\":\"ImageObject\",\"inLanguage\":\"de\",\"@id\":\"https:\\\/\\\/amalberlin.de\\\/wp-content\\\/uploads\\\/sites\\\/3\\\/2023\\\/01\\\/Conny_AhamadKalaji2023_DSC0591-klein-125x125.jpg\",\"url\":\"https:\\\/\\\/amalberlin.de\\\/wp-content\\\/uploads\\\/sites\\\/3\\\/2023\\\/01\\\/Conny_AhamadKalaji2023_DSC0591-klein-125x125.jpg\",\"contentUrl\":\"https:\\\/\\\/amalberlin.de\\\/wp-content\\\/uploads\\\/sites\\\/3\\\/2023\\\/01\\\/Conny_AhamadKalaji2023_DSC0591-klein-125x125.jpg\",\"caption\":\"Cornelia Gerlach\"},\"description\":\"Cornelia Gerlach ist Projektleiterin bei Amal, Berlin! Daneben arbeitet sie als freie Journalistin und Dozentin f\u00fcr Reportage und Storytelling.\",\"url\":\"https:\\\/\\\/amalberlin.de\\\/de\\\/author\\\/conny\\\/\"}]}<\/script>\n<!-- \/ Yoast SEO plugin. -->","yoast_head_json":{"title":"Guckt Euch das an, wenn Ihr findet, dass es in Deutschland zu kalt ist - Amal, Berlin!","robots":{"index":"index","follow":"follow","max-snippet":"max-snippet:-1","max-image-preview":"max-image-preview:large","max-video-preview":"max-video-preview:-1"},"canonical":"https:\/\/amalberlin.de\/de\/2020\/02\/04\/guckt-euch-das-an-wenn-ihr-findet-dass-es-in-deutschland-zu-kalt-ist\/","og_locale":"de_DE","og_type":"article","og_title":"Guckt Euch das an, wenn Ihr findet, dass es in Deutschland zu kalt ist - Amal, Berlin!","og_description":"Eigenlob stinkt, sagt man. Aber irgendwie m\u00fcssen wir jetzt doch mal protzen. Die vergangene Woche war, was die Zahlen anbelangt, die erfolgreichste Woche in der Geschichte von Amal. Hier das Beweisfoto: Motor f\u00fcr diese Bewegung waren drei Beitr\u00e4ge: Ein Interview mit der ber\u00fchmten Anw\u00e4ltin Nahla Osman \u00fcber Familienzusammenf\u00fchrung und die neuen Einwanderungsgesetze; ein Beitrag \u00fcber... Weiter &raquo;","og_url":"https:\/\/amalberlin.de\/de\/2020\/02\/04\/guckt-euch-das-an-wenn-ihr-findet-dass-es-in-deutschland-zu-kalt-ist\/","og_site_name":"Amal, Berlin!","article_publisher":"https:\/\/www.facebook.com\/AmalBerlinNews\/","article_published_time":"2020-02-04T20:38:52+00:00","article_modified_time":"2024-02-22T09:01:29+00:00","og_image":[{"width":1260,"height":900,"url":"https:\/\/amalberlin.de\/wp-content\/uploads\/sites\/3\/2020\/01\/MG_69221.jpg","type":"image\/jpeg"}],"author":"Cornelia Gerlach","twitter_card":"summary_large_image","twitter_misc":{"Verfasst von":"Cornelia Gerlach","Gesch\u00e4tzte Lesezeit":"3\u00a0Minuten"},"schema":{"@context":"https:\/\/schema.org","@graph":[{"@type":"Article","@id":"https:\/\/amalberlin.de\/de\/2020\/02\/04\/guckt-euch-das-an-wenn-ihr-findet-dass-es-in-deutschland-zu-kalt-ist\/#article","isPartOf":{"@id":"https:\/\/amalberlin.de\/de\/2020\/02\/04\/guckt-euch-das-an-wenn-ihr-findet-dass-es-in-deutschland-zu-kalt-ist\/"},"author":{"name":"Cornelia Gerlach","@id":"https:\/\/amalberlin.de\/de\/#\/schema\/person\/b38c2d45c0eb9b9e994801d3f87a2247"},"headline":"Guckt Euch das an, wenn Ihr findet, dass es in Deutschland zu kalt ist","datePublished":"2020-02-04T20:38:52+00:00","dateModified":"2024-02-22T09:01:29+00:00","mainEntityOfPage":{"@id":"https:\/\/amalberlin.de\/de\/2020\/02\/04\/guckt-euch-das-an-wenn-ihr-findet-dass-es-in-deutschland-zu-kalt-ist\/"},"wordCount":572,"commentCount":0,"publisher":{"@id":"https:\/\/amalberlin.de\/de\/#organization"},"image":{"@id":"https:\/\/amalberlin.de\/de\/2020\/02\/04\/guckt-euch-das-an-wenn-ihr-findet-dass-es-in-deutschland-zu-kalt-ist\/#primaryimage"},"thumbnailUrl":"https:\/\/amalberlin.de\/wp-content\/uploads\/sites\/3\/2020\/01\/MG_69221.jpg","articleSection":["Beitr\u00e4ge auf Deutsch"],"inLanguage":"de","potentialAction":[{"@type":"CommentAction","name":"Comment","target":["https:\/\/amalberlin.de\/de\/2020\/02\/04\/guckt-euch-das-an-wenn-ihr-findet-dass-es-in-deutschland-zu-kalt-ist\/#respond"]}]},{"@type":"WebPage","@id":"https:\/\/amalberlin.de\/de\/2020\/02\/04\/guckt-euch-das-an-wenn-ihr-findet-dass-es-in-deutschland-zu-kalt-ist\/","url":"https:\/\/amalberlin.de\/de\/2020\/02\/04\/guckt-euch-das-an-wenn-ihr-findet-dass-es-in-deutschland-zu-kalt-ist\/","name":"Guckt Euch das an, wenn Ihr findet, dass es in Deutschland zu kalt ist - Amal, Berlin!","isPartOf":{"@id":"https:\/\/amalberlin.de\/de\/#website"},"primaryImageOfPage":{"@id":"https:\/\/amalberlin.de\/de\/2020\/02\/04\/guckt-euch-das-an-wenn-ihr-findet-dass-es-in-deutschland-zu-kalt-ist\/#primaryimage"},"image":{"@id":"https:\/\/amalberlin.de\/de\/2020\/02\/04\/guckt-euch-das-an-wenn-ihr-findet-dass-es-in-deutschland-zu-kalt-ist\/#primaryimage"},"thumbnailUrl":"https:\/\/amalberlin.de\/wp-content\/uploads\/sites\/3\/2020\/01\/MG_69221.jpg","datePublished":"2020-02-04T20:38:52+00:00","dateModified":"2024-02-22T09:01:29+00:00","breadcrumb":{"@id":"https:\/\/amalberlin.de\/de\/2020\/02\/04\/guckt-euch-das-an-wenn-ihr-findet-dass-es-in-deutschland-zu-kalt-ist\/#breadcrumb"},"inLanguage":"de","potentialAction":[{"@type":"ReadAction","target":["https:\/\/amalberlin.de\/de\/2020\/02\/04\/guckt-euch-das-an-wenn-ihr-findet-dass-es-in-deutschland-zu-kalt-ist\/"]}]},{"@type":"ImageObject","inLanguage":"de","@id":"https:\/\/amalberlin.de\/de\/2020\/02\/04\/guckt-euch-das-an-wenn-ihr-findet-dass-es-in-deutschland-zu-kalt-ist\/#primaryimage","url":"https:\/\/amalberlin.de\/wp-content\/uploads\/sites\/3\/2020\/01\/MG_69221.jpg","contentUrl":"https:\/\/amalberlin.de\/wp-content\/uploads\/sites\/3\/2020\/01\/MG_69221.jpg","width":1260,"height":900,"caption":"Ice Dippers baden in Berliner Seen im Winter"},{"@type":"BreadcrumbList","@id":"https:\/\/amalberlin.de\/de\/2020\/02\/04\/guckt-euch-das-an-wenn-ihr-findet-dass-es-in-deutschland-zu-kalt-ist\/#breadcrumb","itemListElement":[{"@type":"ListItem","position":1,"name":"Home","item":"https:\/\/amalberlin.de\/de\/"},{"@type":"ListItem","position":2,"name":"Guckt Euch das an, wenn Ihr findet, dass es in Deutschland zu kalt ist"}]},{"@type":"WebSite","@id":"https:\/\/amalberlin.de\/de\/#website","url":"https:\/\/amalberlin.de\/de\/","name":"Amal, Berlin!","description":"","publisher":{"@id":"https:\/\/amalberlin.de\/de\/#organization"},"potentialAction":[{"@type":"SearchAction","target":{"@type":"EntryPoint","urlTemplate":"https:\/\/amalberlin.de\/de\/?s={search_term_string}"},"query-input":{"@type":"PropertyValueSpecification","valueRequired":true,"valueName":"search_term_string"}}],"inLanguage":"de"},{"@type":"Organization","@id":"https:\/\/amalberlin.de\/de\/#organization","name":"Amal, Berlin!","url":"https:\/\/amalberlin.de\/de\/","logo":{"@type":"ImageObject","inLanguage":"de","@id":"https:\/\/amalberlin.de\/de\/#\/schema\/logo\/image\/","url":"https:\/\/amalberlin.de\/wp-content\/uploads\/sites\/3\/2020\/09\/LOGO_AMAL-Berlin_Final-01.jpg","contentUrl":"https:\/\/amalberlin.de\/wp-content\/uploads\/sites\/3\/2020\/09\/LOGO_AMAL-Berlin_Final-01.jpg","width":250,"height":220,"caption":"Amal, Berlin!"},"image":{"@id":"https:\/\/amalberlin.de\/de\/#\/schema\/logo\/image\/"},"sameAs":["https:\/\/www.facebook.com\/AmalBerlinNews\/","https:\/\/www.instagram.com\/amalberlin\/?hl=en","https:\/\/www.youtube.com\/channel\/UCTDDzpr6EmhT1wLO0hszrrg"]},{"@type":"Person","@id":"https:\/\/amalberlin.de\/de\/#\/schema\/person\/b38c2d45c0eb9b9e994801d3f87a2247","name":"Cornelia Gerlach","image":{"@type":"ImageObject","inLanguage":"de","@id":"https:\/\/amalberlin.de\/wp-content\/uploads\/sites\/3\/2023\/01\/Conny_AhamadKalaji2023_DSC0591-klein-125x125.jpg","url":"https:\/\/amalberlin.de\/wp-content\/uploads\/sites\/3\/2023\/01\/Conny_AhamadKalaji2023_DSC0591-klein-125x125.jpg","contentUrl":"https:\/\/amalberlin.de\/wp-content\/uploads\/sites\/3\/2023\/01\/Conny_AhamadKalaji2023_DSC0591-klein-125x125.jpg","caption":"Cornelia Gerlach"},"description":"Cornelia Gerlach ist Projektleiterin bei Amal, Berlin! Daneben arbeitet sie als freie Journalistin und Dozentin f\u00fcr Reportage und Storytelling.","url":"https:\/\/amalberlin.de\/de\/author\/conny\/"}]}},"_links":{"self":[{"href":"https:\/\/amalberlin.de\/de\/wp-json\/wp\/v2\/posts\/96262","targetHints":{"allow":["GET"]}}],"collection":[{"href":"https:\/\/amalberlin.de\/de\/wp-json\/wp\/v2\/posts"}],"about":[{"href":"https:\/\/amalberlin.de\/de\/wp-json\/wp\/v2\/types\/post"}],"author":[{"embeddable":true,"href":"https:\/\/amalberlin.de\/de\/wp-json\/wp\/v2\/users\/10"}],"replies":[{"embeddable":true,"href":"https:\/\/amalberlin.de\/de\/wp-json\/wp\/v2\/comments?post=96262"}],"version-history":[{"count":1,"href":"https:\/\/amalberlin.de\/de\/wp-json\/wp\/v2\/posts\/96262\/revisions"}],"predecessor-version":[{"id":96266,"href":"https:\/\/amalberlin.de\/de\/wp-json\/wp\/v2\/posts\/96262\/revisions\/96266"}],"wp:featuredmedia":[{"embeddable":true,"href":"https:\/\/amalberlin.de\/de\/wp-json\/wp\/v2\/media\/96126"}],"wp:attachment":[{"href":"https:\/\/amalberlin.de\/de\/wp-json\/wp\/v2\/media?parent=96262"}],"wp:term":[{"taxonomy":"category","embeddable":true,"href":"https:\/\/amalberlin.de\/de\/wp-json\/wp\/v2\/categories?post=96262"},{"taxonomy":"post_tag","embeddable":true,"href":"https:\/\/amalberlin.de\/de\/wp-json\/wp\/v2\/tags?post=96262"}],"curies":[{"name":"wp","href":"https:\/\/api.w.org\/{rel}","templated":true}]}}