{"id":93693,"date":"2019-12-12T13:48:45","date_gmt":"2019-12-12T12:48:45","guid":{"rendered":"https:\/\/amalberlin.de\/?p=93693"},"modified":"2024-02-22T09:42:56","modified_gmt":"2024-02-22T08:42:56","slug":"amal-berlin-gibt-es-jetzt-auch-offline","status":"publish","type":"post","link":"https:\/\/amalberlin.de\/de\/2019\/12\/12\/amal-berlin-gibt-es-jetzt-auch-offline\/","title":{"rendered":"Amal, Berlin! gibt es jetzt auch offline"},"content":{"rendered":"<p>wir sind eine Nachrichtenplattform, aber nebenbei sind wir auch ein Diskussionsforum zu allen Themen, die in Berlin und f\u00fcr die Neuangekommenen wichtig sind. Da wir unsere Berichte auch \u00fcber Facebook verbreiten, stehen wir im direken Austausch mit unseren Leserinnen und Lesern und es gibt viel zu besprechen! Heute wollen wir nun ein neues Format probieren: Wir verlagern die Diskussionen aus dem Netz in die richtige Welt und laden unsere Leserinnen und Leser zu unserem ersten Salon Amal, Berlin! ein. Wir wollen analog, pers\u00f6nlich und ganz gem\u00fctlich diskutieren, Ideen austauschen und uns ein bisschen besser kennenlernen. Das ist die Idee hinter dem Salon Amal, Berlin!. Als Thema haben wir eines gew\u00e4hlt, das viele neuangekommene Familien besch\u00e4ftigt. Die \u00dcberschrift lautet:<\/p>\n<h3>Ist die arabische Sprache in Gefahr? Verlernen unsere Kinder ihre Sprache?<\/h3>\n<p>Viele der neuangekommen Familien legen gro\u00dfen Wert darauf, dass ihre Kinder schnell und gut Deutsch lernen. In vielen F\u00e4llen hat das gut geklappt. Allerdings ist dabei die Muttersprache auf der Strecke geblieben. Viele Kinder sprechen zwar noch ordentlich Arabisch, k\u00f6nnen sich aber schriftlich nicht gut ausdr\u00fccken. Eltern klagen dar\u00fcber, dass ihre Kinder die Sprachen mixen, so wie unsere Karrikatur es zeigt. Die Mutter fragt, warum der Junge nicht wie ausgemacht, einkaufen gegangen ist und er antwortet auf Arabischdeutsch, dass er den Einkaufszettel nicht lesen konnte. Was kann man tun? An einigen Schulen in Berlin wird Arabisch als muttersprachlicher Unterricht angeboten und der Senat hat den Ausbau dieses Angebots auf der to do-Liste, doch bislang gehen viele Kinder leer aus. Manche Eltern schicken ihre Kinder daher in private Nachmittagsschulen. Doch:\u00a0Was wissen wir \u00fcber diese Schulen? und \u00fcberhaupt: Wie motiviert man Kinder, am Samstag dorthin zu gehen? Das alles sind Themen, die viele arabische Eltern in Berlin bewegen und wir wollen dar\u00fcber heute Abend reden. Hier geht es zum<a href=\"http:\/\/https:\/\/www.facebook.com\/AmalBerlinNews\/photos\/gm.2479875622267386\/2631361923596787\/?type=3&amp;theater\"> Event auf Facebook<\/a> mit allen Details.<\/p>\n<p><strong>Wir laden Sie und Euch herzlich ein zum ersten &#8222;Amal, Berlin!-Salon f\u00fcr Soziales und Kultur&#8220; am Mittwoch, 11. Dezember in der Werkstatt der Kulturen in Berlin. Die Veranstaltung findet auf Arabisch statt.<\/strong><\/p>\n<p>&nbsp;<\/p>\n<p><iframe loading=\"lazy\" title=\"\u0627\u0644\u0639\u0631\u0628\u064a\u0629 \u0641\u064a \u062e\u0637\u0631.. \u0647\u0644 \u064a\u0646\u0633\u0649 \u0623\u0637\u0641\u0627\u0644\u0646\u0627 \u0644\u063a\u062a\u0646\u0627 \u0627\u0644\u0623\u0645\u061f\" width=\"680\" height=\"383\" src=\"https:\/\/www.youtube.com\/embed\/I8cHz8bP5m4?feature=oembed\" frameborder=\"0\" allow=\"accelerometer; autoplay; encrypted-media; gyroscope; picture-in-picture\" allowfullscreen><\/iframe><\/p>\n<p>Video von Walaa Ismael<\/p>\n<h3>Menschenrechte &#8211; Unser Kommentar zum<br \/>\n10. Dezember<\/h3>\n<p><b><\/b><\/p>\n<p>Es sind zwei Jahrestage in einer Woche: Am Dienstag wurde weltweit der Tag der Menschenrechte begangen und am Samstag j\u00e4hrt sich zum dritten Mal die erste Abschiebung per Sammelflug nach Afghanistan. Diese Themen haben viel miteinander zu tun, so unsere Kollegin Nilab Langar. Amal, Hamburg!, das Hamburger Abendblatt und die K\u00f6rber-Stiftung haben sich zusammengetan und ver\u00f6ffentlichten gemeinsam ihren Kommentar, so dass er ein m\u00f6glichst breites Publikum erreicht. <a href=\"https:\/\/www.koerber-stiftung.de\/amal-hamburg\/tag-der-menschenrechte\">Hier <\/a>geht es zu ihrem Text auf Deutsch.\u00a0<b><\/b><\/p>\n<h3>\nFrauenrechte &#8211; Was bedeutet eigentlich Jungfr\u00e4ulichkeit?<\/h3>\n<p><b><\/b><br \/>\nDas Thema Sex, Selbstbestimmung der Frau und alles, was mit Geschlechtsverkehr vor der Ehe zu tun hat, sind in der arabischen Community hei\u00df diskutiert. Samer Masouh hat mit der Gyn\u00e4kologin und Psychologin Najat Abdul Samad gesprochen. Sie ist sehr bekannt. F\u00fcr die einen ist sie eine Tabubrecherin f\u00fcr die anderen steht sie f\u00fcr Aufkl\u00e4rung und das Recht der Frau auf sexuelle Selbstbestimmung. <a href=\"https:\/\/amalberlin.de\/2019\/12\/09\/%d9%86%d8%ac%d8%a7%d8%a9-%d8%b9%d8%a8%d8%af-%d8%a7%d9%84%d8%b5%d9%85%d8%af-%d8%a7%d9%84%d8%b9%d8%b0%d8%b1%d9%8a%d8%a9-%d9%84%d8%a7-%d8%b9%d9%84%d8%a7%d9%82%d8%a9-%d9%84%d9%87%d8%a7-%d8%a8%d8%ba%d8%b4\/\">Hier<\/a> geht es zum Text auf Arabisch.<\/p>\n<p>&nbsp;<\/p>\n<p><strong>Amal, Berlin! berichtet auf Arabisch und Farsi\/Dari \u00fcber alles, was in Berlin wichtig ist. Gerne \u00fcbersetzen wir einzelne Artikel auch ins Deutsche und stellen sie Redaktionen gegen Honorar zur Verf\u00fcgung.<\/strong><\/p>\n<p>Bitte wenden Sie sich per Mail an:<br \/>\n<strong>info(at)amalberlin.de<\/strong><\/p>\n<p>Karrikatur: Nouh Ibrahim<\/p>\n","protected":false},"excerpt":{"rendered":"<p>wir sind eine Nachrichtenplattform, aber nebenbei sind wir auch ein Diskussionsforum zu allen Themen, die in Berlin und f\u00fcr die Neuangekommenen wichtig sind. Da wir unsere Berichte auch \u00fcber Facebook verbreiten, stehen wir im direken Austausch mit unseren Leserinnen und Lesern und es gibt viel zu besprechen! Heute wollen wir nun ein neues Format probieren:&#8230;  <a class=\"excerpt-read-more\" href=\"https:\/\/amalberlin.de\/de\/2019\/12\/12\/amal-berlin-gibt-es-jetzt-auch-offline\/\" title=\"Read Amal, Berlin! gibt es jetzt auch offline\">Weiter &raquo;<\/a><\/p>\n","protected":false},"author":13,"featured_media":93581,"comment_status":"open","ping_status":"open","sticky":false,"template":"","format":"standard","meta":{"_acf_changed":false,"footnotes":""},"categories":[7831],"tags":[977,926,2143],"class_list":["post-93693","post","type-post","status-publish","format-standard","has-post-thumbnail","hentry","category-themen-diese-woche","tag-berlin-de","tag-menschenrechte","tag-sprache"],"acf":[],"yoast_head":"<!-- This site is optimized with the Yoast SEO plugin v27.5 - https:\/\/yoast.com\/product\/yoast-seo-wordpress\/ -->\n<title>Amal, Berlin! gibt es jetzt auch offline - Amal, Berlin!<\/title>\n<meta name=\"robots\" content=\"index, follow, max-snippet:-1, max-image-preview:large, max-video-preview:-1\" \/>\n<link rel=\"canonical\" href=\"https:\/\/amalberlin.de\/de\/2019\/12\/12\/amal-berlin-gibt-es-jetzt-auch-offline\/\" \/>\n<meta property=\"og:locale\" content=\"de_DE\" \/>\n<meta property=\"og:type\" content=\"article\" \/>\n<meta property=\"og:title\" content=\"Amal, Berlin! gibt es jetzt auch offline - Amal, Berlin!\" \/>\n<meta property=\"og:description\" content=\"wir sind eine Nachrichtenplattform, aber nebenbei sind wir auch ein Diskussionsforum zu allen Themen, die in Berlin und f\u00fcr die Neuangekommenen wichtig sind. Da wir unsere Berichte auch \u00fcber Facebook verbreiten, stehen wir im direken Austausch mit unseren Leserinnen und Lesern und es gibt viel zu besprechen! Heute wollen wir nun ein neues Format probieren:... Weiter &raquo;\" \/>\n<meta property=\"og:url\" content=\"https:\/\/amalberlin.de\/de\/2019\/12\/12\/amal-berlin-gibt-es-jetzt-auch-offline\/\" \/>\n<meta property=\"og:site_name\" content=\"Amal, Berlin!\" \/>\n<meta property=\"article:publisher\" content=\"https:\/\/www.facebook.com\/AmalBerlinNews\/\" \/>\n<meta property=\"article:published_time\" content=\"2019-12-12T12:48:45+00:00\" \/>\n<meta property=\"article:modified_time\" content=\"2024-02-22T08:42:56+00:00\" \/>\n<meta property=\"og:image\" content=\"https:\/\/amalberlin.de\/wp-content\/uploads\/sites\/3\/2019\/12\/arabic-language.jpg\" \/>\n\t<meta property=\"og:image:width\" content=\"1200\" \/>\n\t<meta property=\"og:image:height\" content=\"848\" \/>\n\t<meta property=\"og:image:type\" content=\"image\/jpeg\" \/>\n<meta name=\"author\" content=\"Julia Gerlach\" \/>\n<meta name=\"twitter:card\" content=\"summary_large_image\" \/>\n<meta name=\"twitter:label1\" content=\"Verfasst von\" \/>\n\t<meta name=\"twitter:data1\" content=\"Julia Gerlach \" \/>\n\t<meta name=\"twitter:label2\" content=\"Gesch\u00e4tzte Lesezeit\" \/>\n\t<meta name=\"twitter:data2\" content=\"3\u00a0Minuten\" \/>\n<script type=\"application\/ld+json\" class=\"yoast-schema-graph\">{\"@context\":\"https:\\\/\\\/schema.org\",\"@graph\":[{\"@type\":\"Article\",\"@id\":\"https:\\\/\\\/amalberlin.de\\\/de\\\/2019\\\/12\\\/12\\\/amal-berlin-gibt-es-jetzt-auch-offline\\\/#article\",\"isPartOf\":{\"@id\":\"https:\\\/\\\/amalberlin.de\\\/de\\\/2019\\\/12\\\/12\\\/amal-berlin-gibt-es-jetzt-auch-offline\\\/\"},\"author\":{\"name\":\"Julia Gerlach\",\"@id\":\"https:\\\/\\\/amalberlin.de\\\/de\\\/#\\\/schema\\\/person\\\/69d08bbfd6c317e7166f72efca0b9e05\"},\"headline\":\"Amal, Berlin! gibt es jetzt auch offline\",\"datePublished\":\"2019-12-12T12:48:45+00:00\",\"dateModified\":\"2024-02-22T08:42:56+00:00\",\"mainEntityOfPage\":{\"@id\":\"https:\\\/\\\/amalberlin.de\\\/de\\\/2019\\\/12\\\/12\\\/amal-berlin-gibt-es-jetzt-auch-offline\\\/\"},\"wordCount\":579,\"commentCount\":0,\"publisher\":{\"@id\":\"https:\\\/\\\/amalberlin.de\\\/de\\\/#organization\"},\"image\":{\"@id\":\"https:\\\/\\\/amalberlin.de\\\/de\\\/2019\\\/12\\\/12\\\/amal-berlin-gibt-es-jetzt-auch-offline\\\/#primaryimage\"},\"thumbnailUrl\":\"https:\\\/\\\/amalberlin.de\\\/wp-content\\\/uploads\\\/sites\\\/3\\\/2019\\\/12\\\/arabic-language.jpg\",\"keywords\":[\"berlin\",\"Menschenrechte\",\"Sprache\"],\"articleSection\":[\"Themen diese Woche\"],\"inLanguage\":\"de\",\"potentialAction\":[{\"@type\":\"CommentAction\",\"name\":\"Comment\",\"target\":[\"https:\\\/\\\/amalberlin.de\\\/de\\\/2019\\\/12\\\/12\\\/amal-berlin-gibt-es-jetzt-auch-offline\\\/#respond\"]}]},{\"@type\":\"WebPage\",\"@id\":\"https:\\\/\\\/amalberlin.de\\\/de\\\/2019\\\/12\\\/12\\\/amal-berlin-gibt-es-jetzt-auch-offline\\\/\",\"url\":\"https:\\\/\\\/amalberlin.de\\\/de\\\/2019\\\/12\\\/12\\\/amal-berlin-gibt-es-jetzt-auch-offline\\\/\",\"name\":\"Amal, Berlin! gibt es jetzt auch offline - Amal, Berlin!\",\"isPartOf\":{\"@id\":\"https:\\\/\\\/amalberlin.de\\\/de\\\/#website\"},\"primaryImageOfPage\":{\"@id\":\"https:\\\/\\\/amalberlin.de\\\/de\\\/2019\\\/12\\\/12\\\/amal-berlin-gibt-es-jetzt-auch-offline\\\/#primaryimage\"},\"image\":{\"@id\":\"https:\\\/\\\/amalberlin.de\\\/de\\\/2019\\\/12\\\/12\\\/amal-berlin-gibt-es-jetzt-auch-offline\\\/#primaryimage\"},\"thumbnailUrl\":\"https:\\\/\\\/amalberlin.de\\\/wp-content\\\/uploads\\\/sites\\\/3\\\/2019\\\/12\\\/arabic-language.jpg\",\"datePublished\":\"2019-12-12T12:48:45+00:00\",\"dateModified\":\"2024-02-22T08:42:56+00:00\",\"breadcrumb\":{\"@id\":\"https:\\\/\\\/amalberlin.de\\\/de\\\/2019\\\/12\\\/12\\\/amal-berlin-gibt-es-jetzt-auch-offline\\\/#breadcrumb\"},\"inLanguage\":\"de\",\"potentialAction\":[{\"@type\":\"ReadAction\",\"target\":[\"https:\\\/\\\/amalberlin.de\\\/de\\\/2019\\\/12\\\/12\\\/amal-berlin-gibt-es-jetzt-auch-offline\\\/\"]}]},{\"@type\":\"ImageObject\",\"inLanguage\":\"de\",\"@id\":\"https:\\\/\\\/amalberlin.de\\\/de\\\/2019\\\/12\\\/12\\\/amal-berlin-gibt-es-jetzt-auch-offline\\\/#primaryimage\",\"url\":\"https:\\\/\\\/amalberlin.de\\\/wp-content\\\/uploads\\\/sites\\\/3\\\/2019\\\/12\\\/arabic-language.jpg\",\"contentUrl\":\"https:\\\/\\\/amalberlin.de\\\/wp-content\\\/uploads\\\/sites\\\/3\\\/2019\\\/12\\\/arabic-language.jpg\",\"width\":1200,\"height\":848,\"caption\":\"\u0627\u0644\u0644\u062c\u0648\u0621 \u0648\u062e\u0637\u0631 \u0646\u0633\u064a\u0627\u0646 \u0627\u0644\u0644\u063a\u0629 \u0627\u0644\u0639\u0631\u0628\u064a\u0629\"},{\"@type\":\"BreadcrumbList\",\"@id\":\"https:\\\/\\\/amalberlin.de\\\/de\\\/2019\\\/12\\\/12\\\/amal-berlin-gibt-es-jetzt-auch-offline\\\/#breadcrumb\",\"itemListElement\":[{\"@type\":\"ListItem\",\"position\":1,\"name\":\"Home\",\"item\":\"https:\\\/\\\/amalberlin.de\\\/de\\\/\"},{\"@type\":\"ListItem\",\"position\":2,\"name\":\"Amal, Berlin! gibt es jetzt auch offline\"}]},{\"@type\":\"WebSite\",\"@id\":\"https:\\\/\\\/amalberlin.de\\\/de\\\/#website\",\"url\":\"https:\\\/\\\/amalberlin.de\\\/de\\\/\",\"name\":\"Amal, Berlin!\",\"description\":\"\",\"publisher\":{\"@id\":\"https:\\\/\\\/amalberlin.de\\\/de\\\/#organization\"},\"potentialAction\":[{\"@type\":\"SearchAction\",\"target\":{\"@type\":\"EntryPoint\",\"urlTemplate\":\"https:\\\/\\\/amalberlin.de\\\/de\\\/?s={search_term_string}\"},\"query-input\":{\"@type\":\"PropertyValueSpecification\",\"valueRequired\":true,\"valueName\":\"search_term_string\"}}],\"inLanguage\":\"de\"},{\"@type\":\"Organization\",\"@id\":\"https:\\\/\\\/amalberlin.de\\\/de\\\/#organization\",\"name\":\"Amal, Berlin!\",\"url\":\"https:\\\/\\\/amalberlin.de\\\/de\\\/\",\"logo\":{\"@type\":\"ImageObject\",\"inLanguage\":\"de\",\"@id\":\"https:\\\/\\\/amalberlin.de\\\/de\\\/#\\\/schema\\\/logo\\\/image\\\/\",\"url\":\"https:\\\/\\\/amalberlin.de\\\/wp-content\\\/uploads\\\/sites\\\/3\\\/2020\\\/09\\\/LOGO_AMAL-Berlin_Final-01.jpg\",\"contentUrl\":\"https:\\\/\\\/amalberlin.de\\\/wp-content\\\/uploads\\\/sites\\\/3\\\/2020\\\/09\\\/LOGO_AMAL-Berlin_Final-01.jpg\",\"width\":250,\"height\":220,\"caption\":\"Amal, Berlin!\"},\"image\":{\"@id\":\"https:\\\/\\\/amalberlin.de\\\/de\\\/#\\\/schema\\\/logo\\\/image\\\/\"},\"sameAs\":[\"https:\\\/\\\/www.facebook.com\\\/AmalBerlinNews\\\/\",\"https:\\\/\\\/www.instagram.com\\\/amalberlin\\\/?hl=en\",\"https:\\\/\\\/www.youtube.com\\\/channel\\\/UCTDDzpr6EmhT1wLO0hszrrg\"]},{\"@type\":\"Person\",\"@id\":\"https:\\\/\\\/amalberlin.de\\\/de\\\/#\\\/schema\\\/person\\\/69d08bbfd6c317e7166f72efca0b9e05\",\"name\":\"Julia Gerlach\",\"image\":{\"@type\":\"ImageObject\",\"inLanguage\":\"de\",\"@id\":\"https:\\\/\\\/amalberlin.de\\\/wp-content\\\/uploads\\\/sites\\\/3\\\/2019\\\/04\\\/aaaJulia-Gerlach-1-125x125.jpg\",\"url\":\"https:\\\/\\\/amalberlin.de\\\/wp-content\\\/uploads\\\/sites\\\/3\\\/2019\\\/04\\\/aaaJulia-Gerlach-1-125x125.jpg\",\"contentUrl\":\"https:\\\/\\\/amalberlin.de\\\/wp-content\\\/uploads\\\/sites\\\/3\\\/2019\\\/04\\\/aaaJulia-Gerlach-1-125x125.jpg\",\"caption\":\"Julia Gerlach\"},\"description\":\"Julia Gerlach ist Projektleiterin bei Amal, Berlin! Von 2008 bis 2015 hat sie als Korrespondentin f\u00fcr deutsche Medien aus Kairo \u00fcber die arabischen Welt berichtet. Zuvor war sie Redakteurin beim heute Journal des ZDF. Sie hat mehrere Sachb\u00fccher \u00fcber den Islam in Deutschland und den Arabischen Fr\u00fchling geschrieben.\",\"url\":\"https:\\\/\\\/amalberlin.de\\\/de\\\/author\\\/julia\\\/\"}]}<\/script>\n<!-- \/ Yoast SEO plugin. -->","yoast_head_json":{"title":"Amal, Berlin! gibt es jetzt auch offline - Amal, Berlin!","robots":{"index":"index","follow":"follow","max-snippet":"max-snippet:-1","max-image-preview":"max-image-preview:large","max-video-preview":"max-video-preview:-1"},"canonical":"https:\/\/amalberlin.de\/de\/2019\/12\/12\/amal-berlin-gibt-es-jetzt-auch-offline\/","og_locale":"de_DE","og_type":"article","og_title":"Amal, Berlin! gibt es jetzt auch offline - Amal, Berlin!","og_description":"wir sind eine Nachrichtenplattform, aber nebenbei sind wir auch ein Diskussionsforum zu allen Themen, die in Berlin und f\u00fcr die Neuangekommenen wichtig sind. Da wir unsere Berichte auch \u00fcber Facebook verbreiten, stehen wir im direken Austausch mit unseren Leserinnen und Lesern und es gibt viel zu besprechen! Heute wollen wir nun ein neues Format probieren:... Weiter &raquo;","og_url":"https:\/\/amalberlin.de\/de\/2019\/12\/12\/amal-berlin-gibt-es-jetzt-auch-offline\/","og_site_name":"Amal, Berlin!","article_publisher":"https:\/\/www.facebook.com\/AmalBerlinNews\/","article_published_time":"2019-12-12T12:48:45+00:00","article_modified_time":"2024-02-22T08:42:56+00:00","og_image":[{"width":1200,"height":848,"url":"https:\/\/amalberlin.de\/wp-content\/uploads\/sites\/3\/2019\/12\/arabic-language.jpg","type":"image\/jpeg"}],"author":"Julia Gerlach","twitter_card":"summary_large_image","twitter_misc":{"Verfasst von":"Julia Gerlach ","Gesch\u00e4tzte Lesezeit":"3\u00a0Minuten"},"schema":{"@context":"https:\/\/schema.org","@graph":[{"@type":"Article","@id":"https:\/\/amalberlin.de\/de\/2019\/12\/12\/amal-berlin-gibt-es-jetzt-auch-offline\/#article","isPartOf":{"@id":"https:\/\/amalberlin.de\/de\/2019\/12\/12\/amal-berlin-gibt-es-jetzt-auch-offline\/"},"author":{"name":"Julia Gerlach","@id":"https:\/\/amalberlin.de\/de\/#\/schema\/person\/69d08bbfd6c317e7166f72efca0b9e05"},"headline":"Amal, Berlin! gibt es jetzt auch offline","datePublished":"2019-12-12T12:48:45+00:00","dateModified":"2024-02-22T08:42:56+00:00","mainEntityOfPage":{"@id":"https:\/\/amalberlin.de\/de\/2019\/12\/12\/amal-berlin-gibt-es-jetzt-auch-offline\/"},"wordCount":579,"commentCount":0,"publisher":{"@id":"https:\/\/amalberlin.de\/de\/#organization"},"image":{"@id":"https:\/\/amalberlin.de\/de\/2019\/12\/12\/amal-berlin-gibt-es-jetzt-auch-offline\/#primaryimage"},"thumbnailUrl":"https:\/\/amalberlin.de\/wp-content\/uploads\/sites\/3\/2019\/12\/arabic-language.jpg","keywords":["berlin","Menschenrechte","Sprache"],"articleSection":["Themen diese Woche"],"inLanguage":"de","potentialAction":[{"@type":"CommentAction","name":"Comment","target":["https:\/\/amalberlin.de\/de\/2019\/12\/12\/amal-berlin-gibt-es-jetzt-auch-offline\/#respond"]}]},{"@type":"WebPage","@id":"https:\/\/amalberlin.de\/de\/2019\/12\/12\/amal-berlin-gibt-es-jetzt-auch-offline\/","url":"https:\/\/amalberlin.de\/de\/2019\/12\/12\/amal-berlin-gibt-es-jetzt-auch-offline\/","name":"Amal, Berlin! gibt es jetzt auch offline - Amal, Berlin!","isPartOf":{"@id":"https:\/\/amalberlin.de\/de\/#website"},"primaryImageOfPage":{"@id":"https:\/\/amalberlin.de\/de\/2019\/12\/12\/amal-berlin-gibt-es-jetzt-auch-offline\/#primaryimage"},"image":{"@id":"https:\/\/amalberlin.de\/de\/2019\/12\/12\/amal-berlin-gibt-es-jetzt-auch-offline\/#primaryimage"},"thumbnailUrl":"https:\/\/amalberlin.de\/wp-content\/uploads\/sites\/3\/2019\/12\/arabic-language.jpg","datePublished":"2019-12-12T12:48:45+00:00","dateModified":"2024-02-22T08:42:56+00:00","breadcrumb":{"@id":"https:\/\/amalberlin.de\/de\/2019\/12\/12\/amal-berlin-gibt-es-jetzt-auch-offline\/#breadcrumb"},"inLanguage":"de","potentialAction":[{"@type":"ReadAction","target":["https:\/\/amalberlin.de\/de\/2019\/12\/12\/amal-berlin-gibt-es-jetzt-auch-offline\/"]}]},{"@type":"ImageObject","inLanguage":"de","@id":"https:\/\/amalberlin.de\/de\/2019\/12\/12\/amal-berlin-gibt-es-jetzt-auch-offline\/#primaryimage","url":"https:\/\/amalberlin.de\/wp-content\/uploads\/sites\/3\/2019\/12\/arabic-language.jpg","contentUrl":"https:\/\/amalberlin.de\/wp-content\/uploads\/sites\/3\/2019\/12\/arabic-language.jpg","width":1200,"height":848,"caption":"\u0627\u0644\u0644\u062c\u0648\u0621 \u0648\u062e\u0637\u0631 \u0646\u0633\u064a\u0627\u0646 \u0627\u0644\u0644\u063a\u0629 \u0627\u0644\u0639\u0631\u0628\u064a\u0629"},{"@type":"BreadcrumbList","@id":"https:\/\/amalberlin.de\/de\/2019\/12\/12\/amal-berlin-gibt-es-jetzt-auch-offline\/#breadcrumb","itemListElement":[{"@type":"ListItem","position":1,"name":"Home","item":"https:\/\/amalberlin.de\/de\/"},{"@type":"ListItem","position":2,"name":"Amal, Berlin! gibt es jetzt auch offline"}]},{"@type":"WebSite","@id":"https:\/\/amalberlin.de\/de\/#website","url":"https:\/\/amalberlin.de\/de\/","name":"Amal, Berlin!","description":"","publisher":{"@id":"https:\/\/amalberlin.de\/de\/#organization"},"potentialAction":[{"@type":"SearchAction","target":{"@type":"EntryPoint","urlTemplate":"https:\/\/amalberlin.de\/de\/?s={search_term_string}"},"query-input":{"@type":"PropertyValueSpecification","valueRequired":true,"valueName":"search_term_string"}}],"inLanguage":"de"},{"@type":"Organization","@id":"https:\/\/amalberlin.de\/de\/#organization","name":"Amal, Berlin!","url":"https:\/\/amalberlin.de\/de\/","logo":{"@type":"ImageObject","inLanguage":"de","@id":"https:\/\/amalberlin.de\/de\/#\/schema\/logo\/image\/","url":"https:\/\/amalberlin.de\/wp-content\/uploads\/sites\/3\/2020\/09\/LOGO_AMAL-Berlin_Final-01.jpg","contentUrl":"https:\/\/amalberlin.de\/wp-content\/uploads\/sites\/3\/2020\/09\/LOGO_AMAL-Berlin_Final-01.jpg","width":250,"height":220,"caption":"Amal, Berlin!"},"image":{"@id":"https:\/\/amalberlin.de\/de\/#\/schema\/logo\/image\/"},"sameAs":["https:\/\/www.facebook.com\/AmalBerlinNews\/","https:\/\/www.instagram.com\/amalberlin\/?hl=en","https:\/\/www.youtube.com\/channel\/UCTDDzpr6EmhT1wLO0hszrrg"]},{"@type":"Person","@id":"https:\/\/amalberlin.de\/de\/#\/schema\/person\/69d08bbfd6c317e7166f72efca0b9e05","name":"Julia Gerlach","image":{"@type":"ImageObject","inLanguage":"de","@id":"https:\/\/amalberlin.de\/wp-content\/uploads\/sites\/3\/2019\/04\/aaaJulia-Gerlach-1-125x125.jpg","url":"https:\/\/amalberlin.de\/wp-content\/uploads\/sites\/3\/2019\/04\/aaaJulia-Gerlach-1-125x125.jpg","contentUrl":"https:\/\/amalberlin.de\/wp-content\/uploads\/sites\/3\/2019\/04\/aaaJulia-Gerlach-1-125x125.jpg","caption":"Julia Gerlach"},"description":"Julia Gerlach ist Projektleiterin bei Amal, Berlin! Von 2008 bis 2015 hat sie als Korrespondentin f\u00fcr deutsche Medien aus Kairo \u00fcber die arabischen Welt berichtet. Zuvor war sie Redakteurin beim heute Journal des ZDF. Sie hat mehrere Sachb\u00fccher \u00fcber den Islam in Deutschland und den Arabischen Fr\u00fchling geschrieben.","url":"https:\/\/amalberlin.de\/de\/author\/julia\/"}]}},"_links":{"self":[{"href":"https:\/\/amalberlin.de\/de\/wp-json\/wp\/v2\/posts\/93693","targetHints":{"allow":["GET"]}}],"collection":[{"href":"https:\/\/amalberlin.de\/de\/wp-json\/wp\/v2\/posts"}],"about":[{"href":"https:\/\/amalberlin.de\/de\/wp-json\/wp\/v2\/types\/post"}],"author":[{"embeddable":true,"href":"https:\/\/amalberlin.de\/de\/wp-json\/wp\/v2\/users\/13"}],"replies":[{"embeddable":true,"href":"https:\/\/amalberlin.de\/de\/wp-json\/wp\/v2\/comments?post=93693"}],"version-history":[{"count":1,"href":"https:\/\/amalberlin.de\/de\/wp-json\/wp\/v2\/posts\/93693\/revisions"}],"predecessor-version":[{"id":93696,"href":"https:\/\/amalberlin.de\/de\/wp-json\/wp\/v2\/posts\/93693\/revisions\/93696"}],"wp:featuredmedia":[{"embeddable":true,"href":"https:\/\/amalberlin.de\/de\/wp-json\/wp\/v2\/media\/93581"}],"wp:attachment":[{"href":"https:\/\/amalberlin.de\/de\/wp-json\/wp\/v2\/media?parent=93693"}],"wp:term":[{"taxonomy":"category","embeddable":true,"href":"https:\/\/amalberlin.de\/de\/wp-json\/wp\/v2\/categories?post=93693"},{"taxonomy":"post_tag","embeddable":true,"href":"https:\/\/amalberlin.de\/de\/wp-json\/wp\/v2\/tags?post=93693"}],"curies":[{"name":"wp","href":"https:\/\/api.w.org\/{rel}","templated":true}]}}