{"id":85837,"date":"2019-08-31T14:22:48","date_gmt":"2019-08-31T12:22:48","guid":{"rendered":"https:\/\/amalberlin.de\/?p=85837"},"modified":"2024-02-22T10:11:04","modified_gmt":"2024-02-22T09:11:04","slug":"kommt-zu-uns-ans-lagerfeuer","status":"publish","type":"post","link":"https:\/\/amalberlin.de\/de\/2019\/08\/31\/kommt-zu-uns-ans-lagerfeuer\/","title":{"rendered":"Kommt zu uns ans Lagerfeuer"},"content":{"rendered":"<p>Ein gro\u00dfes Lagerfeuer wird entfacht \u2013 das Campfire-Festival f\u00fcr eine bessere Gesellschaft, das an diesem Wochenende in D\u00fcsseldorf stattfindet. Wir sind dabei und haben aus diesem Anlass eine gro\u00dfes, bundesweites Netzwerktreffen f\u00fcr Exil-Journalisten organisiert. Seit Wochen schon laufen die Vorbereitungen, werden Kontakte gekn\u00fcpft und Einladungen verschickt, Diskussionen vorbereitet und Bahntickets gebucht. Jetzt fehlen nur noch die letzten Handgriffe, Anas kauft noch leckere Kekse, Julia organisiert arabische Snacks f\u00fcr einen gemeinsamen Abend. Und dann kann es losgehen.<\/p>\n<p>50 Exil-Journalisten und Journalistinnen aus ganz Deutschland haben zugesagt. Sie treffen sich am Sonntag im D\u00fcsseldorfer Landtag auf Einladung der Amal-Redaktion (Berlin\/Hamburg), die Sch\u00f6pflin Stiftung hat es m\u00f6glich gemacht. Ziel ist, ein dauerhaftes Austauschforum f\u00fcr Exilmedien aufzubauen.<\/p>\n<p>Gerade in Zeiten von zunehmendem Rechtspopulismus und Rassismus, wo das Interesse an den Themen der Gefl\u00fcchteten in den deutschen Medien nachl\u00e4sst und die Communities der Gefl\u00fcchteten zunehmend verunsichert sind, was ihre Zukunft in Deutschland angeht, erscheint ein solcher Austausch wichtig. Es gibt inzwischen ein gutes Dutzend Zeitungen, Onlineportale und YouTube-Kan\u00e4le, die sich gezielt an Gefl\u00fcchtete wenden und sie mit Nachrichten \u00fcber Deutschland versorgen. Betrieben werden diese Exil-Medien meist von Journalisten und Journalistinnen, die selbst nach Deutschland geflohen sind. Oft handelt es sich um kleine, lokale Redaktionen. Beim Campfire-Festival kommen sie alle miteinander ins Gespr\u00e4ch. Zur <a href=\"https:\/\/www.dropbox.com\/s\/q6bqfonrh4rectm\/Pressemitteilung_EJS%20Amal%20Netzwerktreffen.pdf?dl=0\">Pressemitteilung geht es hier.<\/a><\/p>\n<h3>Liebe im Netz<\/h3>\n<p>Jemanden kennen zu lernen, die gro\u00dfe Liebe zu finden \u2013 das ist ein echtes Problem f\u00fcr viele, die im Exil leben. Dating-Apps versprechen Abhilfe. F\u00fcr manche \u00e4ndern sie das Leben zum Guten, erm\u00f6glichen Spa\u00df, Geselligkeit, manchmal sogar echte N\u00e4he. F\u00fcr andere werden sie zur Falle, schaffen Abh\u00e4ngigkeiten und Beziehungen, wo einer den anderen ausnutzt. Anas Khabir hat sich auf den Stra\u00dfen der Stadt umgeh\u00f6rt und mit\u00a0 einem erfahrenen Psychiater \u00fcber das Thema unterhalten. Sein <a href=\"https:\/\/amalberlin.de\/2019\/08\/26\/\u0647\u0644-\u0625\u0633\u062a\u062e\u062f\u0627\u0645-\u062a\u0637\u0628\u064a\u0642\u0627\u062a-\u0627\u0644\u062a\u0639\u0627\u0631\u0641-\u0625\u0635\u0637\u064a\u0627\u062f-\u0641\u064a-\u0627\/\">Video finden Sie hier<\/a>. Es ist Deutsch untertitelt \u2013 und wenn Sie es f\u00fcr Ihr Online-Angebot \u00fcbernehmen wollen, schicken Sie uns einfach eine Mail: <a href=\"mailto:info@amalberlin.de\">info@amalberlin.de<\/a>.<\/p>\n<p>&nbsp;<\/p>\n<h3>Liebe auf der Stra\u00dfe<\/h3>\n<p>Wer es eher analog probiert, hatte am vergangenen Wochenende beim Zug der Liebe gute Chancen. Maryam Mardani hat in einer <a href=\"https:\/\/amalberlin.de\/fa\/2019\/08\/27\/\u0642\u0637\u0627\u0631-\u0639\u0634\u0642\/\">bunten Bildergeschichte<\/a> von diesem Party-Event berichtet. Ihr pers\u00f6nliches Fazit: Die waren ganz sch\u00f6n jung da.<\/p>\n<p>&nbsp;<\/p>\n<h3>\u201eIch m\u00f6chte einen Job\u201c<\/h3>\n<p>Arbeit zu finden ist fast ebenso schwer, wie die gro\u00dfe Liebe. Alaa ist einer, der es geschafft hat. \u201eIch m\u00f6chte einen Job, so schnell wie m\u00f6glich\u201c, hat er sich gesagt und sich aufgemacht, diesen Vorsatz umzusetzen. Jetzt f\u00e4ngt er \u2013nach neun Monaten in einer Vorbereitungs-Ma\u00dfnahme \u2013 eine Ausbildung bei der Deutschen Rentenversicherung an. Khalid Alaboud hat seinen Weg in den Beruf nachgezeichnet, <a href=\"https:\/\/amalberlin.de\/2019\/08\/29\/\u0639\u0644\u0627\u0621-\u0623\u0631\u064a\u062f-\u0623\u0646-\u0623\u0639\u0645\u0644-\u0641\u064a-\u0623\u0642\u0631\u0628-\u0648\u0642\u062a-\u0645\u0645\u0643\u0646\/\">seine Reportage finden Sie hier<\/a>.<\/p>\n<p>&nbsp;<\/p>\n<h3>Frieden finden<\/h3>\n<p>Vergangene Woche haben wir schon von der Konferenz \u201eReligions for Peace\u201c berichtet. In dieser Woche stellt<a href=\"https:\/\/amalberlin.de\/2019\/08\/30\/85365\/\"> Asmaa Yousuf einige der Teilnehmerinnen und Teilnehmer der Konferenz vor<\/a>: Menschen aus aller Welt, aus allen Religionen, die von den Konflikten erz\u00e4hlen, in denen sie leben \u2013 viele davon mit religi\u00f6sem Eifer betrieben \u2013 und von dem Bem\u00fchen, diese Konflikte zu \u00fcberwinden \u2013 in vielen F\u00e4llen auch von religi\u00f6sen \u00dcberzeugungen getragen. Ein Jude aus Peru und eine Nonne aus Nigeria, ein Sikh aus Gro\u00df Britannien und ein Buddhist aus S\u00fcdkorea und mehr als 900 weitere Menschen haben sich in Lindau am Bodensee getroffen, um die Welt ein bisschen friedlicher zu machen.<\/p>\n<p>&nbsp;<\/p>\n<h3>Arabische Kultur in Bremen<\/h3>\n<p>In Bremen findet noch bis zum Wochenende das Funun-Festival statt. Es ist das vierte Festival dieser Art in der Hansestadt \u2013 und hat sich zu einem beliebten Treffpunkt f\u00fcr Menschen aus den arabischen L\u00e4ndern und Alteingesessene aus der Region entwickelt. Unser Reporter Samer Masouh war dabei, als die gro\u00dfartige S\u00e4ngerin Lena Chamamyan in der Glocke auftrat und das Publikum begeisterte. 20.000 Syrerinnen und Syrer leben in Bremen. Im Gespr\u00e4ch mit Jasmina Heritani, der Vorsitzenden des Syrischen Exil-Kulturvereins (SEKu e.V.) und einer der treibenden Kr\u00e4fte hinter diesem Festival: \u201eWir wollen die deutsche Gesellschaft erreichen, weil die Syrer jetzt Teil dieser Gesellschaft sind\u201c, sagt sie. Falls Sie am Wochenende zuf\u00e4llig in Bremen sind oder noch nichts vorhaben: Dort findet am Samstag zum ersten mal ein Street Food Festival mit den K\u00f6stlichkeiten der Syrischen K\u00fcche statt. <a href=\"https:\/\/funun-festival.de\/\">Hmmmm, das wird lecker<\/a>.<\/p>\n<p>&nbsp;<\/p>\n<p>Foto: Funun-Festival<\/p>\n","protected":false},"excerpt":{"rendered":"<p>Ein gro\u00dfes Lagerfeuer wird entfacht \u2013 das Campfire-Festival f\u00fcr eine bessere Gesellschaft, das an diesem Wochenende in D\u00fcsseldorf stattfindet. Wir sind dabei und haben aus diesem Anlass eine gro\u00dfes, bundesweites Netzwerktreffen f\u00fcr Exil-Journalisten organisiert. Seit Wochen schon laufen die Vorbereitungen, werden Kontakte gekn\u00fcpft und Einladungen verschickt, Diskussionen vorbereitet und Bahntickets gebucht. Jetzt fehlen nur noch&#8230;  <a class=\"excerpt-read-more\" href=\"https:\/\/amalberlin.de\/de\/2019\/08\/31\/kommt-zu-uns-ans-lagerfeuer\/\" title=\"Read Kommt zu uns ans Lagerfeuer\">Weiter &raquo;<\/a><\/p>\n","protected":false},"author":10,"featured_media":85718,"comment_status":"open","ping_status":"open","sticky":false,"template":"","format":"standard","meta":{"_acf_changed":false,"footnotes":""},"categories":[7838],"tags":[],"class_list":["post-85837","post","type-post","status-publish","format-standard","has-post-thumbnail","hentry","category-beitraege-auf-deutsch"],"acf":[],"yoast_head":"<!-- This site is optimized with the Yoast SEO plugin v27.5 - https:\/\/yoast.com\/product\/yoast-seo-wordpress\/ -->\n<title>Kommt zu uns ans Lagerfeuer - Amal, Berlin!<\/title>\n<meta name=\"robots\" content=\"index, follow, max-snippet:-1, max-image-preview:large, max-video-preview:-1\" \/>\n<link rel=\"canonical\" href=\"https:\/\/amalberlin.de\/de\/2019\/08\/31\/kommt-zu-uns-ans-lagerfeuer\/\" \/>\n<meta property=\"og:locale\" content=\"de_DE\" \/>\n<meta property=\"og:type\" content=\"article\" \/>\n<meta property=\"og:title\" content=\"Kommt zu uns ans Lagerfeuer - Amal, Berlin!\" \/>\n<meta property=\"og:description\" content=\"Ein gro\u00dfes Lagerfeuer wird entfacht \u2013 das Campfire-Festival f\u00fcr eine bessere Gesellschaft, das an diesem Wochenende in D\u00fcsseldorf stattfindet. Wir sind dabei und haben aus diesem Anlass eine gro\u00dfes, bundesweites Netzwerktreffen f\u00fcr Exil-Journalisten organisiert. Seit Wochen schon laufen die Vorbereitungen, werden Kontakte gekn\u00fcpft und Einladungen verschickt, Diskussionen vorbereitet und Bahntickets gebucht. Jetzt fehlen nur noch... Weiter &raquo;\" \/>\n<meta property=\"og:url\" content=\"https:\/\/amalberlin.de\/de\/2019\/08\/31\/kommt-zu-uns-ans-lagerfeuer\/\" \/>\n<meta property=\"og:site_name\" content=\"Amal, Berlin!\" \/>\n<meta property=\"article:publisher\" content=\"https:\/\/www.facebook.com\/AmalBerlinNews\/\" \/>\n<meta property=\"article:published_time\" content=\"2019-08-31T12:22:48+00:00\" \/>\n<meta property=\"article:modified_time\" content=\"2024-02-22T09:11:04+00:00\" \/>\n<meta property=\"og:image\" content=\"https:\/\/amalberlin.de\/wp-content\/uploads\/sites\/3\/2019\/09\/my7sEdgdauM.jpg\" \/>\n\t<meta property=\"og:image:width\" content=\"480\" \/>\n\t<meta property=\"og:image:height\" content=\"360\" \/>\n\t<meta property=\"og:image:type\" content=\"image\/jpeg\" \/>\n<meta name=\"author\" content=\"Cornelia Gerlach\" \/>\n<meta name=\"twitter:card\" content=\"summary_large_image\" \/>\n<meta name=\"twitter:label1\" content=\"Verfasst von\" \/>\n\t<meta name=\"twitter:data1\" content=\"Cornelia Gerlach\" \/>\n\t<meta name=\"twitter:label2\" content=\"Gesch\u00e4tzte Lesezeit\" \/>\n\t<meta name=\"twitter:data2\" content=\"4\u00a0Minuten\" \/>\n<script type=\"application\/ld+json\" class=\"yoast-schema-graph\">{\"@context\":\"https:\\\/\\\/schema.org\",\"@graph\":[{\"@type\":\"Article\",\"@id\":\"https:\\\/\\\/amalberlin.de\\\/de\\\/2019\\\/08\\\/31\\\/kommt-zu-uns-ans-lagerfeuer\\\/#article\",\"isPartOf\":{\"@id\":\"https:\\\/\\\/amalberlin.de\\\/de\\\/2019\\\/08\\\/31\\\/kommt-zu-uns-ans-lagerfeuer\\\/\"},\"author\":{\"name\":\"Cornelia Gerlach\",\"@id\":\"https:\\\/\\\/amalberlin.de\\\/de\\\/#\\\/schema\\\/person\\\/b38c2d45c0eb9b9e994801d3f87a2247\"},\"headline\":\"Kommt zu uns ans Lagerfeuer\",\"datePublished\":\"2019-08-31T12:22:48+00:00\",\"dateModified\":\"2024-02-22T09:11:04+00:00\",\"mainEntityOfPage\":{\"@id\":\"https:\\\/\\\/amalberlin.de\\\/de\\\/2019\\\/08\\\/31\\\/kommt-zu-uns-ans-lagerfeuer\\\/\"},\"wordCount\":730,\"commentCount\":0,\"publisher\":{\"@id\":\"https:\\\/\\\/amalberlin.de\\\/de\\\/#organization\"},\"image\":{\"@id\":\"https:\\\/\\\/amalberlin.de\\\/de\\\/2019\\\/08\\\/31\\\/kommt-zu-uns-ans-lagerfeuer\\\/#primaryimage\"},\"thumbnailUrl\":\"https:\\\/\\\/amalberlin.de\\\/wp-content\\\/uploads\\\/sites\\\/3\\\/2019\\\/09\\\/my7sEdgdauM.jpg\",\"articleSection\":[\"Beitr\u00e4ge auf Deutsch\"],\"inLanguage\":\"de\",\"potentialAction\":[{\"@type\":\"CommentAction\",\"name\":\"Comment\",\"target\":[\"https:\\\/\\\/amalberlin.de\\\/de\\\/2019\\\/08\\\/31\\\/kommt-zu-uns-ans-lagerfeuer\\\/#respond\"]}]},{\"@type\":\"WebPage\",\"@id\":\"https:\\\/\\\/amalberlin.de\\\/de\\\/2019\\\/08\\\/31\\\/kommt-zu-uns-ans-lagerfeuer\\\/\",\"url\":\"https:\\\/\\\/amalberlin.de\\\/de\\\/2019\\\/08\\\/31\\\/kommt-zu-uns-ans-lagerfeuer\\\/\",\"name\":\"Kommt zu uns ans Lagerfeuer - Amal, Berlin!\",\"isPartOf\":{\"@id\":\"https:\\\/\\\/amalberlin.de\\\/de\\\/#website\"},\"primaryImageOfPage\":{\"@id\":\"https:\\\/\\\/amalberlin.de\\\/de\\\/2019\\\/08\\\/31\\\/kommt-zu-uns-ans-lagerfeuer\\\/#primaryimage\"},\"image\":{\"@id\":\"https:\\\/\\\/amalberlin.de\\\/de\\\/2019\\\/08\\\/31\\\/kommt-zu-uns-ans-lagerfeuer\\\/#primaryimage\"},\"thumbnailUrl\":\"https:\\\/\\\/amalberlin.de\\\/wp-content\\\/uploads\\\/sites\\\/3\\\/2019\\\/09\\\/my7sEdgdauM.jpg\",\"datePublished\":\"2019-08-31T12:22:48+00:00\",\"dateModified\":\"2024-02-22T09:11:04+00:00\",\"breadcrumb\":{\"@id\":\"https:\\\/\\\/amalberlin.de\\\/de\\\/2019\\\/08\\\/31\\\/kommt-zu-uns-ans-lagerfeuer\\\/#breadcrumb\"},\"inLanguage\":\"de\",\"potentialAction\":[{\"@type\":\"ReadAction\",\"target\":[\"https:\\\/\\\/amalberlin.de\\\/de\\\/2019\\\/08\\\/31\\\/kommt-zu-uns-ans-lagerfeuer\\\/\"]}]},{\"@type\":\"ImageObject\",\"inLanguage\":\"de\",\"@id\":\"https:\\\/\\\/amalberlin.de\\\/de\\\/2019\\\/08\\\/31\\\/kommt-zu-uns-ans-lagerfeuer\\\/#primaryimage\",\"url\":\"https:\\\/\\\/amalberlin.de\\\/wp-content\\\/uploads\\\/sites\\\/3\\\/2019\\\/09\\\/my7sEdgdauM.jpg\",\"contentUrl\":\"https:\\\/\\\/amalberlin.de\\\/wp-content\\\/uploads\\\/sites\\\/3\\\/2019\\\/09\\\/my7sEdgdauM.jpg\",\"width\":480,\"height\":360},{\"@type\":\"BreadcrumbList\",\"@id\":\"https:\\\/\\\/amalberlin.de\\\/de\\\/2019\\\/08\\\/31\\\/kommt-zu-uns-ans-lagerfeuer\\\/#breadcrumb\",\"itemListElement\":[{\"@type\":\"ListItem\",\"position\":1,\"name\":\"Home\",\"item\":\"https:\\\/\\\/amalberlin.de\\\/de\\\/\"},{\"@type\":\"ListItem\",\"position\":2,\"name\":\"Kommt zu uns ans Lagerfeuer\"}]},{\"@type\":\"WebSite\",\"@id\":\"https:\\\/\\\/amalberlin.de\\\/de\\\/#website\",\"url\":\"https:\\\/\\\/amalberlin.de\\\/de\\\/\",\"name\":\"Amal, Berlin!\",\"description\":\"\",\"publisher\":{\"@id\":\"https:\\\/\\\/amalberlin.de\\\/de\\\/#organization\"},\"potentialAction\":[{\"@type\":\"SearchAction\",\"target\":{\"@type\":\"EntryPoint\",\"urlTemplate\":\"https:\\\/\\\/amalberlin.de\\\/de\\\/?s={search_term_string}\"},\"query-input\":{\"@type\":\"PropertyValueSpecification\",\"valueRequired\":true,\"valueName\":\"search_term_string\"}}],\"inLanguage\":\"de\"},{\"@type\":\"Organization\",\"@id\":\"https:\\\/\\\/amalberlin.de\\\/de\\\/#organization\",\"name\":\"Amal, Berlin!\",\"url\":\"https:\\\/\\\/amalberlin.de\\\/de\\\/\",\"logo\":{\"@type\":\"ImageObject\",\"inLanguage\":\"de\",\"@id\":\"https:\\\/\\\/amalberlin.de\\\/de\\\/#\\\/schema\\\/logo\\\/image\\\/\",\"url\":\"https:\\\/\\\/amalberlin.de\\\/wp-content\\\/uploads\\\/sites\\\/3\\\/2020\\\/09\\\/LOGO_AMAL-Berlin_Final-01.jpg\",\"contentUrl\":\"https:\\\/\\\/amalberlin.de\\\/wp-content\\\/uploads\\\/sites\\\/3\\\/2020\\\/09\\\/LOGO_AMAL-Berlin_Final-01.jpg\",\"width\":250,\"height\":220,\"caption\":\"Amal, Berlin!\"},\"image\":{\"@id\":\"https:\\\/\\\/amalberlin.de\\\/de\\\/#\\\/schema\\\/logo\\\/image\\\/\"},\"sameAs\":[\"https:\\\/\\\/www.facebook.com\\\/AmalBerlinNews\\\/\",\"https:\\\/\\\/www.instagram.com\\\/amalberlin\\\/?hl=en\",\"https:\\\/\\\/www.youtube.com\\\/channel\\\/UCTDDzpr6EmhT1wLO0hszrrg\"]},{\"@type\":\"Person\",\"@id\":\"https:\\\/\\\/amalberlin.de\\\/de\\\/#\\\/schema\\\/person\\\/b38c2d45c0eb9b9e994801d3f87a2247\",\"name\":\"Cornelia Gerlach\",\"image\":{\"@type\":\"ImageObject\",\"inLanguage\":\"de\",\"@id\":\"https:\\\/\\\/amalberlin.de\\\/wp-content\\\/uploads\\\/sites\\\/3\\\/2023\\\/01\\\/Conny_AhamadKalaji2023_DSC0591-klein-125x125.jpg\",\"url\":\"https:\\\/\\\/amalberlin.de\\\/wp-content\\\/uploads\\\/sites\\\/3\\\/2023\\\/01\\\/Conny_AhamadKalaji2023_DSC0591-klein-125x125.jpg\",\"contentUrl\":\"https:\\\/\\\/amalberlin.de\\\/wp-content\\\/uploads\\\/sites\\\/3\\\/2023\\\/01\\\/Conny_AhamadKalaji2023_DSC0591-klein-125x125.jpg\",\"caption\":\"Cornelia Gerlach\"},\"description\":\"Cornelia Gerlach ist Projektleiterin bei Amal, Berlin! Daneben arbeitet sie als freie Journalistin und Dozentin f\u00fcr Reportage und Storytelling.\",\"url\":\"https:\\\/\\\/amalberlin.de\\\/de\\\/author\\\/conny\\\/\"}]}<\/script>\n<!-- \/ Yoast SEO plugin. -->","yoast_head_json":{"title":"Kommt zu uns ans Lagerfeuer - Amal, Berlin!","robots":{"index":"index","follow":"follow","max-snippet":"max-snippet:-1","max-image-preview":"max-image-preview:large","max-video-preview":"max-video-preview:-1"},"canonical":"https:\/\/amalberlin.de\/de\/2019\/08\/31\/kommt-zu-uns-ans-lagerfeuer\/","og_locale":"de_DE","og_type":"article","og_title":"Kommt zu uns ans Lagerfeuer - Amal, Berlin!","og_description":"Ein gro\u00dfes Lagerfeuer wird entfacht \u2013 das Campfire-Festival f\u00fcr eine bessere Gesellschaft, das an diesem Wochenende in D\u00fcsseldorf stattfindet. Wir sind dabei und haben aus diesem Anlass eine gro\u00dfes, bundesweites Netzwerktreffen f\u00fcr Exil-Journalisten organisiert. Seit Wochen schon laufen die Vorbereitungen, werden Kontakte gekn\u00fcpft und Einladungen verschickt, Diskussionen vorbereitet und Bahntickets gebucht. Jetzt fehlen nur noch... Weiter &raquo;","og_url":"https:\/\/amalberlin.de\/de\/2019\/08\/31\/kommt-zu-uns-ans-lagerfeuer\/","og_site_name":"Amal, Berlin!","article_publisher":"https:\/\/www.facebook.com\/AmalBerlinNews\/","article_published_time":"2019-08-31T12:22:48+00:00","article_modified_time":"2024-02-22T09:11:04+00:00","og_image":[{"width":480,"height":360,"url":"https:\/\/amalberlin.de\/wp-content\/uploads\/sites\/3\/2019\/09\/my7sEdgdauM.jpg","type":"image\/jpeg"}],"author":"Cornelia Gerlach","twitter_card":"summary_large_image","twitter_misc":{"Verfasst von":"Cornelia Gerlach","Gesch\u00e4tzte Lesezeit":"4\u00a0Minuten"},"schema":{"@context":"https:\/\/schema.org","@graph":[{"@type":"Article","@id":"https:\/\/amalberlin.de\/de\/2019\/08\/31\/kommt-zu-uns-ans-lagerfeuer\/#article","isPartOf":{"@id":"https:\/\/amalberlin.de\/de\/2019\/08\/31\/kommt-zu-uns-ans-lagerfeuer\/"},"author":{"name":"Cornelia Gerlach","@id":"https:\/\/amalberlin.de\/de\/#\/schema\/person\/b38c2d45c0eb9b9e994801d3f87a2247"},"headline":"Kommt zu uns ans Lagerfeuer","datePublished":"2019-08-31T12:22:48+00:00","dateModified":"2024-02-22T09:11:04+00:00","mainEntityOfPage":{"@id":"https:\/\/amalberlin.de\/de\/2019\/08\/31\/kommt-zu-uns-ans-lagerfeuer\/"},"wordCount":730,"commentCount":0,"publisher":{"@id":"https:\/\/amalberlin.de\/de\/#organization"},"image":{"@id":"https:\/\/amalberlin.de\/de\/2019\/08\/31\/kommt-zu-uns-ans-lagerfeuer\/#primaryimage"},"thumbnailUrl":"https:\/\/amalberlin.de\/wp-content\/uploads\/sites\/3\/2019\/09\/my7sEdgdauM.jpg","articleSection":["Beitr\u00e4ge auf Deutsch"],"inLanguage":"de","potentialAction":[{"@type":"CommentAction","name":"Comment","target":["https:\/\/amalberlin.de\/de\/2019\/08\/31\/kommt-zu-uns-ans-lagerfeuer\/#respond"]}]},{"@type":"WebPage","@id":"https:\/\/amalberlin.de\/de\/2019\/08\/31\/kommt-zu-uns-ans-lagerfeuer\/","url":"https:\/\/amalberlin.de\/de\/2019\/08\/31\/kommt-zu-uns-ans-lagerfeuer\/","name":"Kommt zu uns ans Lagerfeuer - Amal, Berlin!","isPartOf":{"@id":"https:\/\/amalberlin.de\/de\/#website"},"primaryImageOfPage":{"@id":"https:\/\/amalberlin.de\/de\/2019\/08\/31\/kommt-zu-uns-ans-lagerfeuer\/#primaryimage"},"image":{"@id":"https:\/\/amalberlin.de\/de\/2019\/08\/31\/kommt-zu-uns-ans-lagerfeuer\/#primaryimage"},"thumbnailUrl":"https:\/\/amalberlin.de\/wp-content\/uploads\/sites\/3\/2019\/09\/my7sEdgdauM.jpg","datePublished":"2019-08-31T12:22:48+00:00","dateModified":"2024-02-22T09:11:04+00:00","breadcrumb":{"@id":"https:\/\/amalberlin.de\/de\/2019\/08\/31\/kommt-zu-uns-ans-lagerfeuer\/#breadcrumb"},"inLanguage":"de","potentialAction":[{"@type":"ReadAction","target":["https:\/\/amalberlin.de\/de\/2019\/08\/31\/kommt-zu-uns-ans-lagerfeuer\/"]}]},{"@type":"ImageObject","inLanguage":"de","@id":"https:\/\/amalberlin.de\/de\/2019\/08\/31\/kommt-zu-uns-ans-lagerfeuer\/#primaryimage","url":"https:\/\/amalberlin.de\/wp-content\/uploads\/sites\/3\/2019\/09\/my7sEdgdauM.jpg","contentUrl":"https:\/\/amalberlin.de\/wp-content\/uploads\/sites\/3\/2019\/09\/my7sEdgdauM.jpg","width":480,"height":360},{"@type":"BreadcrumbList","@id":"https:\/\/amalberlin.de\/de\/2019\/08\/31\/kommt-zu-uns-ans-lagerfeuer\/#breadcrumb","itemListElement":[{"@type":"ListItem","position":1,"name":"Home","item":"https:\/\/amalberlin.de\/de\/"},{"@type":"ListItem","position":2,"name":"Kommt zu uns ans Lagerfeuer"}]},{"@type":"WebSite","@id":"https:\/\/amalberlin.de\/de\/#website","url":"https:\/\/amalberlin.de\/de\/","name":"Amal, Berlin!","description":"","publisher":{"@id":"https:\/\/amalberlin.de\/de\/#organization"},"potentialAction":[{"@type":"SearchAction","target":{"@type":"EntryPoint","urlTemplate":"https:\/\/amalberlin.de\/de\/?s={search_term_string}"},"query-input":{"@type":"PropertyValueSpecification","valueRequired":true,"valueName":"search_term_string"}}],"inLanguage":"de"},{"@type":"Organization","@id":"https:\/\/amalberlin.de\/de\/#organization","name":"Amal, Berlin!","url":"https:\/\/amalberlin.de\/de\/","logo":{"@type":"ImageObject","inLanguage":"de","@id":"https:\/\/amalberlin.de\/de\/#\/schema\/logo\/image\/","url":"https:\/\/amalberlin.de\/wp-content\/uploads\/sites\/3\/2020\/09\/LOGO_AMAL-Berlin_Final-01.jpg","contentUrl":"https:\/\/amalberlin.de\/wp-content\/uploads\/sites\/3\/2020\/09\/LOGO_AMAL-Berlin_Final-01.jpg","width":250,"height":220,"caption":"Amal, Berlin!"},"image":{"@id":"https:\/\/amalberlin.de\/de\/#\/schema\/logo\/image\/"},"sameAs":["https:\/\/www.facebook.com\/AmalBerlinNews\/","https:\/\/www.instagram.com\/amalberlin\/?hl=en","https:\/\/www.youtube.com\/channel\/UCTDDzpr6EmhT1wLO0hszrrg"]},{"@type":"Person","@id":"https:\/\/amalberlin.de\/de\/#\/schema\/person\/b38c2d45c0eb9b9e994801d3f87a2247","name":"Cornelia Gerlach","image":{"@type":"ImageObject","inLanguage":"de","@id":"https:\/\/amalberlin.de\/wp-content\/uploads\/sites\/3\/2023\/01\/Conny_AhamadKalaji2023_DSC0591-klein-125x125.jpg","url":"https:\/\/amalberlin.de\/wp-content\/uploads\/sites\/3\/2023\/01\/Conny_AhamadKalaji2023_DSC0591-klein-125x125.jpg","contentUrl":"https:\/\/amalberlin.de\/wp-content\/uploads\/sites\/3\/2023\/01\/Conny_AhamadKalaji2023_DSC0591-klein-125x125.jpg","caption":"Cornelia Gerlach"},"description":"Cornelia Gerlach ist Projektleiterin bei Amal, Berlin! Daneben arbeitet sie als freie Journalistin und Dozentin f\u00fcr Reportage und Storytelling.","url":"https:\/\/amalberlin.de\/de\/author\/conny\/"}]}},"_links":{"self":[{"href":"https:\/\/amalberlin.de\/de\/wp-json\/wp\/v2\/posts\/85837","targetHints":{"allow":["GET"]}}],"collection":[{"href":"https:\/\/amalberlin.de\/de\/wp-json\/wp\/v2\/posts"}],"about":[{"href":"https:\/\/amalberlin.de\/de\/wp-json\/wp\/v2\/types\/post"}],"author":[{"embeddable":true,"href":"https:\/\/amalberlin.de\/de\/wp-json\/wp\/v2\/users\/10"}],"replies":[{"embeddable":true,"href":"https:\/\/amalberlin.de\/de\/wp-json\/wp\/v2\/comments?post=85837"}],"version-history":[{"count":2,"href":"https:\/\/amalberlin.de\/de\/wp-json\/wp\/v2\/posts\/85837\/revisions"}],"predecessor-version":[{"id":93309,"href":"https:\/\/amalberlin.de\/de\/wp-json\/wp\/v2\/posts\/85837\/revisions\/93309"}],"wp:featuredmedia":[{"embeddable":true,"href":"https:\/\/amalberlin.de\/de\/wp-json\/wp\/v2\/media\/85718"}],"wp:attachment":[{"href":"https:\/\/amalberlin.de\/de\/wp-json\/wp\/v2\/media?parent=85837"}],"wp:term":[{"taxonomy":"category","embeddable":true,"href":"https:\/\/amalberlin.de\/de\/wp-json\/wp\/v2\/categories?post=85837"},{"taxonomy":"post_tag","embeddable":true,"href":"https:\/\/amalberlin.de\/de\/wp-json\/wp\/v2\/tags?post=85837"}],"curies":[{"name":"wp","href":"https:\/\/api.w.org\/{rel}","templated":true}]}}