{"id":85398,"date":"2019-08-23T10:00:00","date_gmt":"2019-08-23T08:00:00","guid":{"rendered":"https:\/\/amalberlin.de\/?p=85398"},"modified":"2024-02-22T10:01:32","modified_gmt":"2024-02-22T09:01:32","slug":"85398","status":"publish","type":"post","link":"https:\/\/amalberlin.de\/de\/2019\/08\/23\/85398\/","title":{"rendered":"Amal, Hamburg! bekommt Verst\u00e4rkung"},"content":{"rendered":"<p>Das Team von <span class=\"mark43evp43gx\" data-markjs=\"true\" data-ogac=\"\" data-ogab=\"\" data-ogsc=\"\" data-ogsb=\"\">Amal<\/span>, Hamburg!, das seit April tagesaktuell auf Arabisch und Farsi\/Dari aus Hamburg berichtet, ist gewachsen. Seit Juli verst\u00e4rkt Mutaz Enjila die arabische Redaktion. Enjila hat als TV-Journalist in Syrien, \u00c4gypten und der T\u00fcrkei gearbeitet und lebt mit Frau und vier Kindern seit vier Jahren in der Hansestadt. Er hat nach der Weiterbildung an der Hamburg Media School ein Praktikum beim Evangelischen Presseverband in Norddeutschland absolviert. Hier wurde er mit Unterst\u00fctzung des Hauptbereiches Medien der Nordkirche \u00fcbernommen, um mit einem gro\u00dfen Teil seiner Arbeitszeit die Redaktion von <span class=\"mark43evp43gx\" data-markjs=\"true\" data-ogac=\"\" data-ogab=\"\" data-ogsc=\"\" data-ogsb=\"\">Amal<\/span>, Hamburg! zu unterst\u00fctzen. Vielen Dank EPN!<\/p>\n<p><img loading=\"lazy\" decoding=\"async\" src=\"https:\/\/gallery.mailchimp.com\/25b910bd41bcfa802c85dd54f\/images\/dffd7c1a-5659-46e2-952b-89a2e7fdda84.jpg\" width=\"350\" height=\"233\" data-imagetype=\"External\" \/><br \/>\n<img loading=\"lazy\" decoding=\"async\" src=\"https:\/\/gallery.mailchimp.com\/25b910bd41bcfa802c85dd54f\/images\/59eb5036-777f-4770-a428-9f2756ff0cd3.jpg\" width=\"200\" height=\"55\" data-imagetype=\"External\" \/><\/p>\n<p>Und, wo wir gerade bei den positiven Nachrichten in eigener Sache sind: Wir freuen uns, dass in der kommenden Woche am Rande des Campfire-Festivals in D\u00fcsseldorf das erste bundesweite Netzwerktreffen von Exilmedienmacher*innen stattfindet. 45 Journalistinnen und Journalisten haben die Einladung von <span class=\"mark43evp43gx\" data-markjs=\"true\" data-ogac=\"\" data-ogab=\"\" data-ogsc=\"\" data-ogsb=\"\">Amal<\/span> angenommen. Es soll darum gegen, sich (besser) kennenzulernen, Ideen und Erfahrungen auszutauschen. Hier geht es zum Programm des Festivals:<\/p>\n<h3>D\u00fcrfen Fl\u00fcchtlinge Heimaturlaub machen?<\/h3>\n<p>\u00dcber diese Frage wird in der syrischen Community in Deutschland derzeit heftig gestritten. Hintergrund ist die Ank\u00fcndigung von Bundesinnenminister Horst Seehofer, dass Gefl\u00fcchtete, die nach Syrien in den Urlaub fahren, ihren Aufenthaltsstatus verlieren. Khalid Alaboud hat sich unter Syrern in Deutschland umgeh\u00f6rt: Manche sehen darin eine weitere Versch\u00e4rfung des Asylrechtes: Schlie\u00dflich gibt es ja auch gute Gr\u00fcnde, ab und zu nach Syrien zu reisen, wenn man zum Beispiel alternde Verwandte nocheinmal sehen m\u00f6chte. Daf\u00fcr sind sie bereit, das Risiko einer Reise in ein unsicheres Land einzugehen. Andere sehen genau dies als Risiko: Diese Reisen b\u00f6ten der deutschen Politik doch geradezu eine Steilvorlage, Abschiebungen auch nach Syrien durchzuf\u00fchren. Noch andere sehen das Thema Syrienurlauber ganz prinzipiell kritisch: Sie vermuten, dass sich unter den Reisenden viele Anh\u00e4nger von Bashar al Assad befinden. Nach dem Motto: Ein echter Oppositioneller w\u00fcrde nicht auf die Idee kommen, nach Syrien zu reisen. Das klingt nach einem spannenden Thema, richtig?\u00a0 <a href=\"https:\/\/amalberlin.us16.list-manage.com\/track\/click?u=25b910bd41bcfa802c85dd54f&amp;id=eeedfae664&amp;e=9bfcfa694b\" target=\"_blank\" rel=\"noopener noreferrer\" data-auth=\"NotApplicable\"> Hier <\/a>geht es zum Artikel auf Arabisch.\u00a0 Wenn Sie den Artikel in deutscher \u00dcbersetzung f\u00fcr Ihre Zeitung bestellen wollen, schreiben Sie uns.<\/p>\n<h3 class=\"x_null\">Religion ist die Ursache f\u00fcr fast alle Konflikte, oder?<\/h3>\n<p>Unsere Reporterin Asmaa Yousuf war beim diesja\u00e4hrigen Treffen der Organisation &#8222;Religions For Peace&#8220;. Mehr als 1000 religi\u00f6se Pers\u00f6nlichkeiten kamen in Lindau am Bodensee zusammen, um \u00fcber Glauben, Konflikte und deren L\u00f6sungen zu beraten. Besonders interessant fand unsere Autorin die Begegnung mit Frauen aus Nordafrika, die im Spannungsfeld von Religion und Politik agieren. Sie sprach mit der tunesischen Politikerin von al Nahda Meherzia Labidi und mit der \u00e4gyptischen Migrationsministerin Nabila Makram. Auch, wenn im normalen Leben Welten zwischen Beiden liegen, bei &#8222;Religions For Peace&#8220; k\u00f6nnen sie auf einem Podium sitzen. <a href=\"https:\/\/amalberlin.us16.list-manage.com\/track\/click?u=25b910bd41bcfa802c85dd54f&amp;id=710524befc&amp;e=9bfcfa694b\" target=\"_blank\" rel=\"noopener noreferrer\" data-auth=\"NotApplicable\"> Hier<\/a> geht es zu den Bericht auf Arabisch.<\/p>\n<h3 class=\"x_null\">Sagt nicht, ihr h\u00e4ttet es nicht gewu\u00dft!<\/h3>\n<p>vergangene Woche reiste das <span class=\"mark43evp43gx\" data-markjs=\"true\" data-ogac=\"\" data-ogab=\"\" data-ogsc=\"\" data-ogsb=\"\">Amal<\/span>-Team nach Sachsen. Einen Tag begleiteten wir die SPD-Bundestagsabgeordnete Susan R\u00fcthrich. Wir trafen engagierte Jugendliche in Radebeul, die mit Kindern in den Sommerferien Zirkusfreizeit machen. In Mei\u00dfen besuchten wir die Organisation &#8222;Buntes Mei\u00dfen&#8220; in deren B\u00fcro die Spuren der vergangenene Brandanschl\u00e4ge noch deutlich zu sehen sind und wir genossen die friedliche Stimmung im internationalen Garten, wo Alteingesessene und Neuangekommene nebeneinander Gurken, Tomaten und Sonnenblumen ziehen. <a href=\"https:\/\/amalberlin.us16.list-manage.com\/track\/click?u=25b910bd41bcfa802c85dd54f&amp;id=d02c8943ce&amp;e=9bfcfa694b\" target=\"_blank\" rel=\"noopener noreferrer\" data-auth=\"NotApplicable\"> Hier<\/a> geht es zum Video von Dawod Adil.<\/p>\n<p>Apropos: <span class=\"mark43evp43gx\" data-markjs=\"true\" data-ogac=\"\" data-ogab=\"\" data-ogsc=\"\" data-ogsb=\"\">Amal<\/span> berichtet nat\u00fcrlich auch ausf\u00fchrlich und live von der Unteilbar-Demo in Dresden. Unser Reporter Ahmad Alrifaee ist schon auf dem Weg.<\/p>\n<p>Fotos: Abdolrahman Omaren &amp; Ahmad Alrifaee<\/p>\n","protected":false},"excerpt":{"rendered":"<p>Das Team von Amal, Hamburg!, das seit April tagesaktuell auf Arabisch und Farsi\/Dari aus Hamburg berichtet, ist gewachsen. Seit Juli verst\u00e4rkt Mutaz Enjila die arabische Redaktion. Enjila hat als TV-Journalist in Syrien, \u00c4gypten und der T\u00fcrkei gearbeitet und lebt mit Frau und vier Kindern seit vier Jahren in der Hansestadt. Er hat nach der Weiterbildung&#8230;  <a class=\"excerpt-read-more\" href=\"https:\/\/amalberlin.de\/de\/2019\/08\/23\/85398\/\" title=\"Read Amal, Hamburg! bekommt Verst\u00e4rkung\">Weiter &raquo;<\/a><\/p>\n","protected":false},"author":10,"featured_media":85399,"comment_status":"open","ping_status":"open","sticky":false,"template":"","format":"standard","meta":{"_acf_changed":false,"footnotes":""},"categories":[7838],"tags":[],"class_list":["post-85398","post","type-post","status-publish","format-standard","has-post-thumbnail","hentry","category-beitraege-auf-deutsch"],"acf":[],"yoast_head":"<!-- This site is optimized with the Yoast SEO plugin v27.5 - https:\/\/yoast.com\/product\/yoast-seo-wordpress\/ -->\n<title>Amal, Hamburg! bekommt Verst\u00e4rkung - Amal, Berlin!<\/title>\n<meta name=\"robots\" content=\"index, follow, max-snippet:-1, max-image-preview:large, max-video-preview:-1\" \/>\n<link rel=\"canonical\" href=\"https:\/\/amalberlin.de\/de\/2019\/08\/23\/85398\/\" \/>\n<meta property=\"og:locale\" content=\"de_DE\" \/>\n<meta property=\"og:type\" content=\"article\" \/>\n<meta property=\"og:title\" content=\"Amal, Hamburg! bekommt Verst\u00e4rkung - Amal, Berlin!\" \/>\n<meta property=\"og:description\" content=\"Das Team von Amal, Hamburg!, das seit April tagesaktuell auf Arabisch und Farsi\/Dari aus Hamburg berichtet, ist gewachsen. Seit Juli verst\u00e4rkt Mutaz Enjila die arabische Redaktion. Enjila hat als TV-Journalist in Syrien, \u00c4gypten und der T\u00fcrkei gearbeitet und lebt mit Frau und vier Kindern seit vier Jahren in der Hansestadt. Er hat nach der Weiterbildung... Weiter &raquo;\" \/>\n<meta property=\"og:url\" content=\"https:\/\/amalberlin.de\/de\/2019\/08\/23\/85398\/\" \/>\n<meta property=\"og:site_name\" content=\"Amal, Berlin!\" \/>\n<meta property=\"article:publisher\" content=\"https:\/\/www.facebook.com\/AmalBerlinNews\/\" \/>\n<meta property=\"article:published_time\" content=\"2019-08-23T08:00:00+00:00\" \/>\n<meta property=\"article:modified_time\" content=\"2024-02-22T09:01:32+00:00\" \/>\n<meta property=\"og:image\" content=\"https:\/\/amalberlin.de\/wp-content\/uploads\/sites\/3\/2019\/08\/3df2bffe-3413-48ab-a24f-5ebcab8fc2ce.jpg\" \/>\n\t<meta property=\"og:image:width\" content=\"1200\" \/>\n\t<meta property=\"og:image:height\" content=\"836\" \/>\n\t<meta property=\"og:image:type\" content=\"image\/jpeg\" \/>\n<meta name=\"author\" content=\"Cornelia Gerlach\" \/>\n<meta name=\"twitter:card\" content=\"summary_large_image\" \/>\n<meta name=\"twitter:label1\" content=\"Verfasst von\" \/>\n\t<meta name=\"twitter:data1\" content=\"Cornelia Gerlach\" \/>\n\t<meta name=\"twitter:label2\" content=\"Gesch\u00e4tzte Lesezeit\" \/>\n\t<meta name=\"twitter:data2\" content=\"3\u00a0Minuten\" \/>\n<script type=\"application\/ld+json\" class=\"yoast-schema-graph\">{\"@context\":\"https:\\\/\\\/schema.org\",\"@graph\":[{\"@type\":\"Article\",\"@id\":\"https:\\\/\\\/amalberlin.de\\\/de\\\/2019\\\/08\\\/23\\\/85398\\\/#article\",\"isPartOf\":{\"@id\":\"https:\\\/\\\/amalberlin.de\\\/de\\\/2019\\\/08\\\/23\\\/85398\\\/\"},\"author\":{\"name\":\"Cornelia Gerlach\",\"@id\":\"https:\\\/\\\/amalberlin.de\\\/de\\\/#\\\/schema\\\/person\\\/b38c2d45c0eb9b9e994801d3f87a2247\"},\"headline\":\"Amal, Hamburg! bekommt Verst\u00e4rkung\",\"datePublished\":\"2019-08-23T08:00:00+00:00\",\"dateModified\":\"2024-02-22T09:01:32+00:00\",\"mainEntityOfPage\":{\"@id\":\"https:\\\/\\\/amalberlin.de\\\/de\\\/2019\\\/08\\\/23\\\/85398\\\/\"},\"wordCount\":595,\"commentCount\":0,\"publisher\":{\"@id\":\"https:\\\/\\\/amalberlin.de\\\/de\\\/#organization\"},\"image\":{\"@id\":\"https:\\\/\\\/amalberlin.de\\\/de\\\/2019\\\/08\\\/23\\\/85398\\\/#primaryimage\"},\"thumbnailUrl\":\"https:\\\/\\\/amalberlin.de\\\/wp-content\\\/uploads\\\/sites\\\/3\\\/2019\\\/08\\\/3df2bffe-3413-48ab-a24f-5ebcab8fc2ce.jpg\",\"articleSection\":[\"Beitr\u00e4ge auf Deutsch\"],\"inLanguage\":\"de\",\"potentialAction\":[{\"@type\":\"CommentAction\",\"name\":\"Comment\",\"target\":[\"https:\\\/\\\/amalberlin.de\\\/de\\\/2019\\\/08\\\/23\\\/85398\\\/#respond\"]}]},{\"@type\":\"WebPage\",\"@id\":\"https:\\\/\\\/amalberlin.de\\\/de\\\/2019\\\/08\\\/23\\\/85398\\\/\",\"url\":\"https:\\\/\\\/amalberlin.de\\\/de\\\/2019\\\/08\\\/23\\\/85398\\\/\",\"name\":\"Amal, Hamburg! bekommt Verst\u00e4rkung - Amal, Berlin!\",\"isPartOf\":{\"@id\":\"https:\\\/\\\/amalberlin.de\\\/de\\\/#website\"},\"primaryImageOfPage\":{\"@id\":\"https:\\\/\\\/amalberlin.de\\\/de\\\/2019\\\/08\\\/23\\\/85398\\\/#primaryimage\"},\"image\":{\"@id\":\"https:\\\/\\\/amalberlin.de\\\/de\\\/2019\\\/08\\\/23\\\/85398\\\/#primaryimage\"},\"thumbnailUrl\":\"https:\\\/\\\/amalberlin.de\\\/wp-content\\\/uploads\\\/sites\\\/3\\\/2019\\\/08\\\/3df2bffe-3413-48ab-a24f-5ebcab8fc2ce.jpg\",\"datePublished\":\"2019-08-23T08:00:00+00:00\",\"dateModified\":\"2024-02-22T09:01:32+00:00\",\"breadcrumb\":{\"@id\":\"https:\\\/\\\/amalberlin.de\\\/de\\\/2019\\\/08\\\/23\\\/85398\\\/#breadcrumb\"},\"inLanguage\":\"de\",\"potentialAction\":[{\"@type\":\"ReadAction\",\"target\":[\"https:\\\/\\\/amalberlin.de\\\/de\\\/2019\\\/08\\\/23\\\/85398\\\/\"]}]},{\"@type\":\"ImageObject\",\"inLanguage\":\"de\",\"@id\":\"https:\\\/\\\/amalberlin.de\\\/de\\\/2019\\\/08\\\/23\\\/85398\\\/#primaryimage\",\"url\":\"https:\\\/\\\/amalberlin.de\\\/wp-content\\\/uploads\\\/sites\\\/3\\\/2019\\\/08\\\/3df2bffe-3413-48ab-a24f-5ebcab8fc2ce.jpg\",\"contentUrl\":\"https:\\\/\\\/amalberlin.de\\\/wp-content\\\/uploads\\\/sites\\\/3\\\/2019\\\/08\\\/3df2bffe-3413-48ab-a24f-5ebcab8fc2ce.jpg\",\"width\":1200,\"height\":836},{\"@type\":\"BreadcrumbList\",\"@id\":\"https:\\\/\\\/amalberlin.de\\\/de\\\/2019\\\/08\\\/23\\\/85398\\\/#breadcrumb\",\"itemListElement\":[{\"@type\":\"ListItem\",\"position\":1,\"name\":\"Home\",\"item\":\"https:\\\/\\\/amalberlin.de\\\/de\\\/\"},{\"@type\":\"ListItem\",\"position\":2,\"name\":\"Amal, Hamburg! bekommt Verst\u00e4rkung\"}]},{\"@type\":\"WebSite\",\"@id\":\"https:\\\/\\\/amalberlin.de\\\/de\\\/#website\",\"url\":\"https:\\\/\\\/amalberlin.de\\\/de\\\/\",\"name\":\"Amal, Berlin!\",\"description\":\"\",\"publisher\":{\"@id\":\"https:\\\/\\\/amalberlin.de\\\/de\\\/#organization\"},\"potentialAction\":[{\"@type\":\"SearchAction\",\"target\":{\"@type\":\"EntryPoint\",\"urlTemplate\":\"https:\\\/\\\/amalberlin.de\\\/de\\\/?s={search_term_string}\"},\"query-input\":{\"@type\":\"PropertyValueSpecification\",\"valueRequired\":true,\"valueName\":\"search_term_string\"}}],\"inLanguage\":\"de\"},{\"@type\":\"Organization\",\"@id\":\"https:\\\/\\\/amalberlin.de\\\/de\\\/#organization\",\"name\":\"Amal, Berlin!\",\"url\":\"https:\\\/\\\/amalberlin.de\\\/de\\\/\",\"logo\":{\"@type\":\"ImageObject\",\"inLanguage\":\"de\",\"@id\":\"https:\\\/\\\/amalberlin.de\\\/de\\\/#\\\/schema\\\/logo\\\/image\\\/\",\"url\":\"https:\\\/\\\/amalberlin.de\\\/wp-content\\\/uploads\\\/sites\\\/3\\\/2020\\\/09\\\/LOGO_AMAL-Berlin_Final-01.jpg\",\"contentUrl\":\"https:\\\/\\\/amalberlin.de\\\/wp-content\\\/uploads\\\/sites\\\/3\\\/2020\\\/09\\\/LOGO_AMAL-Berlin_Final-01.jpg\",\"width\":250,\"height\":220,\"caption\":\"Amal, Berlin!\"},\"image\":{\"@id\":\"https:\\\/\\\/amalberlin.de\\\/de\\\/#\\\/schema\\\/logo\\\/image\\\/\"},\"sameAs\":[\"https:\\\/\\\/www.facebook.com\\\/AmalBerlinNews\\\/\",\"https:\\\/\\\/www.instagram.com\\\/amalberlin\\\/?hl=en\",\"https:\\\/\\\/www.youtube.com\\\/channel\\\/UCTDDzpr6EmhT1wLO0hszrrg\"]},{\"@type\":\"Person\",\"@id\":\"https:\\\/\\\/amalberlin.de\\\/de\\\/#\\\/schema\\\/person\\\/b38c2d45c0eb9b9e994801d3f87a2247\",\"name\":\"Cornelia Gerlach\",\"image\":{\"@type\":\"ImageObject\",\"inLanguage\":\"de\",\"@id\":\"https:\\\/\\\/amalberlin.de\\\/wp-content\\\/uploads\\\/sites\\\/3\\\/2023\\\/01\\\/Conny_AhamadKalaji2023_DSC0591-klein-125x125.jpg\",\"url\":\"https:\\\/\\\/amalberlin.de\\\/wp-content\\\/uploads\\\/sites\\\/3\\\/2023\\\/01\\\/Conny_AhamadKalaji2023_DSC0591-klein-125x125.jpg\",\"contentUrl\":\"https:\\\/\\\/amalberlin.de\\\/wp-content\\\/uploads\\\/sites\\\/3\\\/2023\\\/01\\\/Conny_AhamadKalaji2023_DSC0591-klein-125x125.jpg\",\"caption\":\"Cornelia Gerlach\"},\"description\":\"Cornelia Gerlach ist Projektleiterin bei Amal, Berlin! Daneben arbeitet sie als freie Journalistin und Dozentin f\u00fcr Reportage und Storytelling.\",\"url\":\"https:\\\/\\\/amalberlin.de\\\/de\\\/author\\\/conny\\\/\"}]}<\/script>\n<!-- \/ Yoast SEO plugin. -->","yoast_head_json":{"title":"Amal, Hamburg! bekommt Verst\u00e4rkung - Amal, Berlin!","robots":{"index":"index","follow":"follow","max-snippet":"max-snippet:-1","max-image-preview":"max-image-preview:large","max-video-preview":"max-video-preview:-1"},"canonical":"https:\/\/amalberlin.de\/de\/2019\/08\/23\/85398\/","og_locale":"de_DE","og_type":"article","og_title":"Amal, Hamburg! bekommt Verst\u00e4rkung - Amal, Berlin!","og_description":"Das Team von Amal, Hamburg!, das seit April tagesaktuell auf Arabisch und Farsi\/Dari aus Hamburg berichtet, ist gewachsen. Seit Juli verst\u00e4rkt Mutaz Enjila die arabische Redaktion. Enjila hat als TV-Journalist in Syrien, \u00c4gypten und der T\u00fcrkei gearbeitet und lebt mit Frau und vier Kindern seit vier Jahren in der Hansestadt. Er hat nach der Weiterbildung... Weiter &raquo;","og_url":"https:\/\/amalberlin.de\/de\/2019\/08\/23\/85398\/","og_site_name":"Amal, Berlin!","article_publisher":"https:\/\/www.facebook.com\/AmalBerlinNews\/","article_published_time":"2019-08-23T08:00:00+00:00","article_modified_time":"2024-02-22T09:01:32+00:00","og_image":[{"width":1200,"height":836,"url":"https:\/\/amalberlin.de\/wp-content\/uploads\/sites\/3\/2019\/08\/3df2bffe-3413-48ab-a24f-5ebcab8fc2ce.jpg","type":"image\/jpeg"}],"author":"Cornelia Gerlach","twitter_card":"summary_large_image","twitter_misc":{"Verfasst von":"Cornelia Gerlach","Gesch\u00e4tzte Lesezeit":"3\u00a0Minuten"},"schema":{"@context":"https:\/\/schema.org","@graph":[{"@type":"Article","@id":"https:\/\/amalberlin.de\/de\/2019\/08\/23\/85398\/#article","isPartOf":{"@id":"https:\/\/amalberlin.de\/de\/2019\/08\/23\/85398\/"},"author":{"name":"Cornelia Gerlach","@id":"https:\/\/amalberlin.de\/de\/#\/schema\/person\/b38c2d45c0eb9b9e994801d3f87a2247"},"headline":"Amal, Hamburg! bekommt Verst\u00e4rkung","datePublished":"2019-08-23T08:00:00+00:00","dateModified":"2024-02-22T09:01:32+00:00","mainEntityOfPage":{"@id":"https:\/\/amalberlin.de\/de\/2019\/08\/23\/85398\/"},"wordCount":595,"commentCount":0,"publisher":{"@id":"https:\/\/amalberlin.de\/de\/#organization"},"image":{"@id":"https:\/\/amalberlin.de\/de\/2019\/08\/23\/85398\/#primaryimage"},"thumbnailUrl":"https:\/\/amalberlin.de\/wp-content\/uploads\/sites\/3\/2019\/08\/3df2bffe-3413-48ab-a24f-5ebcab8fc2ce.jpg","articleSection":["Beitr\u00e4ge auf Deutsch"],"inLanguage":"de","potentialAction":[{"@type":"CommentAction","name":"Comment","target":["https:\/\/amalberlin.de\/de\/2019\/08\/23\/85398\/#respond"]}]},{"@type":"WebPage","@id":"https:\/\/amalberlin.de\/de\/2019\/08\/23\/85398\/","url":"https:\/\/amalberlin.de\/de\/2019\/08\/23\/85398\/","name":"Amal, Hamburg! bekommt Verst\u00e4rkung - Amal, Berlin!","isPartOf":{"@id":"https:\/\/amalberlin.de\/de\/#website"},"primaryImageOfPage":{"@id":"https:\/\/amalberlin.de\/de\/2019\/08\/23\/85398\/#primaryimage"},"image":{"@id":"https:\/\/amalberlin.de\/de\/2019\/08\/23\/85398\/#primaryimage"},"thumbnailUrl":"https:\/\/amalberlin.de\/wp-content\/uploads\/sites\/3\/2019\/08\/3df2bffe-3413-48ab-a24f-5ebcab8fc2ce.jpg","datePublished":"2019-08-23T08:00:00+00:00","dateModified":"2024-02-22T09:01:32+00:00","breadcrumb":{"@id":"https:\/\/amalberlin.de\/de\/2019\/08\/23\/85398\/#breadcrumb"},"inLanguage":"de","potentialAction":[{"@type":"ReadAction","target":["https:\/\/amalberlin.de\/de\/2019\/08\/23\/85398\/"]}]},{"@type":"ImageObject","inLanguage":"de","@id":"https:\/\/amalberlin.de\/de\/2019\/08\/23\/85398\/#primaryimage","url":"https:\/\/amalberlin.de\/wp-content\/uploads\/sites\/3\/2019\/08\/3df2bffe-3413-48ab-a24f-5ebcab8fc2ce.jpg","contentUrl":"https:\/\/amalberlin.de\/wp-content\/uploads\/sites\/3\/2019\/08\/3df2bffe-3413-48ab-a24f-5ebcab8fc2ce.jpg","width":1200,"height":836},{"@type":"BreadcrumbList","@id":"https:\/\/amalberlin.de\/de\/2019\/08\/23\/85398\/#breadcrumb","itemListElement":[{"@type":"ListItem","position":1,"name":"Home","item":"https:\/\/amalberlin.de\/de\/"},{"@type":"ListItem","position":2,"name":"Amal, Hamburg! bekommt Verst\u00e4rkung"}]},{"@type":"WebSite","@id":"https:\/\/amalberlin.de\/de\/#website","url":"https:\/\/amalberlin.de\/de\/","name":"Amal, Berlin!","description":"","publisher":{"@id":"https:\/\/amalberlin.de\/de\/#organization"},"potentialAction":[{"@type":"SearchAction","target":{"@type":"EntryPoint","urlTemplate":"https:\/\/amalberlin.de\/de\/?s={search_term_string}"},"query-input":{"@type":"PropertyValueSpecification","valueRequired":true,"valueName":"search_term_string"}}],"inLanguage":"de"},{"@type":"Organization","@id":"https:\/\/amalberlin.de\/de\/#organization","name":"Amal, Berlin!","url":"https:\/\/amalberlin.de\/de\/","logo":{"@type":"ImageObject","inLanguage":"de","@id":"https:\/\/amalberlin.de\/de\/#\/schema\/logo\/image\/","url":"https:\/\/amalberlin.de\/wp-content\/uploads\/sites\/3\/2020\/09\/LOGO_AMAL-Berlin_Final-01.jpg","contentUrl":"https:\/\/amalberlin.de\/wp-content\/uploads\/sites\/3\/2020\/09\/LOGO_AMAL-Berlin_Final-01.jpg","width":250,"height":220,"caption":"Amal, Berlin!"},"image":{"@id":"https:\/\/amalberlin.de\/de\/#\/schema\/logo\/image\/"},"sameAs":["https:\/\/www.facebook.com\/AmalBerlinNews\/","https:\/\/www.instagram.com\/amalberlin\/?hl=en","https:\/\/www.youtube.com\/channel\/UCTDDzpr6EmhT1wLO0hszrrg"]},{"@type":"Person","@id":"https:\/\/amalberlin.de\/de\/#\/schema\/person\/b38c2d45c0eb9b9e994801d3f87a2247","name":"Cornelia Gerlach","image":{"@type":"ImageObject","inLanguage":"de","@id":"https:\/\/amalberlin.de\/wp-content\/uploads\/sites\/3\/2023\/01\/Conny_AhamadKalaji2023_DSC0591-klein-125x125.jpg","url":"https:\/\/amalberlin.de\/wp-content\/uploads\/sites\/3\/2023\/01\/Conny_AhamadKalaji2023_DSC0591-klein-125x125.jpg","contentUrl":"https:\/\/amalberlin.de\/wp-content\/uploads\/sites\/3\/2023\/01\/Conny_AhamadKalaji2023_DSC0591-klein-125x125.jpg","caption":"Cornelia Gerlach"},"description":"Cornelia Gerlach ist Projektleiterin bei Amal, Berlin! Daneben arbeitet sie als freie Journalistin und Dozentin f\u00fcr Reportage und Storytelling.","url":"https:\/\/amalberlin.de\/de\/author\/conny\/"}]}},"_links":{"self":[{"href":"https:\/\/amalberlin.de\/de\/wp-json\/wp\/v2\/posts\/85398","targetHints":{"allow":["GET"]}}],"collection":[{"href":"https:\/\/amalberlin.de\/de\/wp-json\/wp\/v2\/posts"}],"about":[{"href":"https:\/\/amalberlin.de\/de\/wp-json\/wp\/v2\/types\/post"}],"author":[{"embeddable":true,"href":"https:\/\/amalberlin.de\/de\/wp-json\/wp\/v2\/users\/10"}],"replies":[{"embeddable":true,"href":"https:\/\/amalberlin.de\/de\/wp-json\/wp\/v2\/comments?post=85398"}],"version-history":[{"count":3,"href":"https:\/\/amalberlin.de\/de\/wp-json\/wp\/v2\/posts\/85398\/revisions"}],"predecessor-version":[{"id":85408,"href":"https:\/\/amalberlin.de\/de\/wp-json\/wp\/v2\/posts\/85398\/revisions\/85408"}],"wp:featuredmedia":[{"embeddable":true,"href":"https:\/\/amalberlin.de\/de\/wp-json\/wp\/v2\/media\/85399"}],"wp:attachment":[{"href":"https:\/\/amalberlin.de\/de\/wp-json\/wp\/v2\/media?parent=85398"}],"wp:term":[{"taxonomy":"category","embeddable":true,"href":"https:\/\/amalberlin.de\/de\/wp-json\/wp\/v2\/categories?post=85398"},{"taxonomy":"post_tag","embeddable":true,"href":"https:\/\/amalberlin.de\/de\/wp-json\/wp\/v2\/tags?post=85398"}],"curies":[{"name":"wp","href":"https:\/\/api.w.org\/{rel}","templated":true}]}}