{"id":84179,"date":"2019-08-09T16:40:25","date_gmt":"2019-08-09T14:40:25","guid":{"rendered":"https:\/\/amalberlin.de\/?p=84179"},"modified":"2024-02-22T10:01:32","modified_gmt":"2024-02-22T09:01:32","slug":"84179","status":"publish","type":"post","link":"https:\/\/amalberlin.de\/de\/2019\/08\/09\/84179\/","title":{"rendered":"Wieviel arabische Werbung vertr\u00e4gt die Stadt?"},"content":{"rendered":"<p>Wieviel arabische Schrift vertr\u00e4gt eine Stadt? In der T\u00fcrkei ist das in diesen Wochen Thema. Rund vier Millionen Fl\u00fcchtlinge leben dort, 3,6 Millionen davon sind Syrer. Die T\u00fcrkei hat mehr Migranten aufgenommen als alle anderen L\u00e4nder Europas. Jetzt schl\u00e4gt die Stimmung um. Von Gastfreundschaft ist nicht mehr viel zu sp\u00fcren, stattdessen werden mit gro\u00df angelegten Razzien die Migranten aus Istanbul gedr\u00e4ngt und ihre Pr\u00e4senz aus dem \u00f6ffentlichen Raum vertrieben. Das Innenministerium hat angeordnet, dass auf Ladenschildern und Werbetafeln 75 Prozent des Textes auf t\u00fcrkisch sein muss \u2013 und nur maximal 25 arabisch. Auch dann, wenn sich das Angebot an eine Kundschaft und Nachbarschaft richtet, die \u00fcberwiegen arabisch spricht. Bei Amal lassen wir uns davon nicht beeindrucken: Unser Angebot bleibt weiterhin, Nachrichten auf Arabisch und Persisch zu produzieren und nur Zusammenfassungen wie diese, die sie gerade lesen, f\u00fcr unsere deutschen Freundinnen und Freunde \u2013 schlicht weil wir glauben, dass die Deutschen genug andere M\u00f6glichkeiten haben, sich \u00fcber das Geschehen in der Stadt zu informieren. Einen Bericht zu den Entwicklungen in der T\u00fcrkei finden Sie <a href=\"https:\/\/amalberlin.us16.list-manage.com\/track\/click?u=25b910bd41bcfa802c85dd54f&amp;id=0d14662506&amp;e=9bfcfa694b\" target=\"_blank\" rel=\"noopener noreferrer\" data-auth=\"NotApplicable\"> hier.<\/a><\/p>\n<h3 class=\"x_null\">Was w\u00fcrdest Du w\u00e4hlen?<\/h3>\n<p>Gerade dort, wo die Kultur der Gefl\u00fcchteten am wenigsten sichtbar ist, w\u00e4chst der Druck am st\u00e4rksten. Bei den Landtagswahlen in Brandenburg und Sachsen geht es genau um solche Fragen. Aber: was w\u00fcrden Sie w\u00e4hlen? Khalid Alaboud hat unseren Leserinnen und Lesern den Wahlomat vorgestellt, ein Tool der Bundeszentrale f\u00fcr politische Bildung, das helfen kann, die eigene politische Positionin eine Wahlentscheidung umzusetzen. In der Redaktion f\u00fchrte das zu lustigen Spielchen. Jeder wollte mal, und durfte mal. <a href=\"https:\/\/amalberlin.us16.list-manage.com\/track\/click?u=25b910bd41bcfa802c85dd54f&amp;id=c7adfe0027&amp;e=9bfcfa694b\" target=\"_blank\" rel=\"noopener noreferrer\" data-auth=\"NotApplicable\"> Hier geht es zu dem Artikel.<\/a><\/p>\n<h3 class=\"x_null\">Die eigene Stimme z\u00e4hlt<\/h3>\n<p>Noorullah Rahmani hat <a href=\"https:\/\/amalberlin.us16.list-manage.com\/track\/click?u=25b910bd41bcfa802c85dd54f&amp;id=bf8793a858&amp;e=9bfcfa694b\" target=\"_blank\" rel=\"noopener noreferrer\" data-auth=\"NotApplicable\"> mit Brandenburgern gesprochen<\/a>, die am 1. September zur Wahl gehen werden \u2013 mit einem Iraner, einem Afghanen, einem Pal\u00e4stinenser. Wichtig ist ihnen allen, mit ihrer Stimme ein Zeichen zu setzen, um Demokratie und Vielfalt in ihrer neuen Heimat zu bewahren.\u00a0 &#8222;Ich habe das Gef\u00fchl, dass es auf meine Stimme ankommt&#8220;, sagt einer. Die drei Neu-Brandenburger haben Regimes erlebt, wo die Wahlen nicht frei und gleich sind. &#8222;Hier ist das anders. Hier gehst Du morgens an die Urne, und abends ab sechs kommen die ersten Ergebnisse&#8220;, sagt einer. Und er f\u00fcgt hinzu: &#8222;M\u00f6ge Gott verhindern, dass die Rechten an die Macht kommen und das Leben f\u00fcr Minderheiten schwer machen.&#8220;<\/p>\n<h3 class=\"x_null\">Kunst als Heilmittel<\/h3>\n<p>D\u00fcstere Aussichten. D\u00fcster wie die Bilder von Marah \u0650Abdulal, die ab heute in der Baynatna-Bibliothek in Mitte zu sehen sind. &#8222;Zeichnen&#8220;, sagt die K\u00fcnstlerin aus Syrien, &#8222;ist f\u00fcr mich wie Medizin.&#8220; Seit sie in Deutschland lebt, hat sie sich mit voller Kraft in die Kunst gest\u00fcrzt \u2013 als Mittel gegen eine drohende Depression nach der Flucht, aber auch, um ihren Traum zu leben. Ihre Eltern hatten einen anderen Weg f\u00fcr sie geplant. Sie hat Jura studiert und sollte Anw\u00e4ltin werden. Jetzt nimmt sie sich die Freiheit, f\u00fcr ihre Bilder zu leben. Samer Masouh hat <a href=\"https:\/\/amalberlin.us16.list-manage.com\/track\/click?u=25b910bd41bcfa802c85dd54f&amp;id=eb45c717bd&amp;e=9bfcfa694b\" target=\"_blank\" rel=\"noopener noreferrer\" data-auth=\"NotApplicable\"> die K\u00fcnstlerin interviewt<\/a>.<\/p>\n<h3 class=\"x_null\">Fu\u00dfball macht gl\u00fccklich<\/h3>\n<p>Frauen, Fu\u00dfball, das geht nicht? Und schon gar nicht in stark m\u00e4nnlich gepr\u00e4gten Kulturen? Das Discover Football Festival, das k\u00fcrzlich in Berlin stattfand, belehrt da eines Besseren. Hier haben Frauen und M\u00e4dchen aus aller Welt gemeinsam ihren Sport gefeiert. Sie haben gespielt und getanzt, diskutiert und Pl\u00e4ne geschmiedet. &#8222;Ich m\u00f6chte der Welt zeigen, wie stark wir sind&#8220;, sagt Jasmin aus Kenia. &#8222;Wenn M\u00e4nner Fu\u00dfball spielen, macht sie das gl\u00fccklich. Es ist unser Recht, auch Fu\u00dfball zu spielen und gl\u00fccklich zu sein.&#8220; <a href=\"https:\/\/amalberlin.us16.list-manage.com\/track\/click?u=25b910bd41bcfa802c85dd54f&amp;id=2aaa7f55fe&amp;e=9bfcfa694b\" target=\"_blank\" rel=\"noopener noreferrer\" data-auth=\"NotApplicable\"> Zum Video von Ahmad Kalaji geht es hier<\/a> (mit deutschen Untertiteln).<\/p>\n<p>&nbsp;<\/p>\n<p><strong>Photo: EPD- Thomas Lohnes<\/strong><\/p>\n","protected":false},"excerpt":{"rendered":"<p>Wieviel arabische Schrift vertr\u00e4gt eine Stadt? In der T\u00fcrkei ist das in diesen Wochen Thema. Rund vier Millionen Fl\u00fcchtlinge leben dort, 3,6 Millionen davon sind Syrer. Die T\u00fcrkei hat mehr Migranten aufgenommen als alle anderen L\u00e4nder Europas. Jetzt schl\u00e4gt die Stimmung um. Von Gastfreundschaft ist nicht mehr viel zu sp\u00fcren, stattdessen werden mit gro\u00df angelegten&#8230;  <a class=\"excerpt-read-more\" href=\"https:\/\/amalberlin.de\/de\/2019\/08\/09\/84179\/\" title=\"Read Wieviel arabische Werbung vertr\u00e4gt die Stadt?\">Weiter &raquo;<\/a><\/p>\n","protected":false},"author":10,"featured_media":84053,"comment_status":"open","ping_status":"open","sticky":false,"template":"","format":"standard","meta":{"_acf_changed":false,"footnotes":""},"categories":[7838],"tags":[],"class_list":["post-84179","post","type-post","status-publish","format-standard","has-post-thumbnail","hentry","category-beitraege-auf-deutsch"],"acf":[],"yoast_head":"<!-- This site is optimized with the Yoast SEO plugin v27.5 - https:\/\/yoast.com\/product\/yoast-seo-wordpress\/ -->\n<title>Wieviel arabische Werbung vertr\u00e4gt die Stadt? - Amal, Berlin!<\/title>\n<meta name=\"robots\" content=\"index, follow, max-snippet:-1, max-image-preview:large, max-video-preview:-1\" \/>\n<link rel=\"canonical\" href=\"https:\/\/amalberlin.de\/de\/2019\/08\/09\/84179\/\" \/>\n<meta property=\"og:locale\" content=\"de_DE\" \/>\n<meta property=\"og:type\" content=\"article\" \/>\n<meta property=\"og:title\" content=\"Wieviel arabische Werbung vertr\u00e4gt die Stadt? - Amal, Berlin!\" \/>\n<meta property=\"og:description\" content=\"Wieviel arabische Schrift vertr\u00e4gt eine Stadt? In der T\u00fcrkei ist das in diesen Wochen Thema. Rund vier Millionen Fl\u00fcchtlinge leben dort, 3,6 Millionen davon sind Syrer. Die T\u00fcrkei hat mehr Migranten aufgenommen als alle anderen L\u00e4nder Europas. Jetzt schl\u00e4gt die Stimmung um. Von Gastfreundschaft ist nicht mehr viel zu sp\u00fcren, stattdessen werden mit gro\u00df angelegten... Weiter &raquo;\" \/>\n<meta property=\"og:url\" content=\"https:\/\/amalberlin.de\/de\/2019\/08\/09\/84179\/\" \/>\n<meta property=\"og:site_name\" content=\"Amal, Berlin!\" \/>\n<meta property=\"article:publisher\" content=\"https:\/\/www.facebook.com\/AmalBerlinNews\/\" \/>\n<meta property=\"article:published_time\" content=\"2019-08-09T14:40:25+00:00\" \/>\n<meta property=\"article:modified_time\" content=\"2024-02-22T09:01:32+00:00\" \/>\n<meta property=\"og:image\" content=\"https:\/\/amalberlin.de\/wp-content\/uploads\/sites\/3\/2019\/08\/y.jpg\" \/>\n\t<meta property=\"og:image:width\" content=\"700\" \/>\n\t<meta property=\"og:image:height\" content=\"467\" \/>\n\t<meta property=\"og:image:type\" content=\"image\/jpeg\" \/>\n<meta name=\"author\" content=\"Cornelia Gerlach\" \/>\n<meta name=\"twitter:card\" content=\"summary_large_image\" \/>\n<meta name=\"twitter:label1\" content=\"Verfasst von\" \/>\n\t<meta name=\"twitter:data1\" content=\"Cornelia Gerlach\" \/>\n\t<meta name=\"twitter:label2\" content=\"Gesch\u00e4tzte Lesezeit\" \/>\n\t<meta name=\"twitter:data2\" content=\"3\u00a0Minuten\" \/>\n<script type=\"application\/ld+json\" class=\"yoast-schema-graph\">{\"@context\":\"https:\\\/\\\/schema.org\",\"@graph\":[{\"@type\":\"Article\",\"@id\":\"https:\\\/\\\/amalberlin.de\\\/de\\\/2019\\\/08\\\/09\\\/84179\\\/#article\",\"isPartOf\":{\"@id\":\"https:\\\/\\\/amalberlin.de\\\/de\\\/2019\\\/08\\\/09\\\/84179\\\/\"},\"author\":{\"name\":\"Cornelia Gerlach\",\"@id\":\"https:\\\/\\\/amalberlin.de\\\/de\\\/#\\\/schema\\\/person\\\/b38c2d45c0eb9b9e994801d3f87a2247\"},\"headline\":\"Wieviel arabische Werbung vertr\u00e4gt die Stadt?\",\"datePublished\":\"2019-08-09T14:40:25+00:00\",\"dateModified\":\"2024-02-22T09:01:32+00:00\",\"mainEntityOfPage\":{\"@id\":\"https:\\\/\\\/amalberlin.de\\\/de\\\/2019\\\/08\\\/09\\\/84179\\\/\"},\"wordCount\":625,\"commentCount\":0,\"publisher\":{\"@id\":\"https:\\\/\\\/amalberlin.de\\\/de\\\/#organization\"},\"image\":{\"@id\":\"https:\\\/\\\/amalberlin.de\\\/de\\\/2019\\\/08\\\/09\\\/84179\\\/#primaryimage\"},\"thumbnailUrl\":\"https:\\\/\\\/amalberlin.de\\\/wp-content\\\/uploads\\\/sites\\\/3\\\/2019\\\/08\\\/y.jpg\",\"articleSection\":[\"Beitr\u00e4ge auf Deutsch\"],\"inLanguage\":\"de\",\"potentialAction\":[{\"@type\":\"CommentAction\",\"name\":\"Comment\",\"target\":[\"https:\\\/\\\/amalberlin.de\\\/de\\\/2019\\\/08\\\/09\\\/84179\\\/#respond\"]}]},{\"@type\":\"WebPage\",\"@id\":\"https:\\\/\\\/amalberlin.de\\\/de\\\/2019\\\/08\\\/09\\\/84179\\\/\",\"url\":\"https:\\\/\\\/amalberlin.de\\\/de\\\/2019\\\/08\\\/09\\\/84179\\\/\",\"name\":\"Wieviel arabische Werbung vertr\u00e4gt die Stadt? - Amal, Berlin!\",\"isPartOf\":{\"@id\":\"https:\\\/\\\/amalberlin.de\\\/de\\\/#website\"},\"primaryImageOfPage\":{\"@id\":\"https:\\\/\\\/amalberlin.de\\\/de\\\/2019\\\/08\\\/09\\\/84179\\\/#primaryimage\"},\"image\":{\"@id\":\"https:\\\/\\\/amalberlin.de\\\/de\\\/2019\\\/08\\\/09\\\/84179\\\/#primaryimage\"},\"thumbnailUrl\":\"https:\\\/\\\/amalberlin.de\\\/wp-content\\\/uploads\\\/sites\\\/3\\\/2019\\\/08\\\/y.jpg\",\"datePublished\":\"2019-08-09T14:40:25+00:00\",\"dateModified\":\"2024-02-22T09:01:32+00:00\",\"breadcrumb\":{\"@id\":\"https:\\\/\\\/amalberlin.de\\\/de\\\/2019\\\/08\\\/09\\\/84179\\\/#breadcrumb\"},\"inLanguage\":\"de\",\"potentialAction\":[{\"@type\":\"ReadAction\",\"target\":[\"https:\\\/\\\/amalberlin.de\\\/de\\\/2019\\\/08\\\/09\\\/84179\\\/\"]}]},{\"@type\":\"ImageObject\",\"inLanguage\":\"de\",\"@id\":\"https:\\\/\\\/amalberlin.de\\\/de\\\/2019\\\/08\\\/09\\\/84179\\\/#primaryimage\",\"url\":\"https:\\\/\\\/amalberlin.de\\\/wp-content\\\/uploads\\\/sites\\\/3\\\/2019\\\/08\\\/y.jpg\",\"contentUrl\":\"https:\\\/\\\/amalberlin.de\\\/wp-content\\\/uploads\\\/sites\\\/3\\\/2019\\\/08\\\/y.jpg\",\"width\":700,\"height\":467,\"caption\":\"Eine irakische Familie aus Bagdad campt schon 57 Tage am griechisch-mazedonischen Grenzzaun im Fluechtlingslager Idomeni (Griechenland, Foto vom 08.04.15). \\\"Was sollen wir tun\\\", sagt der Vater, wir trauen den offiziellen Stellen des UNHCR nicht. In die Tuerkei zurueck wollen sie auf keinen Fall. Insgesamt leben in dem provisorischen Lager zurzeit 10.000 bis 15.000 Menschen, nachdem vor einigen Wochen die Laender entlang der Balkanroute ihre Grenzen geschlossen hatten. Die Fluechtlinge werden vom UNHCR, Freiwilligen und Nichtregierungsorganisationen versorgt. Die griechische Regierung bietet den Fluechtlingen an, sie in offizielle Lager im Landesinneren Griechenlands umzusiedeln.\"},{\"@type\":\"BreadcrumbList\",\"@id\":\"https:\\\/\\\/amalberlin.de\\\/de\\\/2019\\\/08\\\/09\\\/84179\\\/#breadcrumb\",\"itemListElement\":[{\"@type\":\"ListItem\",\"position\":1,\"name\":\"Home\",\"item\":\"https:\\\/\\\/amalberlin.de\\\/de\\\/\"},{\"@type\":\"ListItem\",\"position\":2,\"name\":\"Wieviel arabische Werbung vertr\u00e4gt die Stadt?\"}]},{\"@type\":\"WebSite\",\"@id\":\"https:\\\/\\\/amalberlin.de\\\/de\\\/#website\",\"url\":\"https:\\\/\\\/amalberlin.de\\\/de\\\/\",\"name\":\"Amal, Berlin!\",\"description\":\"\",\"publisher\":{\"@id\":\"https:\\\/\\\/amalberlin.de\\\/de\\\/#organization\"},\"potentialAction\":[{\"@type\":\"SearchAction\",\"target\":{\"@type\":\"EntryPoint\",\"urlTemplate\":\"https:\\\/\\\/amalberlin.de\\\/de\\\/?s={search_term_string}\"},\"query-input\":{\"@type\":\"PropertyValueSpecification\",\"valueRequired\":true,\"valueName\":\"search_term_string\"}}],\"inLanguage\":\"de\"},{\"@type\":\"Organization\",\"@id\":\"https:\\\/\\\/amalberlin.de\\\/de\\\/#organization\",\"name\":\"Amal, Berlin!\",\"url\":\"https:\\\/\\\/amalberlin.de\\\/de\\\/\",\"logo\":{\"@type\":\"ImageObject\",\"inLanguage\":\"de\",\"@id\":\"https:\\\/\\\/amalberlin.de\\\/de\\\/#\\\/schema\\\/logo\\\/image\\\/\",\"url\":\"https:\\\/\\\/amalberlin.de\\\/wp-content\\\/uploads\\\/sites\\\/3\\\/2020\\\/09\\\/LOGO_AMAL-Berlin_Final-01.jpg\",\"contentUrl\":\"https:\\\/\\\/amalberlin.de\\\/wp-content\\\/uploads\\\/sites\\\/3\\\/2020\\\/09\\\/LOGO_AMAL-Berlin_Final-01.jpg\",\"width\":250,\"height\":220,\"caption\":\"Amal, Berlin!\"},\"image\":{\"@id\":\"https:\\\/\\\/amalberlin.de\\\/de\\\/#\\\/schema\\\/logo\\\/image\\\/\"},\"sameAs\":[\"https:\\\/\\\/www.facebook.com\\\/AmalBerlinNews\\\/\",\"https:\\\/\\\/www.instagram.com\\\/amalberlin\\\/?hl=en\",\"https:\\\/\\\/www.youtube.com\\\/channel\\\/UCTDDzpr6EmhT1wLO0hszrrg\"]},{\"@type\":\"Person\",\"@id\":\"https:\\\/\\\/amalberlin.de\\\/de\\\/#\\\/schema\\\/person\\\/b38c2d45c0eb9b9e994801d3f87a2247\",\"name\":\"Cornelia Gerlach\",\"image\":{\"@type\":\"ImageObject\",\"inLanguage\":\"de\",\"@id\":\"https:\\\/\\\/amalberlin.de\\\/wp-content\\\/uploads\\\/sites\\\/3\\\/2023\\\/01\\\/Conny_AhamadKalaji2023_DSC0591-klein-125x125.jpg\",\"url\":\"https:\\\/\\\/amalberlin.de\\\/wp-content\\\/uploads\\\/sites\\\/3\\\/2023\\\/01\\\/Conny_AhamadKalaji2023_DSC0591-klein-125x125.jpg\",\"contentUrl\":\"https:\\\/\\\/amalberlin.de\\\/wp-content\\\/uploads\\\/sites\\\/3\\\/2023\\\/01\\\/Conny_AhamadKalaji2023_DSC0591-klein-125x125.jpg\",\"caption\":\"Cornelia Gerlach\"},\"description\":\"Cornelia Gerlach ist Projektleiterin bei Amal, Berlin! Daneben arbeitet sie als freie Journalistin und Dozentin f\u00fcr Reportage und Storytelling.\",\"url\":\"https:\\\/\\\/amalberlin.de\\\/de\\\/author\\\/conny\\\/\"}]}<\/script>\n<!-- \/ Yoast SEO plugin. -->","yoast_head_json":{"title":"Wieviel arabische Werbung vertr\u00e4gt die Stadt? - Amal, Berlin!","robots":{"index":"index","follow":"follow","max-snippet":"max-snippet:-1","max-image-preview":"max-image-preview:large","max-video-preview":"max-video-preview:-1"},"canonical":"https:\/\/amalberlin.de\/de\/2019\/08\/09\/84179\/","og_locale":"de_DE","og_type":"article","og_title":"Wieviel arabische Werbung vertr\u00e4gt die Stadt? - Amal, Berlin!","og_description":"Wieviel arabische Schrift vertr\u00e4gt eine Stadt? In der T\u00fcrkei ist das in diesen Wochen Thema. Rund vier Millionen Fl\u00fcchtlinge leben dort, 3,6 Millionen davon sind Syrer. Die T\u00fcrkei hat mehr Migranten aufgenommen als alle anderen L\u00e4nder Europas. Jetzt schl\u00e4gt die Stimmung um. Von Gastfreundschaft ist nicht mehr viel zu sp\u00fcren, stattdessen werden mit gro\u00df angelegten... Weiter &raquo;","og_url":"https:\/\/amalberlin.de\/de\/2019\/08\/09\/84179\/","og_site_name":"Amal, Berlin!","article_publisher":"https:\/\/www.facebook.com\/AmalBerlinNews\/","article_published_time":"2019-08-09T14:40:25+00:00","article_modified_time":"2024-02-22T09:01:32+00:00","og_image":[{"width":700,"height":467,"url":"https:\/\/amalberlin.de\/wp-content\/uploads\/sites\/3\/2019\/08\/y.jpg","type":"image\/jpeg"}],"author":"Cornelia Gerlach","twitter_card":"summary_large_image","twitter_misc":{"Verfasst von":"Cornelia Gerlach","Gesch\u00e4tzte Lesezeit":"3\u00a0Minuten"},"schema":{"@context":"https:\/\/schema.org","@graph":[{"@type":"Article","@id":"https:\/\/amalberlin.de\/de\/2019\/08\/09\/84179\/#article","isPartOf":{"@id":"https:\/\/amalberlin.de\/de\/2019\/08\/09\/84179\/"},"author":{"name":"Cornelia Gerlach","@id":"https:\/\/amalberlin.de\/de\/#\/schema\/person\/b38c2d45c0eb9b9e994801d3f87a2247"},"headline":"Wieviel arabische Werbung vertr\u00e4gt die Stadt?","datePublished":"2019-08-09T14:40:25+00:00","dateModified":"2024-02-22T09:01:32+00:00","mainEntityOfPage":{"@id":"https:\/\/amalberlin.de\/de\/2019\/08\/09\/84179\/"},"wordCount":625,"commentCount":0,"publisher":{"@id":"https:\/\/amalberlin.de\/de\/#organization"},"image":{"@id":"https:\/\/amalberlin.de\/de\/2019\/08\/09\/84179\/#primaryimage"},"thumbnailUrl":"https:\/\/amalberlin.de\/wp-content\/uploads\/sites\/3\/2019\/08\/y.jpg","articleSection":["Beitr\u00e4ge auf Deutsch"],"inLanguage":"de","potentialAction":[{"@type":"CommentAction","name":"Comment","target":["https:\/\/amalberlin.de\/de\/2019\/08\/09\/84179\/#respond"]}]},{"@type":"WebPage","@id":"https:\/\/amalberlin.de\/de\/2019\/08\/09\/84179\/","url":"https:\/\/amalberlin.de\/de\/2019\/08\/09\/84179\/","name":"Wieviel arabische Werbung vertr\u00e4gt die Stadt? - Amal, Berlin!","isPartOf":{"@id":"https:\/\/amalberlin.de\/de\/#website"},"primaryImageOfPage":{"@id":"https:\/\/amalberlin.de\/de\/2019\/08\/09\/84179\/#primaryimage"},"image":{"@id":"https:\/\/amalberlin.de\/de\/2019\/08\/09\/84179\/#primaryimage"},"thumbnailUrl":"https:\/\/amalberlin.de\/wp-content\/uploads\/sites\/3\/2019\/08\/y.jpg","datePublished":"2019-08-09T14:40:25+00:00","dateModified":"2024-02-22T09:01:32+00:00","breadcrumb":{"@id":"https:\/\/amalberlin.de\/de\/2019\/08\/09\/84179\/#breadcrumb"},"inLanguage":"de","potentialAction":[{"@type":"ReadAction","target":["https:\/\/amalberlin.de\/de\/2019\/08\/09\/84179\/"]}]},{"@type":"ImageObject","inLanguage":"de","@id":"https:\/\/amalberlin.de\/de\/2019\/08\/09\/84179\/#primaryimage","url":"https:\/\/amalberlin.de\/wp-content\/uploads\/sites\/3\/2019\/08\/y.jpg","contentUrl":"https:\/\/amalberlin.de\/wp-content\/uploads\/sites\/3\/2019\/08\/y.jpg","width":700,"height":467,"caption":"Eine irakische Familie aus Bagdad campt schon 57 Tage am griechisch-mazedonischen Grenzzaun im Fluechtlingslager Idomeni (Griechenland, Foto vom 08.04.15). \"Was sollen wir tun\", sagt der Vater, wir trauen den offiziellen Stellen des UNHCR nicht. In die Tuerkei zurueck wollen sie auf keinen Fall. Insgesamt leben in dem provisorischen Lager zurzeit 10.000 bis 15.000 Menschen, nachdem vor einigen Wochen die Laender entlang der Balkanroute ihre Grenzen geschlossen hatten. Die Fluechtlinge werden vom UNHCR, Freiwilligen und Nichtregierungsorganisationen versorgt. Die griechische Regierung bietet den Fluechtlingen an, sie in offizielle Lager im Landesinneren Griechenlands umzusiedeln."},{"@type":"BreadcrumbList","@id":"https:\/\/amalberlin.de\/de\/2019\/08\/09\/84179\/#breadcrumb","itemListElement":[{"@type":"ListItem","position":1,"name":"Home","item":"https:\/\/amalberlin.de\/de\/"},{"@type":"ListItem","position":2,"name":"Wieviel arabische Werbung vertr\u00e4gt die Stadt?"}]},{"@type":"WebSite","@id":"https:\/\/amalberlin.de\/de\/#website","url":"https:\/\/amalberlin.de\/de\/","name":"Amal, Berlin!","description":"","publisher":{"@id":"https:\/\/amalberlin.de\/de\/#organization"},"potentialAction":[{"@type":"SearchAction","target":{"@type":"EntryPoint","urlTemplate":"https:\/\/amalberlin.de\/de\/?s={search_term_string}"},"query-input":{"@type":"PropertyValueSpecification","valueRequired":true,"valueName":"search_term_string"}}],"inLanguage":"de"},{"@type":"Organization","@id":"https:\/\/amalberlin.de\/de\/#organization","name":"Amal, Berlin!","url":"https:\/\/amalberlin.de\/de\/","logo":{"@type":"ImageObject","inLanguage":"de","@id":"https:\/\/amalberlin.de\/de\/#\/schema\/logo\/image\/","url":"https:\/\/amalberlin.de\/wp-content\/uploads\/sites\/3\/2020\/09\/LOGO_AMAL-Berlin_Final-01.jpg","contentUrl":"https:\/\/amalberlin.de\/wp-content\/uploads\/sites\/3\/2020\/09\/LOGO_AMAL-Berlin_Final-01.jpg","width":250,"height":220,"caption":"Amal, Berlin!"},"image":{"@id":"https:\/\/amalberlin.de\/de\/#\/schema\/logo\/image\/"},"sameAs":["https:\/\/www.facebook.com\/AmalBerlinNews\/","https:\/\/www.instagram.com\/amalberlin\/?hl=en","https:\/\/www.youtube.com\/channel\/UCTDDzpr6EmhT1wLO0hszrrg"]},{"@type":"Person","@id":"https:\/\/amalberlin.de\/de\/#\/schema\/person\/b38c2d45c0eb9b9e994801d3f87a2247","name":"Cornelia Gerlach","image":{"@type":"ImageObject","inLanguage":"de","@id":"https:\/\/amalberlin.de\/wp-content\/uploads\/sites\/3\/2023\/01\/Conny_AhamadKalaji2023_DSC0591-klein-125x125.jpg","url":"https:\/\/amalberlin.de\/wp-content\/uploads\/sites\/3\/2023\/01\/Conny_AhamadKalaji2023_DSC0591-klein-125x125.jpg","contentUrl":"https:\/\/amalberlin.de\/wp-content\/uploads\/sites\/3\/2023\/01\/Conny_AhamadKalaji2023_DSC0591-klein-125x125.jpg","caption":"Cornelia Gerlach"},"description":"Cornelia Gerlach ist Projektleiterin bei Amal, Berlin! Daneben arbeitet sie als freie Journalistin und Dozentin f\u00fcr Reportage und Storytelling.","url":"https:\/\/amalberlin.de\/de\/author\/conny\/"}]}},"_links":{"self":[{"href":"https:\/\/amalberlin.de\/de\/wp-json\/wp\/v2\/posts\/84179","targetHints":{"allow":["GET"]}}],"collection":[{"href":"https:\/\/amalberlin.de\/de\/wp-json\/wp\/v2\/posts"}],"about":[{"href":"https:\/\/amalberlin.de\/de\/wp-json\/wp\/v2\/types\/post"}],"author":[{"embeddable":true,"href":"https:\/\/amalberlin.de\/de\/wp-json\/wp\/v2\/users\/10"}],"replies":[{"embeddable":true,"href":"https:\/\/amalberlin.de\/de\/wp-json\/wp\/v2\/comments?post=84179"}],"version-history":[{"count":2,"href":"https:\/\/amalberlin.de\/de\/wp-json\/wp\/v2\/posts\/84179\/revisions"}],"predecessor-version":[{"id":84181,"href":"https:\/\/amalberlin.de\/de\/wp-json\/wp\/v2\/posts\/84179\/revisions\/84181"}],"wp:featuredmedia":[{"embeddable":true,"href":"https:\/\/amalberlin.de\/de\/wp-json\/wp\/v2\/media\/84053"}],"wp:attachment":[{"href":"https:\/\/amalberlin.de\/de\/wp-json\/wp\/v2\/media?parent=84179"}],"wp:term":[{"taxonomy":"category","embeddable":true,"href":"https:\/\/amalberlin.de\/de\/wp-json\/wp\/v2\/categories?post=84179"},{"taxonomy":"post_tag","embeddable":true,"href":"https:\/\/amalberlin.de\/de\/wp-json\/wp\/v2\/tags?post=84179"}],"curies":[{"name":"wp","href":"https:\/\/api.w.org\/{rel}","templated":true}]}}