{"id":278478,"date":"2025-08-12T10:56:37","date_gmt":"2025-08-12T08:56:37","guid":{"rendered":"https:\/\/amalberlin.de\/?p=278478"},"modified":"2025-09-12T14:54:27","modified_gmt":"2025-09-12T12:54:27","slug":"amal-geht-in-die-naechste-runde","status":"publish","type":"post","link":"https:\/\/amalberlin.de\/de\/2025\/08\/12\/amal-geht-in-die-naechste-runde\/","title":{"rendered":"Amal geht in die n\u00e4chste Runde"},"content":{"rendered":"<p>Gute Nachrichten: Amal geht in die n\u00e4chste Runde. Die Redaktion kann mit dem Aufbau einer KI-gest\u00fctzten Nachrichtenplattform f\u00fcr Gefl\u00fcchtete beginnen. Sie bekommt daf\u00fcr Mittel aus dem <a href=\"https:\/\/www.eu-migrationsfonds.de\/DE\/Startseite\/startseite_node.html\">Asyl-, Migrations- und Integrationsfond der Europ\u00e4ischen Union<\/a>. Das Bundesamt f\u00fcr Migration und Fl\u00fcchtlinge als zust\u00e4ndige Beh\u00f6rde hat jetzt den Zuwendungsbescheid geschickt \u2013 wir sind mega erleichtert, froh und voller Tatendrang, das neue Projekt auf den Weg zu bringen.<\/p>\n<p>Ziel des Projektes ist es, noch mehr arabisch, persisch und ukrainisch sprechende Menschen mit lokalen Nachrichten zu versorgen \u2013 auch au\u00dferhalb der gro\u00dfen St\u00e4dte, wo es bereits Medienangebote f\u00fcr die Zielgruppe gibt. Daf\u00fcr entwickelt das Team einen Editor, der mit Hilfe von k\u00fcnstlicher Intelligenz Nachrichten aus dem Deutschen in die Muttersprachen \u00fcbertr\u00e4gt und f\u00fcr die Sozialen Medien optimiert.<\/p>\n<h2>\u00dcber uns<\/h2>\n<p>Amal ist wie eine klassische deutsche Lokalzeitung \u2013 nur\u00a0auf\u00a0Arabisch, Ukrainisch und Dari\/Farsi. Die Plattform informiert dar\u00fcber, was in der Stadt los ist \u2013 mit Lokalredaktionen Berlin, Hamburg und Frankfurt. Das Wichtigste vom Tage wird erg\u00e4nzt durch Reportagen, Interviews und Kommentare. Bei Amal haben derzeit 23 gefl\u00fcchtete Journalisten und Journalistinnen aus Syrien, Afghanistan, der Ukraine und dem Iran einen festen Arbeitsplatz. Sie produzieren Nachrichten f\u00fcr das Smartphone und erreichen derzeit 350.000 Menschen \u00fcber Facebook.<\/p>\n<p>Amal begann 2016 mit einem Workshop an der Evangelischen Journalistenschule, 2017 erm\u00f6glichte die Evangelische Kirche in Deutschland den Start der tagesaktuellen Berichterstattung. Tr\u00e4ger war das Gemeinschaftswerk der Evangelischen Publizistik (GEP). Die Anfang 2019 kam eine Lokalredaktion in Hamburg dazu, 2022 ein Team in Frankfurt. Derzeit arbeiten 24 Journalist:innen mit Fluchtgeschichte bei Amal in ihrem Beruf. Mehrere Landeskirchen und gro\u00dfe Stiftungen finanzieren die Arbeit. Seit Januar 2025 ist Amal eine gemeinn\u00fctzige GmbH, Gesellschafter ist das GEP.<\/p>\n<p>Foto: epd-bild\/Heike Lyding<\/p>\n","protected":false},"excerpt":{"rendered":"<p>Gute Nachrichten: Amal geht in die n\u00e4chste Runde. Die Redaktion kann mit dem Aufbau einer KI-gest\u00fctzten Nachrichtenplattform f\u00fcr Gefl\u00fcchtete beginnen. Sie bekommt daf\u00fcr Mittel aus dem Asyl-, Migrations- und Integrationsfond der Europ\u00e4ischen Union. Das Bundesamt f\u00fcr Migration und Fl\u00fcchtlinge als zust\u00e4ndige Beh\u00f6rde hat jetzt den Zuwendungsbescheid geschickt \u2013 wir sind mega erleichtert, froh und voller&#8230;  <a class=\"excerpt-read-more\" href=\"https:\/\/amalberlin.de\/de\/2025\/08\/12\/amal-geht-in-die-naechste-runde\/\" title=\"Read Amal geht in die n\u00e4chste Runde\">Weiter &raquo;<\/a><\/p>\n","protected":false},"author":10,"featured_media":278513,"comment_status":"closed","ping_status":"open","sticky":false,"template":"","format":"standard","meta":{"_acf_changed":false,"footnotes":""},"categories":[7831],"tags":[1614,17256,10885],"class_list":["post-278478","post","type-post","status-publish","format-standard","has-post-thumbnail","hentry","category-themen-diese-woche","tag-amal-de","tag-amif","tag-ki"],"acf":[],"yoast_head":"<!-- This site is optimized with the Yoast SEO plugin v27.5 - https:\/\/yoast.com\/product\/yoast-seo-wordpress\/ -->\n<title>Amal geht in die n\u00e4chste Runde - Amal, Berlin!<\/title>\n<meta name=\"description\" content=\"Die Amal-Redaktion kann mit dem Aufbau einer KI-gest\u00fctzten Nachrichte-Plattform beginnen. Sie bekommt daf\u00fcr Mittel aus dem Asyl-, Migrations- und Integrationsfond AMIF.\" \/>\n<meta name=\"robots\" content=\"index, follow, max-snippet:-1, max-image-preview:large, max-video-preview:-1\" \/>\n<link rel=\"canonical\" href=\"https:\/\/amalberlin.de\/de\/2025\/08\/12\/amal-geht-in-die-naechste-runde\/\" \/>\n<meta property=\"og:locale\" content=\"de_DE\" \/>\n<meta property=\"og:type\" content=\"article\" \/>\n<meta property=\"og:title\" content=\"Amal geht in die n\u00e4chste Runde - Amal, Berlin!\" \/>\n<meta property=\"og:description\" content=\"Die Amal-Redaktion kann mit dem Aufbau einer KI-gest\u00fctzten Nachrichte-Plattform beginnen. Sie bekommt daf\u00fcr Mittel aus dem Asyl-, Migrations- und Integrationsfond AMIF.\" \/>\n<meta property=\"og:url\" content=\"https:\/\/amalberlin.de\/de\/2025\/08\/12\/amal-geht-in-die-naechste-runde\/\" \/>\n<meta property=\"og:site_name\" content=\"Amal, Berlin!\" \/>\n<meta property=\"article:publisher\" content=\"https:\/\/www.facebook.com\/AmalBerlinNews\/\" \/>\n<meta property=\"article:published_time\" content=\"2025-08-12T08:56:37+00:00\" \/>\n<meta property=\"article:modified_time\" content=\"2025-09-12T12:54:27+00:00\" \/>\n<meta property=\"og:image\" content=\"https:\/\/amalberlin.de\/wp-content\/uploads\/sites\/3\/2025\/08\/00481115.jpg\" \/>\n\t<meta property=\"og:image:width\" content=\"700\" \/>\n\t<meta property=\"og:image:height\" content=\"465\" \/>\n\t<meta property=\"og:image:type\" content=\"image\/jpeg\" \/>\n<meta name=\"author\" content=\"Cornelia Gerlach\" \/>\n<meta name=\"twitter:card\" content=\"summary_large_image\" \/>\n<meta name=\"twitter:label1\" content=\"Verfasst von\" \/>\n\t<meta name=\"twitter:data1\" content=\"Cornelia Gerlach\" \/>\n\t<meta name=\"twitter:label2\" content=\"Gesch\u00e4tzte Lesezeit\" \/>\n\t<meta name=\"twitter:data2\" content=\"2\u00a0Minuten\" \/>\n<script type=\"application\/ld+json\" class=\"yoast-schema-graph\">{\"@context\":\"https:\\\/\\\/schema.org\",\"@graph\":[{\"@type\":\"Article\",\"@id\":\"https:\\\/\\\/amalberlin.de\\\/de\\\/2025\\\/08\\\/12\\\/amal-geht-in-die-naechste-runde\\\/#article\",\"isPartOf\":{\"@id\":\"https:\\\/\\\/amalberlin.de\\\/de\\\/2025\\\/08\\\/12\\\/amal-geht-in-die-naechste-runde\\\/\"},\"author\":{\"name\":\"Cornelia Gerlach\",\"@id\":\"https:\\\/\\\/amalberlin.de\\\/de\\\/#\\\/schema\\\/person\\\/b38c2d45c0eb9b9e994801d3f87a2247\"},\"headline\":\"Amal geht in die n\u00e4chste Runde\",\"datePublished\":\"2025-08-12T08:56:37+00:00\",\"dateModified\":\"2025-09-12T12:54:27+00:00\",\"mainEntityOfPage\":{\"@id\":\"https:\\\/\\\/amalberlin.de\\\/de\\\/2025\\\/08\\\/12\\\/amal-geht-in-die-naechste-runde\\\/\"},\"wordCount\":301,\"publisher\":{\"@id\":\"https:\\\/\\\/amalberlin.de\\\/de\\\/#organization\"},\"image\":{\"@id\":\"https:\\\/\\\/amalberlin.de\\\/de\\\/2025\\\/08\\\/12\\\/amal-geht-in-die-naechste-runde\\\/#primaryimage\"},\"thumbnailUrl\":\"https:\\\/\\\/amalberlin.de\\\/wp-content\\\/uploads\\\/sites\\\/3\\\/2025\\\/08\\\/00481115.jpg\",\"keywords\":[\"Amal\",\"AMIF\",\"KI\"],\"articleSection\":[\"Themen diese Woche\"],\"inLanguage\":\"de\"},{\"@type\":\"WebPage\",\"@id\":\"https:\\\/\\\/amalberlin.de\\\/de\\\/2025\\\/08\\\/12\\\/amal-geht-in-die-naechste-runde\\\/\",\"url\":\"https:\\\/\\\/amalberlin.de\\\/de\\\/2025\\\/08\\\/12\\\/amal-geht-in-die-naechste-runde\\\/\",\"name\":\"Amal geht in die n\u00e4chste Runde - Amal, Berlin!\",\"isPartOf\":{\"@id\":\"https:\\\/\\\/amalberlin.de\\\/de\\\/#website\"},\"primaryImageOfPage\":{\"@id\":\"https:\\\/\\\/amalberlin.de\\\/de\\\/2025\\\/08\\\/12\\\/amal-geht-in-die-naechste-runde\\\/#primaryimage\"},\"image\":{\"@id\":\"https:\\\/\\\/amalberlin.de\\\/de\\\/2025\\\/08\\\/12\\\/amal-geht-in-die-naechste-runde\\\/#primaryimage\"},\"thumbnailUrl\":\"https:\\\/\\\/amalberlin.de\\\/wp-content\\\/uploads\\\/sites\\\/3\\\/2025\\\/08\\\/00481115.jpg\",\"datePublished\":\"2025-08-12T08:56:37+00:00\",\"dateModified\":\"2025-09-12T12:54:27+00:00\",\"description\":\"Die Amal-Redaktion kann mit dem Aufbau einer KI-gest\u00fctzten Nachrichte-Plattform beginnen. Sie bekommt daf\u00fcr Mittel aus dem Asyl-, Migrations- und Integrationsfond AMIF.\",\"breadcrumb\":{\"@id\":\"https:\\\/\\\/amalberlin.de\\\/de\\\/2025\\\/08\\\/12\\\/amal-geht-in-die-naechste-runde\\\/#breadcrumb\"},\"inLanguage\":\"de\",\"potentialAction\":[{\"@type\":\"ReadAction\",\"target\":[\"https:\\\/\\\/amalberlin.de\\\/de\\\/2025\\\/08\\\/12\\\/amal-geht-in-die-naechste-runde\\\/\"]}]},{\"@type\":\"ImageObject\",\"inLanguage\":\"de\",\"@id\":\"https:\\\/\\\/amalberlin.de\\\/de\\\/2025\\\/08\\\/12\\\/amal-geht-in-die-naechste-runde\\\/#primaryimage\",\"url\":\"https:\\\/\\\/amalberlin.de\\\/wp-content\\\/uploads\\\/sites\\\/3\\\/2025\\\/08\\\/00481115.jpg\",\"contentUrl\":\"https:\\\/\\\/amalberlin.de\\\/wp-content\\\/uploads\\\/sites\\\/3\\\/2025\\\/08\\\/00481115.jpg\",\"width\":700,\"height\":465,\"caption\":\"Die \\\"Amal, Frankfurt!\\\" Redaktion (Foto vom 18.01.2023). Am Dienstag (10.01.2023) startete das Online-Portal \\\"Amal, Frankfurt!\\\" mit lokalen Nachrichten aus Frankfurt am Main und Umgebung auf Arabisch, Persisch und Ukrainisch. Bereits seit 2016 bietet die Nachrichtenplattform \\\"Amal, Berlin!\\\" den Angaben zufolge lokale Nachrichten in den Sprachen Arabisch, Farsi\\\/Dari und Deutsch, 2019 folgte \\\"Amal, Hamburg!\\\". Aktuell, verlaesslich und professionell berichte \\\"Amal\\\" ueber alles, was in den jeweiligen Staedten wichtig sei, hiess es weiter: Politik, Kultur und das Neueste aus den Communitys der Neuangekommenen. \\\"Amal\\\" ist Arabisch und bedeutet uebersetzt \\\"Hoffnung\\\". Die Nachrichten sind auf www.amalfrankfurt.de abrufbar.\"},{\"@type\":\"BreadcrumbList\",\"@id\":\"https:\\\/\\\/amalberlin.de\\\/de\\\/2025\\\/08\\\/12\\\/amal-geht-in-die-naechste-runde\\\/#breadcrumb\",\"itemListElement\":[{\"@type\":\"ListItem\",\"position\":1,\"name\":\"Home\",\"item\":\"https:\\\/\\\/amalberlin.de\\\/de\\\/\"},{\"@type\":\"ListItem\",\"position\":2,\"name\":\"Amal geht in die n\u00e4chste Runde\"}]},{\"@type\":\"WebSite\",\"@id\":\"https:\\\/\\\/amalberlin.de\\\/de\\\/#website\",\"url\":\"https:\\\/\\\/amalberlin.de\\\/de\\\/\",\"name\":\"Amal, Berlin!\",\"description\":\"\",\"publisher\":{\"@id\":\"https:\\\/\\\/amalberlin.de\\\/de\\\/#organization\"},\"potentialAction\":[{\"@type\":\"SearchAction\",\"target\":{\"@type\":\"EntryPoint\",\"urlTemplate\":\"https:\\\/\\\/amalberlin.de\\\/de\\\/?s={search_term_string}\"},\"query-input\":{\"@type\":\"PropertyValueSpecification\",\"valueRequired\":true,\"valueName\":\"search_term_string\"}}],\"inLanguage\":\"de\"},{\"@type\":\"Organization\",\"@id\":\"https:\\\/\\\/amalberlin.de\\\/de\\\/#organization\",\"name\":\"Amal, Berlin!\",\"url\":\"https:\\\/\\\/amalberlin.de\\\/de\\\/\",\"logo\":{\"@type\":\"ImageObject\",\"inLanguage\":\"de\",\"@id\":\"https:\\\/\\\/amalberlin.de\\\/de\\\/#\\\/schema\\\/logo\\\/image\\\/\",\"url\":\"https:\\\/\\\/amalberlin.de\\\/wp-content\\\/uploads\\\/sites\\\/3\\\/2020\\\/09\\\/LOGO_AMAL-Berlin_Final-01.jpg\",\"contentUrl\":\"https:\\\/\\\/amalberlin.de\\\/wp-content\\\/uploads\\\/sites\\\/3\\\/2020\\\/09\\\/LOGO_AMAL-Berlin_Final-01.jpg\",\"width\":250,\"height\":220,\"caption\":\"Amal, Berlin!\"},\"image\":{\"@id\":\"https:\\\/\\\/amalberlin.de\\\/de\\\/#\\\/schema\\\/logo\\\/image\\\/\"},\"sameAs\":[\"https:\\\/\\\/www.facebook.com\\\/AmalBerlinNews\\\/\",\"https:\\\/\\\/www.instagram.com\\\/amalberlin\\\/?hl=en\",\"https:\\\/\\\/www.youtube.com\\\/channel\\\/UCTDDzpr6EmhT1wLO0hszrrg\"]},{\"@type\":\"Person\",\"@id\":\"https:\\\/\\\/amalberlin.de\\\/de\\\/#\\\/schema\\\/person\\\/b38c2d45c0eb9b9e994801d3f87a2247\",\"name\":\"Cornelia Gerlach\",\"image\":{\"@type\":\"ImageObject\",\"inLanguage\":\"de\",\"@id\":\"https:\\\/\\\/amalberlin.de\\\/wp-content\\\/uploads\\\/sites\\\/3\\\/2023\\\/01\\\/Conny_AhamadKalaji2023_DSC0591-klein-125x125.jpg\",\"url\":\"https:\\\/\\\/amalberlin.de\\\/wp-content\\\/uploads\\\/sites\\\/3\\\/2023\\\/01\\\/Conny_AhamadKalaji2023_DSC0591-klein-125x125.jpg\",\"contentUrl\":\"https:\\\/\\\/amalberlin.de\\\/wp-content\\\/uploads\\\/sites\\\/3\\\/2023\\\/01\\\/Conny_AhamadKalaji2023_DSC0591-klein-125x125.jpg\",\"caption\":\"Cornelia Gerlach\"},\"description\":\"Cornelia Gerlach ist Projektleiterin bei Amal, Berlin! Daneben arbeitet sie als freie Journalistin und Dozentin f\u00fcr Reportage und Storytelling.\",\"url\":\"https:\\\/\\\/amalberlin.de\\\/de\\\/author\\\/conny\\\/\"}]}<\/script>\n<!-- \/ Yoast SEO plugin. -->","yoast_head_json":{"title":"Amal geht in die n\u00e4chste Runde - Amal, Berlin!","description":"Die Amal-Redaktion kann mit dem Aufbau einer KI-gest\u00fctzten Nachrichte-Plattform beginnen. Sie bekommt daf\u00fcr Mittel aus dem Asyl-, Migrations- und Integrationsfond AMIF.","robots":{"index":"index","follow":"follow","max-snippet":"max-snippet:-1","max-image-preview":"max-image-preview:large","max-video-preview":"max-video-preview:-1"},"canonical":"https:\/\/amalberlin.de\/de\/2025\/08\/12\/amal-geht-in-die-naechste-runde\/","og_locale":"de_DE","og_type":"article","og_title":"Amal geht in die n\u00e4chste Runde - Amal, Berlin!","og_description":"Die Amal-Redaktion kann mit dem Aufbau einer KI-gest\u00fctzten Nachrichte-Plattform beginnen. Sie bekommt daf\u00fcr Mittel aus dem Asyl-, Migrations- und Integrationsfond AMIF.","og_url":"https:\/\/amalberlin.de\/de\/2025\/08\/12\/amal-geht-in-die-naechste-runde\/","og_site_name":"Amal, Berlin!","article_publisher":"https:\/\/www.facebook.com\/AmalBerlinNews\/","article_published_time":"2025-08-12T08:56:37+00:00","article_modified_time":"2025-09-12T12:54:27+00:00","og_image":[{"width":700,"height":465,"url":"https:\/\/amalberlin.de\/wp-content\/uploads\/sites\/3\/2025\/08\/00481115.jpg","type":"image\/jpeg"}],"author":"Cornelia Gerlach","twitter_card":"summary_large_image","twitter_misc":{"Verfasst von":"Cornelia Gerlach","Gesch\u00e4tzte Lesezeit":"2\u00a0Minuten"},"schema":{"@context":"https:\/\/schema.org","@graph":[{"@type":"Article","@id":"https:\/\/amalberlin.de\/de\/2025\/08\/12\/amal-geht-in-die-naechste-runde\/#article","isPartOf":{"@id":"https:\/\/amalberlin.de\/de\/2025\/08\/12\/amal-geht-in-die-naechste-runde\/"},"author":{"name":"Cornelia Gerlach","@id":"https:\/\/amalberlin.de\/de\/#\/schema\/person\/b38c2d45c0eb9b9e994801d3f87a2247"},"headline":"Amal geht in die n\u00e4chste Runde","datePublished":"2025-08-12T08:56:37+00:00","dateModified":"2025-09-12T12:54:27+00:00","mainEntityOfPage":{"@id":"https:\/\/amalberlin.de\/de\/2025\/08\/12\/amal-geht-in-die-naechste-runde\/"},"wordCount":301,"publisher":{"@id":"https:\/\/amalberlin.de\/de\/#organization"},"image":{"@id":"https:\/\/amalberlin.de\/de\/2025\/08\/12\/amal-geht-in-die-naechste-runde\/#primaryimage"},"thumbnailUrl":"https:\/\/amalberlin.de\/wp-content\/uploads\/sites\/3\/2025\/08\/00481115.jpg","keywords":["Amal","AMIF","KI"],"articleSection":["Themen diese Woche"],"inLanguage":"de"},{"@type":"WebPage","@id":"https:\/\/amalberlin.de\/de\/2025\/08\/12\/amal-geht-in-die-naechste-runde\/","url":"https:\/\/amalberlin.de\/de\/2025\/08\/12\/amal-geht-in-die-naechste-runde\/","name":"Amal geht in die n\u00e4chste Runde - Amal, Berlin!","isPartOf":{"@id":"https:\/\/amalberlin.de\/de\/#website"},"primaryImageOfPage":{"@id":"https:\/\/amalberlin.de\/de\/2025\/08\/12\/amal-geht-in-die-naechste-runde\/#primaryimage"},"image":{"@id":"https:\/\/amalberlin.de\/de\/2025\/08\/12\/amal-geht-in-die-naechste-runde\/#primaryimage"},"thumbnailUrl":"https:\/\/amalberlin.de\/wp-content\/uploads\/sites\/3\/2025\/08\/00481115.jpg","datePublished":"2025-08-12T08:56:37+00:00","dateModified":"2025-09-12T12:54:27+00:00","description":"Die Amal-Redaktion kann mit dem Aufbau einer KI-gest\u00fctzten Nachrichte-Plattform beginnen. Sie bekommt daf\u00fcr Mittel aus dem Asyl-, Migrations- und Integrationsfond AMIF.","breadcrumb":{"@id":"https:\/\/amalberlin.de\/de\/2025\/08\/12\/amal-geht-in-die-naechste-runde\/#breadcrumb"},"inLanguage":"de","potentialAction":[{"@type":"ReadAction","target":["https:\/\/amalberlin.de\/de\/2025\/08\/12\/amal-geht-in-die-naechste-runde\/"]}]},{"@type":"ImageObject","inLanguage":"de","@id":"https:\/\/amalberlin.de\/de\/2025\/08\/12\/amal-geht-in-die-naechste-runde\/#primaryimage","url":"https:\/\/amalberlin.de\/wp-content\/uploads\/sites\/3\/2025\/08\/00481115.jpg","contentUrl":"https:\/\/amalberlin.de\/wp-content\/uploads\/sites\/3\/2025\/08\/00481115.jpg","width":700,"height":465,"caption":"Die \"Amal, Frankfurt!\" Redaktion (Foto vom 18.01.2023). Am Dienstag (10.01.2023) startete das Online-Portal \"Amal, Frankfurt!\" mit lokalen Nachrichten aus Frankfurt am Main und Umgebung auf Arabisch, Persisch und Ukrainisch. Bereits seit 2016 bietet die Nachrichtenplattform \"Amal, Berlin!\" den Angaben zufolge lokale Nachrichten in den Sprachen Arabisch, Farsi\/Dari und Deutsch, 2019 folgte \"Amal, Hamburg!\". Aktuell, verlaesslich und professionell berichte \"Amal\" ueber alles, was in den jeweiligen Staedten wichtig sei, hiess es weiter: Politik, Kultur und das Neueste aus den Communitys der Neuangekommenen. \"Amal\" ist Arabisch und bedeutet uebersetzt \"Hoffnung\". Die Nachrichten sind auf www.amalfrankfurt.de abrufbar."},{"@type":"BreadcrumbList","@id":"https:\/\/amalberlin.de\/de\/2025\/08\/12\/amal-geht-in-die-naechste-runde\/#breadcrumb","itemListElement":[{"@type":"ListItem","position":1,"name":"Home","item":"https:\/\/amalberlin.de\/de\/"},{"@type":"ListItem","position":2,"name":"Amal geht in die n\u00e4chste Runde"}]},{"@type":"WebSite","@id":"https:\/\/amalberlin.de\/de\/#website","url":"https:\/\/amalberlin.de\/de\/","name":"Amal, Berlin!","description":"","publisher":{"@id":"https:\/\/amalberlin.de\/de\/#organization"},"potentialAction":[{"@type":"SearchAction","target":{"@type":"EntryPoint","urlTemplate":"https:\/\/amalberlin.de\/de\/?s={search_term_string}"},"query-input":{"@type":"PropertyValueSpecification","valueRequired":true,"valueName":"search_term_string"}}],"inLanguage":"de"},{"@type":"Organization","@id":"https:\/\/amalberlin.de\/de\/#organization","name":"Amal, Berlin!","url":"https:\/\/amalberlin.de\/de\/","logo":{"@type":"ImageObject","inLanguage":"de","@id":"https:\/\/amalberlin.de\/de\/#\/schema\/logo\/image\/","url":"https:\/\/amalberlin.de\/wp-content\/uploads\/sites\/3\/2020\/09\/LOGO_AMAL-Berlin_Final-01.jpg","contentUrl":"https:\/\/amalberlin.de\/wp-content\/uploads\/sites\/3\/2020\/09\/LOGO_AMAL-Berlin_Final-01.jpg","width":250,"height":220,"caption":"Amal, Berlin!"},"image":{"@id":"https:\/\/amalberlin.de\/de\/#\/schema\/logo\/image\/"},"sameAs":["https:\/\/www.facebook.com\/AmalBerlinNews\/","https:\/\/www.instagram.com\/amalberlin\/?hl=en","https:\/\/www.youtube.com\/channel\/UCTDDzpr6EmhT1wLO0hszrrg"]},{"@type":"Person","@id":"https:\/\/amalberlin.de\/de\/#\/schema\/person\/b38c2d45c0eb9b9e994801d3f87a2247","name":"Cornelia Gerlach","image":{"@type":"ImageObject","inLanguage":"de","@id":"https:\/\/amalberlin.de\/wp-content\/uploads\/sites\/3\/2023\/01\/Conny_AhamadKalaji2023_DSC0591-klein-125x125.jpg","url":"https:\/\/amalberlin.de\/wp-content\/uploads\/sites\/3\/2023\/01\/Conny_AhamadKalaji2023_DSC0591-klein-125x125.jpg","contentUrl":"https:\/\/amalberlin.de\/wp-content\/uploads\/sites\/3\/2023\/01\/Conny_AhamadKalaji2023_DSC0591-klein-125x125.jpg","caption":"Cornelia Gerlach"},"description":"Cornelia Gerlach ist Projektleiterin bei Amal, Berlin! Daneben arbeitet sie als freie Journalistin und Dozentin f\u00fcr Reportage und Storytelling.","url":"https:\/\/amalberlin.de\/de\/author\/conny\/"}]}},"_links":{"self":[{"href":"https:\/\/amalberlin.de\/de\/wp-json\/wp\/v2\/posts\/278478","targetHints":{"allow":["GET"]}}],"collection":[{"href":"https:\/\/amalberlin.de\/de\/wp-json\/wp\/v2\/posts"}],"about":[{"href":"https:\/\/amalberlin.de\/de\/wp-json\/wp\/v2\/types\/post"}],"author":[{"embeddable":true,"href":"https:\/\/amalberlin.de\/de\/wp-json\/wp\/v2\/users\/10"}],"replies":[{"embeddable":true,"href":"https:\/\/amalberlin.de\/de\/wp-json\/wp\/v2\/comments?post=278478"}],"version-history":[{"count":3,"href":"https:\/\/amalberlin.de\/de\/wp-json\/wp\/v2\/posts\/278478\/revisions"}],"predecessor-version":[{"id":278519,"href":"https:\/\/amalberlin.de\/de\/wp-json\/wp\/v2\/posts\/278478\/revisions\/278519"}],"wp:featuredmedia":[{"embeddable":true,"href":"https:\/\/amalberlin.de\/de\/wp-json\/wp\/v2\/media\/278513"}],"wp:attachment":[{"href":"https:\/\/amalberlin.de\/de\/wp-json\/wp\/v2\/media?parent=278478"}],"wp:term":[{"taxonomy":"category","embeddable":true,"href":"https:\/\/amalberlin.de\/de\/wp-json\/wp\/v2\/categories?post=278478"},{"taxonomy":"post_tag","embeddable":true,"href":"https:\/\/amalberlin.de\/de\/wp-json\/wp\/v2\/tags?post=278478"}],"curies":[{"name":"wp","href":"https:\/\/api.w.org\/{rel}","templated":true}]}}