{"id":275509,"date":"2025-07-04T10:27:58","date_gmt":"2025-07-04T08:27:58","guid":{"rendered":"https:\/\/amalberlin.de\/?p=275509"},"modified":"2025-07-04T10:27:58","modified_gmt":"2025-07-04T08:27:58","slug":"saidnaya-eine-wunde-im-koerper-der-nation","status":"publish","type":"post","link":"https:\/\/amalberlin.de\/de\/2025\/07\/04\/saidnaya-eine-wunde-im-koerper-der-nation\/","title":{"rendered":"Saidnaya \u2013 eine Wunde im K\u00f6rper der Nation"},"content":{"rendered":"<p>Am Eingang zum Gef\u00e4ngnis stand ein junger Mann, mit der Waffe \u00fcber der Schulter und mit einem L\u00e4cheln im Gesicht. Ich fragte ihn, wie er sich heute hier f\u00fchle. Hier in Saidnaya,\u00a0 dem ehemaligen Foltergef\u00e4ngnis von Syrien, wo Zehntausende, vielleicht sogar Hunderttausende ermordet worden sind. Hier, wo er jetzt stand, hofften fr\u00fcher Menschen auf vergeblich, etwas \u00fcber ihre Angeh\u00f6rigen zu erfahren. Wie ist das, heute, nach dem Fall des Assad-Regimes hier zu stehen? Der Junge sah mich an. Ruhig antwortete er: \u201eGott sei meinem Vater gn\u00e4dig.\u201c Mehr sagte er nicht, doch dieser Satz brachte den Schmerz Tausender Syrer zum Ausdruck, die in Saidnaya jemanden verloren haben.<\/p>\n<p>&nbsp;<\/p>\n<div id=\"attachment_275284\" style=\"width: 179px\" class=\"wp-caption alignright\"><img loading=\"lazy\" decoding=\"async\" aria-describedby=\"caption-attachment-275284\" class=\"size-medium wp-image-275284\" src=\"https:\/\/amalberlin.de\/wp-content\/uploads\/sites\/3\/2025\/07\/\u0632\u0646\u0627\u0632\u064a\u0646-169x300.jpg\" alt=\"@Amloud Alamir\" width=\"169\" height=\"300\" srcset=\"https:\/\/amalberlin.de\/wp-content\/uploads\/sites\/3\/2025\/07\/\u0632\u0646\u0627\u0632\u064a\u0646-169x300.jpg 169w, https:\/\/amalberlin.de\/wp-content\/uploads\/sites\/3\/2025\/07\/\u0632\u0646\u0627\u0632\u064a\u0646-576x1024.jpg 576w, https:\/\/amalberlin.de\/wp-content\/uploads\/sites\/3\/2025\/07\/\u0632\u0646\u0627\u0632\u064a\u0646-768x1365.jpg 768w, https:\/\/amalberlin.de\/wp-content\/uploads\/sites\/3\/2025\/07\/\u0632\u0646\u0627\u0632\u064a\u0646-864x1536.jpg 864w, https:\/\/amalberlin.de\/wp-content\/uploads\/sites\/3\/2025\/07\/\u0632\u0646\u0627\u0632\u064a\u0646.jpg 1134w\" sizes=\"auto, (max-width: 169px) 100vw, 169px\" \/><p id=\"caption-attachment-275284\" class=\"wp-caption-text\">\u064e@Amloud Alamir<\/p><\/div>\n<p>Ich war in den Bus gestiegen und nach Saidnaya gefahren, um ein St\u00fcck der Geschichte meines Landes zu suchen. Schon auf dem Weg war Angst in mein Herz gekrochen, wie ein Rauchw\u00f6lkchen, das langsam in einem geschlossenen Raum aufsteigt. Die Angst war gen\u00e4hrt von den Tausenden Geschichten, die meine Landsleute \u00fcber diesen Ort erz\u00e4hlen. Die Fahrt schien sich in die L\u00e4nge zu ziehen, als w\u00fcrde ich nicht in ein Gef\u00e4ngnis, sondern in ein stilles Grab fahren.<\/p>\n<p>&nbsp;<\/p>\n<p>Der bewaffnete junge Mann hatte mich angehalten, zusammen mit seinem Kollegen durchsuchten sie meine Papiere. Ich hatte mir ein Schreiben des Informationsministeriums besorgt. Doch das reichte nicht, um passieren zu d\u00fcrfen. Ich musste warten, bis auch das Innenministerium mir den Zutritt genehmigte. Und so kam ich mit dem jungen Mann ins Gespr\u00e4ch. Er erz\u00e4hlte mir, dass er zuvor in Idlib mit Hay&#8217;at Tahrir al-Sham gek\u00e4mpft hatte, mit den Truppen, die im Dezember 2024 das Assad-Regime gest\u00fcrzt haben. Er war aus Wut Soldat geworden: Sein Vater war verhaftet und nach Sednaya gebracht worden. Er hatte nie wieder von ihm geh\u00f6rt. Das hatte ihn veranlasst, zu den Waffen zu greifen.<\/p>\n<p>&nbsp;<\/p>\n<p>Jetzt, nach dem Ende der Diktatur, will er wie viele junge M\u00e4nner, lernen, leben und tr\u00e4umen. Er sagt: \u201eIch m\u00f6chte Geographie studieren und um die Welt reisen.\u201c<\/p>\n<p>&nbsp;<\/p>\n<p>W\u00e4hrend wir dort standen, gingen mir die Tage im Dezember 2024 durch den Kopf. Es waren schmerzhafte Tage. Assad war gerade gest\u00fcrzt. Sehns\u00fcchtig warteten wir auf die Videos, die Keller und Geheimr\u00e4ume des Gef\u00e4ngnisses dokumentierten. Wir tr\u00e4umten davon, dass sich eine T\u00fcr \u00f6ffnete und ein Sohn, ein Vater oder ein Freund heraustrat. Niemand wei\u00df, ob es bis heute immer noch T\u00fcren gibt, die noch nicht ge\u00f6ffnet wurden. Und wenn ja, wie viele Seelen sind in der Dunkelheit dahinter umgekommen?<\/p>\n<p>&nbsp;<\/p>\n<p>Ja, Tausende Gefangene wurden nach dem Ende der Diktatur freigelassen. Aber viele verlie\u00dfen die Zellen ohne Erinnerung, sie sind desorientiert oder psychisch zerr\u00fcttet. Laut einem Bericht der Weltgesundheitsorganisation aus dem Jahr 2019 leiden 65 Prozent der aus syrischen Gef\u00e4ngnissen Entlassenen an einer posttraumatischen Belastungsst\u00f6rung und 40 Prozent an vor\u00fcbergehendem Ged\u00e4chtnisverlust.<\/p>\n<p>&nbsp;<\/p>\n<p>Als ich endlich meine Genehmigung hatte, eilte ich zum Geb\u00e4ude, betrat die Zellen und suchte nach Geschichten, die mir ihre Gitterst\u00e4be erz\u00e4hlen k\u00f6nnten. In einer Zelle fand ich eine Prothese, sie lag auf dem Boden. Ich stellte mir den Besitzer vor, wie er auf einem Bein h\u00fcpfte, sich an jemanden lehnte \u2013 oder vielleicht kroch. Als die Freiheit an seine Zellent\u00fcr klopfte, hatte er keine Zeit, die Prothese anzulegen, die ihn zuvor lange getragen hatte.<\/p>\n<p>&nbsp;<\/p>\n<p>In den Kellern sah ich viele Einzelzellen. Die W\u00e4nde waren von Spinnen befallen. Sie strahlten nur Tod aus. Der Gestank erstickte meine Gedanken. Ich suchte die Folterkammern, sie waren wahrscheinlich ganz in der N\u00e4he, aber ich konnte sie nicht finden. Ich rannte nach oben, um Luft zu holen \u2013 und pl\u00f6tzlich roch ich Brot. Ich war erstaunt, wie mein Geist inmitten dieser D\u00fcsternis den Duft von Leben und sch\u00f6nen Erinnerungen heraufbeschw\u00f6ren konnte.<\/p>\n<p>&nbsp;<\/p>\n<p>Ich ging ein paar Schritte und fand eine kleine B\u00e4ckerei. Mehls\u00e4cke lagen auf dem Boden. Der Geruch war keine Illusion \u2013 er war real. Es war kein Trick von meinem Verstand, der mich retten wollte.<\/p>\n<p>&nbsp;<\/p>\n<p>Saidnaya ist kein Geb\u00e4ude. Es ist eine Wunde im K\u00f6rper der Nation.<\/p>\n<p>&nbsp;<\/p>\n<div id=\"attachment_275294\" style=\"width: 179px\" class=\"wp-caption alignright\"><img loading=\"lazy\" decoding=\"async\" aria-describedby=\"caption-attachment-275294\" class=\"size-medium wp-image-275294\" src=\"https:\/\/amalberlin.de\/wp-content\/uploads\/sites\/3\/2025\/07\/\u0639\u0646\u0643\u0628\u0648\u062a-169x300.jpg\" alt=\"Amloud Alamir@\" width=\"169\" height=\"300\" srcset=\"https:\/\/amalberlin.de\/wp-content\/uploads\/sites\/3\/2025\/07\/\u0639\u0646\u0643\u0628\u0648\u062a-169x300.jpg 169w, https:\/\/amalberlin.de\/wp-content\/uploads\/sites\/3\/2025\/07\/\u0639\u0646\u0643\u0628\u0648\u062a-576x1024.jpg 576w, https:\/\/amalberlin.de\/wp-content\/uploads\/sites\/3\/2025\/07\/\u0639\u0646\u0643\u0628\u0648\u062a-768x1365.jpg 768w, https:\/\/amalberlin.de\/wp-content\/uploads\/sites\/3\/2025\/07\/\u0639\u0646\u0643\u0628\u0648\u062a-864x1536.jpg 864w, https:\/\/amalberlin.de\/wp-content\/uploads\/sites\/3\/2025\/07\/\u0639\u0646\u0643\u0628\u0648\u062a.jpg 1134w\" sizes=\"auto, (max-width: 169px) 100vw, 169px\" \/><p id=\"caption-attachment-275294\" class=\"wp-caption-text\">Amloud Alamir@<\/p><\/div>\n<p>Ich setzte mich auf einen Stein vor dem Eingang und versuchte zu Atem zu kommen, meine Brust von der Last zu befreien. Mein Blick fiel auf die vielen verstreuten Decken \u2013 ich erinnerte mich an die langen Tage des Wartens, die Familien drau\u00dfen verbracht hatten, in der Hoffnung, ihre Kinder wiederzusehen. Manche trafen sie wieder. Andere gingen schweigend \u2013 lautlos, gesichtslos.<\/p>\n<p>&nbsp;<\/p>\n<p>In diesen Stunden und Tagen entglitt manchen Familien die Hoffnung wie Sand. Andere aber hielten daran fest \u2013 wie man sich an das Brot f\u00fcr morgen klammert. Doch Brot war nicht f\u00fcr alle da.<\/p>\n<p>&nbsp;<\/p>\n<p>Nach ein paar Stunden an diesem Ort geschah etwas in mir. Was also geschah mit denen, die hier durchkamen, ob Henker oder Opfer? Jeder, der hier seinen Fu\u00df setzte, ging mit einer verletzten Seele.<\/p>\n<p>&nbsp;<\/p>\n<p>Saidnaya ist nicht nur ein Gef\u00e4ngnis. Es ist ein Lager f\u00fcr den Schmerz einer ganzen Nation \u2013 ein Ort, an dem Gerechtigkeit starb und Brutalit\u00e4t \u00fcberlebte. Das Geb\u00e4ude mag befreit worden sein. Aber ist der Schmerz vorbei? Nein. Eine Nation kann eine so tiefe Wunde nicht heilen, ohne dass Gerechtigkeit herrscht \u2013 und anschlie\u00dfend Rechenschaft abgelegt wird.<\/p>\n<p>&nbsp;<\/p>\n<p>Ich fragte die beiden Soldaten am Eingang, ob sie seit den Tagen der Befreiung hier gewesen seien. Der J\u00fcngere antwortete, er habe diesen Posten erst vor wenigen Wochen angetreten. Ich betrachtete sein Gewehr und fragte schnell: \u201eWie lange tr\u00e4gst Du schon eine Waffe?\u201c Er lachte und sagte: \u201eSeit meiner Kindheit.\u201c Ich fragte: \u201eUnd was willst du jetzt machen? Bleibst du hier?\u201c Er antwortete mit einem breiten L\u00e4cheln: \u201eNein, ich habe angefangen Informatik zu studieren.\u201c<\/p>\n<p>&nbsp;<\/p>\n<p>Text und Fotos: Amloud Alamir<\/p>\n","protected":false},"excerpt":{"rendered":"<p>Am Eingang zum Gef\u00e4ngnis stand ein junger Mann, mit der Waffe \u00fcber der Schulter und mit einem L\u00e4cheln im Gesicht. Ich fragte ihn, wie er sich heute hier f\u00fchle. Hier in Saidnaya,\u00a0 dem ehemaligen Foltergef\u00e4ngnis von Syrien, wo Zehntausende, vielleicht sogar Hunderttausende ermordet worden sind. Hier, wo er jetzt stand, hofften fr\u00fcher Menschen auf vergeblich,&#8230;  <a class=\"excerpt-read-more\" href=\"https:\/\/amalberlin.de\/de\/2025\/07\/04\/saidnaya-eine-wunde-im-koerper-der-nation\/\" title=\"Read Saidnaya \u2013 eine Wunde im K\u00f6rper der Nation\">Weiter &raquo;<\/a><\/p>\n","protected":false},"author":10,"featured_media":275288,"comment_status":"closed","ping_status":"open","sticky":false,"template":"","format":"standard","meta":{"_acf_changed":false,"footnotes":""},"categories":[7838,24],"tags":[17714,10943,17713,924],"class_list":["post-275509","post","type-post","status-publish","format-standard","has-post-thumbnail","hentry","category-beitraege-auf-deutsch","category-unkategorisiert","tag-diktatur","tag-folter-de","tag-saidnaya","tag-syrien"],"acf":[],"yoast_head":"<!-- This site is optimized with the Yoast SEO plugin v27.5 - https:\/\/yoast.com\/product\/yoast-seo-wordpress\/ -->\n<title>Saidnaya \u2013 eine Wunde im K\u00f6rper der Nation - Amal, Berlin!<\/title>\n<meta name=\"robots\" content=\"index, follow, max-snippet:-1, max-image-preview:large, max-video-preview:-1\" \/>\n<link rel=\"canonical\" href=\"https:\/\/amalberlin.de\/de\/2025\/07\/04\/saidnaya-eine-wunde-im-koerper-der-nation\/\" \/>\n<meta property=\"og:locale\" content=\"de_DE\" \/>\n<meta property=\"og:type\" content=\"article\" \/>\n<meta property=\"og:title\" content=\"Saidnaya \u2013 eine Wunde im K\u00f6rper der Nation - Amal, Berlin!\" \/>\n<meta property=\"og:description\" content=\"Am Eingang zum Gef\u00e4ngnis stand ein junger Mann, mit der Waffe \u00fcber der Schulter und mit einem L\u00e4cheln im Gesicht. Ich fragte ihn, wie er sich heute hier f\u00fchle. Hier in Saidnaya,\u00a0 dem ehemaligen Foltergef\u00e4ngnis von Syrien, wo Zehntausende, vielleicht sogar Hunderttausende ermordet worden sind. Hier, wo er jetzt stand, hofften fr\u00fcher Menschen auf vergeblich,... Weiter &raquo;\" \/>\n<meta property=\"og:url\" content=\"https:\/\/amalberlin.de\/de\/2025\/07\/04\/saidnaya-eine-wunde-im-koerper-der-nation\/\" \/>\n<meta property=\"og:site_name\" content=\"Amal, Berlin!\" \/>\n<meta property=\"article:publisher\" content=\"https:\/\/www.facebook.com\/AmalBerlinNews\/\" \/>\n<meta property=\"article:published_time\" content=\"2025-07-04T08:27:58+00:00\" \/>\n<meta property=\"og:image\" content=\"https:\/\/amalberlin.de\/wp-content\/uploads\/sites\/3\/2025\/07\/\u0642\u062f\u0645.jpg\" \/>\n\t<meta property=\"og:image:width\" content=\"2016\" \/>\n\t<meta property=\"og:image:height\" content=\"1134\" \/>\n\t<meta property=\"og:image:type\" content=\"image\/jpeg\" \/>\n<meta name=\"author\" content=\"Cornelia Gerlach\" \/>\n<meta name=\"twitter:card\" content=\"summary_large_image\" \/>\n<meta name=\"twitter:label1\" content=\"Verfasst von\" \/>\n\t<meta name=\"twitter:data1\" content=\"Cornelia Gerlach\" \/>\n\t<meta name=\"twitter:label2\" content=\"Gesch\u00e4tzte Lesezeit\" \/>\n\t<meta name=\"twitter:data2\" content=\"6\u00a0Minuten\" \/>\n<script type=\"application\/ld+json\" class=\"yoast-schema-graph\">{\"@context\":\"https:\\\/\\\/schema.org\",\"@graph\":[{\"@type\":\"Article\",\"@id\":\"https:\\\/\\\/amalberlin.de\\\/de\\\/2025\\\/07\\\/04\\\/saidnaya-eine-wunde-im-koerper-der-nation\\\/#article\",\"isPartOf\":{\"@id\":\"https:\\\/\\\/amalberlin.de\\\/de\\\/2025\\\/07\\\/04\\\/saidnaya-eine-wunde-im-koerper-der-nation\\\/\"},\"author\":{\"name\":\"Cornelia Gerlach\",\"@id\":\"https:\\\/\\\/amalberlin.de\\\/de\\\/#\\\/schema\\\/person\\\/b38c2d45c0eb9b9e994801d3f87a2247\"},\"headline\":\"Saidnaya \u2013 eine Wunde im K\u00f6rper der Nation\",\"datePublished\":\"2025-07-04T08:27:58+00:00\",\"mainEntityOfPage\":{\"@id\":\"https:\\\/\\\/amalberlin.de\\\/de\\\/2025\\\/07\\\/04\\\/saidnaya-eine-wunde-im-koerper-der-nation\\\/\"},\"wordCount\":1000,\"publisher\":{\"@id\":\"https:\\\/\\\/amalberlin.de\\\/de\\\/#organization\"},\"image\":{\"@id\":\"https:\\\/\\\/amalberlin.de\\\/de\\\/2025\\\/07\\\/04\\\/saidnaya-eine-wunde-im-koerper-der-nation\\\/#primaryimage\"},\"thumbnailUrl\":\"https:\\\/\\\/amalberlin.de\\\/wp-content\\\/uploads\\\/sites\\\/3\\\/2025\\\/07\\\/\u0642\u062f\u0645.jpg\",\"keywords\":[\"Diktatur\",\"Folter\",\"Saidnaya\",\"Syrien\"],\"articleSection\":[\"Beitr\u00e4ge auf Deutsch\",\"Unkategorisiert\"],\"inLanguage\":\"de\"},{\"@type\":\"WebPage\",\"@id\":\"https:\\\/\\\/amalberlin.de\\\/de\\\/2025\\\/07\\\/04\\\/saidnaya-eine-wunde-im-koerper-der-nation\\\/\",\"url\":\"https:\\\/\\\/amalberlin.de\\\/de\\\/2025\\\/07\\\/04\\\/saidnaya-eine-wunde-im-koerper-der-nation\\\/\",\"name\":\"Saidnaya \u2013 eine Wunde im K\u00f6rper der Nation - Amal, Berlin!\",\"isPartOf\":{\"@id\":\"https:\\\/\\\/amalberlin.de\\\/de\\\/#website\"},\"primaryImageOfPage\":{\"@id\":\"https:\\\/\\\/amalberlin.de\\\/de\\\/2025\\\/07\\\/04\\\/saidnaya-eine-wunde-im-koerper-der-nation\\\/#primaryimage\"},\"image\":{\"@id\":\"https:\\\/\\\/amalberlin.de\\\/de\\\/2025\\\/07\\\/04\\\/saidnaya-eine-wunde-im-koerper-der-nation\\\/#primaryimage\"},\"thumbnailUrl\":\"https:\\\/\\\/amalberlin.de\\\/wp-content\\\/uploads\\\/sites\\\/3\\\/2025\\\/07\\\/\u0642\u062f\u0645.jpg\",\"datePublished\":\"2025-07-04T08:27:58+00:00\",\"breadcrumb\":{\"@id\":\"https:\\\/\\\/amalberlin.de\\\/de\\\/2025\\\/07\\\/04\\\/saidnaya-eine-wunde-im-koerper-der-nation\\\/#breadcrumb\"},\"inLanguage\":\"de\",\"potentialAction\":[{\"@type\":\"ReadAction\",\"target\":[\"https:\\\/\\\/amalberlin.de\\\/de\\\/2025\\\/07\\\/04\\\/saidnaya-eine-wunde-im-koerper-der-nation\\\/\"]}]},{\"@type\":\"ImageObject\",\"inLanguage\":\"de\",\"@id\":\"https:\\\/\\\/amalberlin.de\\\/de\\\/2025\\\/07\\\/04\\\/saidnaya-eine-wunde-im-koerper-der-nation\\\/#primaryimage\",\"url\":\"https:\\\/\\\/amalberlin.de\\\/wp-content\\\/uploads\\\/sites\\\/3\\\/2025\\\/07\\\/\u0642\u062f\u0645.jpg\",\"contentUrl\":\"https:\\\/\\\/amalberlin.de\\\/wp-content\\\/uploads\\\/sites\\\/3\\\/2025\\\/07\\\/\u0642\u062f\u0645.jpg\",\"width\":2016,\"height\":1134,\"caption\":\"@Amloud Alamir\"},{\"@type\":\"BreadcrumbList\",\"@id\":\"https:\\\/\\\/amalberlin.de\\\/de\\\/2025\\\/07\\\/04\\\/saidnaya-eine-wunde-im-koerper-der-nation\\\/#breadcrumb\",\"itemListElement\":[{\"@type\":\"ListItem\",\"position\":1,\"name\":\"Home\",\"item\":\"https:\\\/\\\/amalberlin.de\\\/de\\\/\"},{\"@type\":\"ListItem\",\"position\":2,\"name\":\"Saidnaya \u2013 eine Wunde im K\u00f6rper der Nation\"}]},{\"@type\":\"WebSite\",\"@id\":\"https:\\\/\\\/amalberlin.de\\\/de\\\/#website\",\"url\":\"https:\\\/\\\/amalberlin.de\\\/de\\\/\",\"name\":\"Amal, Berlin!\",\"description\":\"\",\"publisher\":{\"@id\":\"https:\\\/\\\/amalberlin.de\\\/de\\\/#organization\"},\"potentialAction\":[{\"@type\":\"SearchAction\",\"target\":{\"@type\":\"EntryPoint\",\"urlTemplate\":\"https:\\\/\\\/amalberlin.de\\\/de\\\/?s={search_term_string}\"},\"query-input\":{\"@type\":\"PropertyValueSpecification\",\"valueRequired\":true,\"valueName\":\"search_term_string\"}}],\"inLanguage\":\"de\"},{\"@type\":\"Organization\",\"@id\":\"https:\\\/\\\/amalberlin.de\\\/de\\\/#organization\",\"name\":\"Amal, Berlin!\",\"url\":\"https:\\\/\\\/amalberlin.de\\\/de\\\/\",\"logo\":{\"@type\":\"ImageObject\",\"inLanguage\":\"de\",\"@id\":\"https:\\\/\\\/amalberlin.de\\\/de\\\/#\\\/schema\\\/logo\\\/image\\\/\",\"url\":\"https:\\\/\\\/amalberlin.de\\\/wp-content\\\/uploads\\\/sites\\\/3\\\/2020\\\/09\\\/LOGO_AMAL-Berlin_Final-01.jpg\",\"contentUrl\":\"https:\\\/\\\/amalberlin.de\\\/wp-content\\\/uploads\\\/sites\\\/3\\\/2020\\\/09\\\/LOGO_AMAL-Berlin_Final-01.jpg\",\"width\":250,\"height\":220,\"caption\":\"Amal, Berlin!\"},\"image\":{\"@id\":\"https:\\\/\\\/amalberlin.de\\\/de\\\/#\\\/schema\\\/logo\\\/image\\\/\"},\"sameAs\":[\"https:\\\/\\\/www.facebook.com\\\/AmalBerlinNews\\\/\",\"https:\\\/\\\/www.instagram.com\\\/amalberlin\\\/?hl=en\",\"https:\\\/\\\/www.youtube.com\\\/channel\\\/UCTDDzpr6EmhT1wLO0hszrrg\"]},{\"@type\":\"Person\",\"@id\":\"https:\\\/\\\/amalberlin.de\\\/de\\\/#\\\/schema\\\/person\\\/b38c2d45c0eb9b9e994801d3f87a2247\",\"name\":\"Cornelia Gerlach\",\"image\":{\"@type\":\"ImageObject\",\"inLanguage\":\"de\",\"@id\":\"https:\\\/\\\/amalberlin.de\\\/wp-content\\\/uploads\\\/sites\\\/3\\\/2023\\\/01\\\/Conny_AhamadKalaji2023_DSC0591-klein-125x125.jpg\",\"url\":\"https:\\\/\\\/amalberlin.de\\\/wp-content\\\/uploads\\\/sites\\\/3\\\/2023\\\/01\\\/Conny_AhamadKalaji2023_DSC0591-klein-125x125.jpg\",\"contentUrl\":\"https:\\\/\\\/amalberlin.de\\\/wp-content\\\/uploads\\\/sites\\\/3\\\/2023\\\/01\\\/Conny_AhamadKalaji2023_DSC0591-klein-125x125.jpg\",\"caption\":\"Cornelia Gerlach\"},\"description\":\"Cornelia Gerlach ist Projektleiterin bei Amal, Berlin! Daneben arbeitet sie als freie Journalistin und Dozentin f\u00fcr Reportage und Storytelling.\",\"url\":\"https:\\\/\\\/amalberlin.de\\\/de\\\/author\\\/conny\\\/\"}]}<\/script>\n<!-- \/ Yoast SEO plugin. -->","yoast_head_json":{"title":"Saidnaya \u2013 eine Wunde im K\u00f6rper der Nation - Amal, Berlin!","robots":{"index":"index","follow":"follow","max-snippet":"max-snippet:-1","max-image-preview":"max-image-preview:large","max-video-preview":"max-video-preview:-1"},"canonical":"https:\/\/amalberlin.de\/de\/2025\/07\/04\/saidnaya-eine-wunde-im-koerper-der-nation\/","og_locale":"de_DE","og_type":"article","og_title":"Saidnaya \u2013 eine Wunde im K\u00f6rper der Nation - Amal, Berlin!","og_description":"Am Eingang zum Gef\u00e4ngnis stand ein junger Mann, mit der Waffe \u00fcber der Schulter und mit einem L\u00e4cheln im Gesicht. Ich fragte ihn, wie er sich heute hier f\u00fchle. Hier in Saidnaya,\u00a0 dem ehemaligen Foltergef\u00e4ngnis von Syrien, wo Zehntausende, vielleicht sogar Hunderttausende ermordet worden sind. Hier, wo er jetzt stand, hofften fr\u00fcher Menschen auf vergeblich,... Weiter &raquo;","og_url":"https:\/\/amalberlin.de\/de\/2025\/07\/04\/saidnaya-eine-wunde-im-koerper-der-nation\/","og_site_name":"Amal, Berlin!","article_publisher":"https:\/\/www.facebook.com\/AmalBerlinNews\/","article_published_time":"2025-07-04T08:27:58+00:00","og_image":[{"width":2016,"height":1134,"url":"https:\/\/amalberlin.de\/wp-content\/uploads\/sites\/3\/2025\/07\/\u0642\u062f\u0645.jpg","type":"image\/jpeg"}],"author":"Cornelia Gerlach","twitter_card":"summary_large_image","twitter_misc":{"Verfasst von":"Cornelia Gerlach","Gesch\u00e4tzte Lesezeit":"6\u00a0Minuten"},"schema":{"@context":"https:\/\/schema.org","@graph":[{"@type":"Article","@id":"https:\/\/amalberlin.de\/de\/2025\/07\/04\/saidnaya-eine-wunde-im-koerper-der-nation\/#article","isPartOf":{"@id":"https:\/\/amalberlin.de\/de\/2025\/07\/04\/saidnaya-eine-wunde-im-koerper-der-nation\/"},"author":{"name":"Cornelia Gerlach","@id":"https:\/\/amalberlin.de\/de\/#\/schema\/person\/b38c2d45c0eb9b9e994801d3f87a2247"},"headline":"Saidnaya \u2013 eine Wunde im K\u00f6rper der Nation","datePublished":"2025-07-04T08:27:58+00:00","mainEntityOfPage":{"@id":"https:\/\/amalberlin.de\/de\/2025\/07\/04\/saidnaya-eine-wunde-im-koerper-der-nation\/"},"wordCount":1000,"publisher":{"@id":"https:\/\/amalberlin.de\/de\/#organization"},"image":{"@id":"https:\/\/amalberlin.de\/de\/2025\/07\/04\/saidnaya-eine-wunde-im-koerper-der-nation\/#primaryimage"},"thumbnailUrl":"https:\/\/amalberlin.de\/wp-content\/uploads\/sites\/3\/2025\/07\/\u0642\u062f\u0645.jpg","keywords":["Diktatur","Folter","Saidnaya","Syrien"],"articleSection":["Beitr\u00e4ge auf Deutsch","Unkategorisiert"],"inLanguage":"de"},{"@type":"WebPage","@id":"https:\/\/amalberlin.de\/de\/2025\/07\/04\/saidnaya-eine-wunde-im-koerper-der-nation\/","url":"https:\/\/amalberlin.de\/de\/2025\/07\/04\/saidnaya-eine-wunde-im-koerper-der-nation\/","name":"Saidnaya \u2013 eine Wunde im K\u00f6rper der Nation - Amal, Berlin!","isPartOf":{"@id":"https:\/\/amalberlin.de\/de\/#website"},"primaryImageOfPage":{"@id":"https:\/\/amalberlin.de\/de\/2025\/07\/04\/saidnaya-eine-wunde-im-koerper-der-nation\/#primaryimage"},"image":{"@id":"https:\/\/amalberlin.de\/de\/2025\/07\/04\/saidnaya-eine-wunde-im-koerper-der-nation\/#primaryimage"},"thumbnailUrl":"https:\/\/amalberlin.de\/wp-content\/uploads\/sites\/3\/2025\/07\/\u0642\u062f\u0645.jpg","datePublished":"2025-07-04T08:27:58+00:00","breadcrumb":{"@id":"https:\/\/amalberlin.de\/de\/2025\/07\/04\/saidnaya-eine-wunde-im-koerper-der-nation\/#breadcrumb"},"inLanguage":"de","potentialAction":[{"@type":"ReadAction","target":["https:\/\/amalberlin.de\/de\/2025\/07\/04\/saidnaya-eine-wunde-im-koerper-der-nation\/"]}]},{"@type":"ImageObject","inLanguage":"de","@id":"https:\/\/amalberlin.de\/de\/2025\/07\/04\/saidnaya-eine-wunde-im-koerper-der-nation\/#primaryimage","url":"https:\/\/amalberlin.de\/wp-content\/uploads\/sites\/3\/2025\/07\/\u0642\u062f\u0645.jpg","contentUrl":"https:\/\/amalberlin.de\/wp-content\/uploads\/sites\/3\/2025\/07\/\u0642\u062f\u0645.jpg","width":2016,"height":1134,"caption":"@Amloud Alamir"},{"@type":"BreadcrumbList","@id":"https:\/\/amalberlin.de\/de\/2025\/07\/04\/saidnaya-eine-wunde-im-koerper-der-nation\/#breadcrumb","itemListElement":[{"@type":"ListItem","position":1,"name":"Home","item":"https:\/\/amalberlin.de\/de\/"},{"@type":"ListItem","position":2,"name":"Saidnaya \u2013 eine Wunde im K\u00f6rper der Nation"}]},{"@type":"WebSite","@id":"https:\/\/amalberlin.de\/de\/#website","url":"https:\/\/amalberlin.de\/de\/","name":"Amal, Berlin!","description":"","publisher":{"@id":"https:\/\/amalberlin.de\/de\/#organization"},"potentialAction":[{"@type":"SearchAction","target":{"@type":"EntryPoint","urlTemplate":"https:\/\/amalberlin.de\/de\/?s={search_term_string}"},"query-input":{"@type":"PropertyValueSpecification","valueRequired":true,"valueName":"search_term_string"}}],"inLanguage":"de"},{"@type":"Organization","@id":"https:\/\/amalberlin.de\/de\/#organization","name":"Amal, Berlin!","url":"https:\/\/amalberlin.de\/de\/","logo":{"@type":"ImageObject","inLanguage":"de","@id":"https:\/\/amalberlin.de\/de\/#\/schema\/logo\/image\/","url":"https:\/\/amalberlin.de\/wp-content\/uploads\/sites\/3\/2020\/09\/LOGO_AMAL-Berlin_Final-01.jpg","contentUrl":"https:\/\/amalberlin.de\/wp-content\/uploads\/sites\/3\/2020\/09\/LOGO_AMAL-Berlin_Final-01.jpg","width":250,"height":220,"caption":"Amal, Berlin!"},"image":{"@id":"https:\/\/amalberlin.de\/de\/#\/schema\/logo\/image\/"},"sameAs":["https:\/\/www.facebook.com\/AmalBerlinNews\/","https:\/\/www.instagram.com\/amalberlin\/?hl=en","https:\/\/www.youtube.com\/channel\/UCTDDzpr6EmhT1wLO0hszrrg"]},{"@type":"Person","@id":"https:\/\/amalberlin.de\/de\/#\/schema\/person\/b38c2d45c0eb9b9e994801d3f87a2247","name":"Cornelia Gerlach","image":{"@type":"ImageObject","inLanguage":"de","@id":"https:\/\/amalberlin.de\/wp-content\/uploads\/sites\/3\/2023\/01\/Conny_AhamadKalaji2023_DSC0591-klein-125x125.jpg","url":"https:\/\/amalberlin.de\/wp-content\/uploads\/sites\/3\/2023\/01\/Conny_AhamadKalaji2023_DSC0591-klein-125x125.jpg","contentUrl":"https:\/\/amalberlin.de\/wp-content\/uploads\/sites\/3\/2023\/01\/Conny_AhamadKalaji2023_DSC0591-klein-125x125.jpg","caption":"Cornelia Gerlach"},"description":"Cornelia Gerlach ist Projektleiterin bei Amal, Berlin! Daneben arbeitet sie als freie Journalistin und Dozentin f\u00fcr Reportage und Storytelling.","url":"https:\/\/amalberlin.de\/de\/author\/conny\/"}]}},"_links":{"self":[{"href":"https:\/\/amalberlin.de\/de\/wp-json\/wp\/v2\/posts\/275509","targetHints":{"allow":["GET"]}}],"collection":[{"href":"https:\/\/amalberlin.de\/de\/wp-json\/wp\/v2\/posts"}],"about":[{"href":"https:\/\/amalberlin.de\/de\/wp-json\/wp\/v2\/types\/post"}],"author":[{"embeddable":true,"href":"https:\/\/amalberlin.de\/de\/wp-json\/wp\/v2\/users\/10"}],"replies":[{"embeddable":true,"href":"https:\/\/amalberlin.de\/de\/wp-json\/wp\/v2\/comments?post=275509"}],"version-history":[{"count":1,"href":"https:\/\/amalberlin.de\/de\/wp-json\/wp\/v2\/posts\/275509\/revisions"}],"predecessor-version":[{"id":275513,"href":"https:\/\/amalberlin.de\/de\/wp-json\/wp\/v2\/posts\/275509\/revisions\/275513"}],"wp:featuredmedia":[{"embeddable":true,"href":"https:\/\/amalberlin.de\/de\/wp-json\/wp\/v2\/media\/275288"}],"wp:attachment":[{"href":"https:\/\/amalberlin.de\/de\/wp-json\/wp\/v2\/media?parent=275509"}],"wp:term":[{"taxonomy":"category","embeddable":true,"href":"https:\/\/amalberlin.de\/de\/wp-json\/wp\/v2\/categories?post=275509"},{"taxonomy":"post_tag","embeddable":true,"href":"https:\/\/amalberlin.de\/de\/wp-json\/wp\/v2\/tags?post=275509"}],"curies":[{"name":"wp","href":"https:\/\/api.w.org\/{rel}","templated":true}]}}