{"id":243741,"date":"2024-08-22T10:29:13","date_gmt":"2024-08-22T08:29:13","guid":{"rendered":"https:\/\/amalberlin.de\/2024\/08\/22\/khadija-khaled-kandidiert-fuer-beirat-in-dresden\/"},"modified":"2024-08-30T13:42:04","modified_gmt":"2024-08-30T11:42:04","slug":"khadija-khaled-kandidiert-fuer-beirat-in-dresden","status":"publish","type":"post","link":"https:\/\/amalberlin.de\/de\/2024\/08\/22\/khadija-khaled-kandidiert-fuer-beirat-in-dresden\/","title":{"rendered":"Khadija Khaled stellt sich zur Wahl in Dresden"},"content":{"rendered":"<p>Khadija Khaled ist 30 Jahre alt, Ingenieurin, kommt aus \u00c4gypten \u2013 und kandidiert f\u00fcr den <a href=\"https:\/\/www.dresden.de\/de\/rathaus\/politik\/stadtrat\/auslaenderbeirat.php?pk_campaign=Shortcut&amp;pk_kwd=Auslaenderbeirat\">Integrations- und Ausl\u00e4nderbeirat<\/a> in Dresden. Die Wahlen finden am 1. September statt. Dies f\u00e4llt mit dem Tag der Landtagswahl im Freistaat Sachsen zusammen. Bis dahin ist Khadija Khaled bei vielen Veranstaltungen in der arabisch Community pr\u00e4sent, um sich vorzustellen und f\u00fcr ihre Ziele zu werben.<\/p>\n<p>Zu den Wahlen zum Integrations- und Ausl\u00e4nderbeirat k\u00f6nnen sich nur Ausl\u00e4nder bewerben, die nicht die deutsche Staatsangeh\u00f6rigkeit besitzen. Die Wahlen finden alle f\u00fcnf Jahre statt. Diesmal gibt es 28 Kandidatinnen und Kandidaten, davon kommen f\u00fcnf aus arabischen L\u00e4ndern.<\/p>\n<p>Khadija ist Ingenieurin im Bereich Solarenergie und lebt seit f\u00fcnfeinhalb Jahren in Deutschland. Ihren Master hat sie am renommierten Fraunhofer-Institut f\u00fcr Erneuerbare Energien in Freiburg absolviert. Sie forschte auf dem Gebiet der Solarzellen und zog dann nach Dresden. Sie befindet sich derzeit im Mutterschaftsurlaub und hat ein eineinhalb Monate altes Baby.<\/p>\n<h2>\u00c4gyptische Kandidatin bei den Wahlen<\/h2>\n<p>Als kopftuchtragende Muslima kennt Khadija die Herausforderungen, vor denen Einwanderinnen, insbesondere wenn sie den Hijab tragen, in Deutschland stehen. Daher h\u00e4lt sie es f\u00fcr sinnvoll, f\u00fcr den Integrations- und Ausl\u00e4nderrat zu kandidieren. Sie m\u00f6chte ein Bindeglied zwischen Einwanderern und Politikern in der Stadt zu sein. Ganz oben auf Khadijas Priorit\u00e4tenliste steht alles, was Frauen und Familie betrifft, da Frauen in Bezug auf Rassismus gr\u00f6\u00dferen Herausforderungen ausgesetzt sind als M\u00e4nner, insbesondere, wenn sie Kopftuch tragen.<\/p>\n<h2>Der schlechte Ruf von Dresden<\/h2>\n<p>Khadija Khaled ist vor anderthalb Jahren mit ihrem Mann nach Dresden gezogen. Sie wusste zun\u00e4chst nicht, dass es die Stadt war, in der 2009 die \u00e4gyptische Apothekerin Marwa El-Sherbini ermordet wurde. Als Khadija davon erfuhr, war sie entsetzt. Marwa El-Sherbini war eine kopftuchtragende \u00c4gypterin und arbeitete in der Forschung \u2013 so wie sie selbst. Besorgt sah Khadija auch, dass es in Dresden so viele Mitglieder der antiislamischen Bewegung Pegida gibt. Die Bewegung wird vom Verfassungsschutz als rechtsextrem eingestuft. Als im Mai die Ergebnisse der Europawahlen bekannt gegeben wurden und den Vormarsch der extremen Rechten zeigten, diskutierte die Familie lange. Sollten sie in Deutschland bleiben? Oder sollten sie sich ein anderes Land zum Leben suchen? Was w\u00fcrden sie tun, wenn die Partei \u201eAlternative f\u00fcr Deutschland\u201c (AfD) bei den bevorstehenden Landtagswahlen noch mehr Stimmen bekommt? Khadija sagt, sie habe Gl\u00fcck \u2013 seit ihrem Umzug nach Dresden sei sie nur einmal einer rassistischen Situation ausgesetzt gewesen. Sie plant, ihr Forschungs- und Doktoratsstudium an der TU Chemnitz abzuschlie\u00dfen, um n\u00e4her an Dresden zu sein.<\/p>\n<h2>Die Leistungen des aktuellen Beirats<\/h2>\n<p>Der Beirat ist das Bindeglied zwischen den in Dresden lebenden Ausl\u00e4ndern, der Kommunalverwaltung und den Regierungsparteien. Er nimmt zu neuen Gesetzen und Verordnungen Stellung und ber\u00e4t die Stadt bei Entscheidungen im Zusammenhang mit Ausl\u00e4ndern. Daher ist es wichtig, dass jede Community einen Vertreter im Rat hat, der ihre Bed\u00fcrfnisse zum Ausdruck bringt. Der Rat besteht aus zwanzig Mitgliedern, davon sind neun Deutsche aus den Regierungsparteien und 11 Mitglieder sind Ausl\u00e4nder. Beispielsweise bespricht die Stadt das Kindergartenbudget mit dem Beirat. Da werden die Herausforderungen und Bed\u00fcrfnisse von Einwandererfamilien mit eingebracht.<\/p>\n<p>Zu den Errungenschaften des aktuellen Gremiums geh\u00f6rte, sich um den Personalmangel bei der Ausl\u00e4nderbeh\u00f6rde zu k\u00fcmmern. Bisher dauerte es etwa 36 Monate, bis ein Antrag auf die deutsche Staatsb\u00fcrgerschaft in der Stadt Dresden bearbeitet war. Daher stellte der Beirat einen Antrag an Oberb\u00fcrgermeister Dirk Hilbert, mehr Personal einzustellen. Vier neue Mitarbeiter wurden bereits eingestellt. Die Bearbeitung der Antr\u00e4ge dauert jetzt 24 Monate.<\/p>\n<p>&nbsp;<\/p>\n<p>Eman Helal<\/p>\n<p>&nbsp;<\/p>\n","protected":false},"excerpt":{"rendered":"<p>Khadija Khaled ist 30 Jahre alt, Ingenieurin, kommt aus \u00c4gypten \u2013 und kandidiert f\u00fcr den Integrations- und Ausl\u00e4nderbeirat in Dresden. Die Wahlen finden am 1. September statt. Dies f\u00e4llt mit dem Tag der Landtagswahl im Freistaat Sachsen zusammen. Bis dahin ist Khadija Khaled bei vielen Veranstaltungen in der arabisch Community pr\u00e4sent, um sich vorzustellen und&#8230;  <a class=\"excerpt-read-more\" href=\"https:\/\/amalberlin.de\/de\/2024\/08\/22\/khadija-khaled-kandidiert-fuer-beirat-in-dresden\/\" title=\"Read Khadija Khaled stellt sich zur Wahl in Dresden\">Weiter &raquo;<\/a><\/p>\n","protected":false},"author":36,"featured_media":243742,"comment_status":"closed","ping_status":"open","sticky":false,"template":"","format":"standard","meta":{"_acf_changed":false,"footnotes":""},"categories":[7838,14132],"tags":[12976],"class_list":["post-243741","post","type-post","status-publish","format-standard","has-post-thumbnail","hentry","category-beitraege-auf-deutsch","category-wahlen-2024","tag-wahl-2024"],"acf":[],"yoast_head":"<!-- This site is optimized with the Yoast SEO plugin v27.4 - https:\/\/yoast.com\/product\/yoast-seo-wordpress\/ -->\n<title>Khadija Khaled stellt sich zur Wahl in Dresden - Amal, Berlin!<\/title>\n<meta name=\"description\" content=\"Khadija Khaled ist 30 Jahre alt, Ingenieurin, kommt aus \u00c4gypten \u2013 und kandidiert f\u00fcr den Integrations- und Ausl\u00e4nderbeirat in Dresden.\" \/>\n<meta name=\"robots\" content=\"index, follow, max-snippet:-1, max-image-preview:large, max-video-preview:-1\" \/>\n<link rel=\"canonical\" href=\"https:\/\/amalberlin.de\/de\/2024\/08\/22\/khadija-khaled-kandidiert-fuer-beirat-in-dresden\/\" \/>\n<meta property=\"og:locale\" content=\"de_DE\" \/>\n<meta property=\"og:type\" content=\"article\" \/>\n<meta property=\"og:title\" content=\"Khadija Khaled stellt sich zur Wahl in Dresden - Amal, Berlin!\" \/>\n<meta property=\"og:description\" content=\"Khadija Khaled ist 30 Jahre alt, Ingenieurin, kommt aus \u00c4gypten \u2013 und kandidiert f\u00fcr den Integrations- und Ausl\u00e4nderbeirat in Dresden.\" \/>\n<meta property=\"og:url\" content=\"https:\/\/amalberlin.de\/de\/2024\/08\/22\/khadija-khaled-kandidiert-fuer-beirat-in-dresden\/\" \/>\n<meta property=\"og:site_name\" content=\"Amal, Berlin!\" \/>\n<meta property=\"article:publisher\" content=\"https:\/\/www.facebook.com\/AmalBerlinNews\/\" \/>\n<meta property=\"article:published_time\" content=\"2024-08-22T08:29:13+00:00\" \/>\n<meta property=\"article:modified_time\" content=\"2024-08-30T11:42:04+00:00\" \/>\n<meta property=\"og:image\" content=\"https:\/\/amalberlin.de\/wp-content\/uploads\/sites\/3\/2024\/08\/Vintage-Scrapbook-Party-Memories-Photo-Collage-1.jpg\" \/>\n\t<meta property=\"og:image:width\" content=\"2000\" \/>\n\t<meta property=\"og:image:height\" content=\"1600\" \/>\n\t<meta property=\"og:image:type\" content=\"image\/jpeg\" \/>\n<meta name=\"author\" content=\"Helal Eman\" \/>\n<meta name=\"twitter:card\" content=\"summary_large_image\" \/>\n<meta name=\"twitter:label1\" content=\"Verfasst von\" \/>\n\t<meta name=\"twitter:data1\" content=\"Helal Eman\" \/>\n\t<meta name=\"twitter:label2\" content=\"Gesch\u00e4tzte Lesezeit\" \/>\n\t<meta name=\"twitter:data2\" content=\"4\u00a0Minuten\" \/>\n<script type=\"application\/ld+json\" class=\"yoast-schema-graph\">{\"@context\":\"https:\\\/\\\/schema.org\",\"@graph\":[{\"@type\":\"Article\",\"@id\":\"https:\\\/\\\/amalberlin.de\\\/de\\\/2024\\\/08\\\/22\\\/khadija-khaled-kandidiert-fuer-beirat-in-dresden\\\/#article\",\"isPartOf\":{\"@id\":\"https:\\\/\\\/amalberlin.de\\\/de\\\/2024\\\/08\\\/22\\\/khadija-khaled-kandidiert-fuer-beirat-in-dresden\\\/\"},\"author\":{\"name\":\"Helal Eman\",\"@id\":\"https:\\\/\\\/amalberlin.de\\\/de\\\/#\\\/schema\\\/person\\\/e7283ada1cf269eb8b91ab22fa94f5cc\"},\"headline\":\"Khadija Khaled stellt sich zur Wahl in Dresden\",\"datePublished\":\"2024-08-22T08:29:13+00:00\",\"dateModified\":\"2024-08-30T11:42:04+00:00\",\"mainEntityOfPage\":{\"@id\":\"https:\\\/\\\/amalberlin.de\\\/de\\\/2024\\\/08\\\/22\\\/khadija-khaled-kandidiert-fuer-beirat-in-dresden\\\/\"},\"wordCount\":602,\"publisher\":{\"@id\":\"https:\\\/\\\/amalberlin.de\\\/de\\\/#organization\"},\"image\":{\"@id\":\"https:\\\/\\\/amalberlin.de\\\/de\\\/2024\\\/08\\\/22\\\/khadija-khaled-kandidiert-fuer-beirat-in-dresden\\\/#primaryimage\"},\"thumbnailUrl\":\"https:\\\/\\\/amalberlin.de\\\/wp-content\\\/uploads\\\/sites\\\/3\\\/2024\\\/08\\\/Vintage-Scrapbook-Party-Memories-Photo-Collage-1.jpg\",\"keywords\":[\"Wahl 2024\"],\"articleSection\":[\"Beitr\u00e4ge auf Deutsch\",\"Wahlen 2024\"],\"inLanguage\":\"de\"},{\"@type\":\"WebPage\",\"@id\":\"https:\\\/\\\/amalberlin.de\\\/de\\\/2024\\\/08\\\/22\\\/khadija-khaled-kandidiert-fuer-beirat-in-dresden\\\/\",\"url\":\"https:\\\/\\\/amalberlin.de\\\/de\\\/2024\\\/08\\\/22\\\/khadija-khaled-kandidiert-fuer-beirat-in-dresden\\\/\",\"name\":\"Khadija Khaled stellt sich zur Wahl in Dresden - Amal, Berlin!\",\"isPartOf\":{\"@id\":\"https:\\\/\\\/amalberlin.de\\\/de\\\/#website\"},\"primaryImageOfPage\":{\"@id\":\"https:\\\/\\\/amalberlin.de\\\/de\\\/2024\\\/08\\\/22\\\/khadija-khaled-kandidiert-fuer-beirat-in-dresden\\\/#primaryimage\"},\"image\":{\"@id\":\"https:\\\/\\\/amalberlin.de\\\/de\\\/2024\\\/08\\\/22\\\/khadija-khaled-kandidiert-fuer-beirat-in-dresden\\\/#primaryimage\"},\"thumbnailUrl\":\"https:\\\/\\\/amalberlin.de\\\/wp-content\\\/uploads\\\/sites\\\/3\\\/2024\\\/08\\\/Vintage-Scrapbook-Party-Memories-Photo-Collage-1.jpg\",\"datePublished\":\"2024-08-22T08:29:13+00:00\",\"dateModified\":\"2024-08-30T11:42:04+00:00\",\"description\":\"Khadija Khaled ist 30 Jahre alt, Ingenieurin, kommt aus \u00c4gypten \u2013 und kandidiert f\u00fcr den Integrations- und Ausl\u00e4nderbeirat in Dresden.\",\"breadcrumb\":{\"@id\":\"https:\\\/\\\/amalberlin.de\\\/de\\\/2024\\\/08\\\/22\\\/khadija-khaled-kandidiert-fuer-beirat-in-dresden\\\/#breadcrumb\"},\"inLanguage\":\"de\",\"potentialAction\":[{\"@type\":\"ReadAction\",\"target\":[\"https:\\\/\\\/amalberlin.de\\\/de\\\/2024\\\/08\\\/22\\\/khadija-khaled-kandidiert-fuer-beirat-in-dresden\\\/\"]}]},{\"@type\":\"ImageObject\",\"inLanguage\":\"de\",\"@id\":\"https:\\\/\\\/amalberlin.de\\\/de\\\/2024\\\/08\\\/22\\\/khadija-khaled-kandidiert-fuer-beirat-in-dresden\\\/#primaryimage\",\"url\":\"https:\\\/\\\/amalberlin.de\\\/wp-content\\\/uploads\\\/sites\\\/3\\\/2024\\\/08\\\/Vintage-Scrapbook-Party-Memories-Photo-Collage-1.jpg\",\"contentUrl\":\"https:\\\/\\\/amalberlin.de\\\/wp-content\\\/uploads\\\/sites\\\/3\\\/2024\\\/08\\\/Vintage-Scrapbook-Party-Memories-Photo-Collage-1.jpg\",\"width\":2000,\"height\":1600,\"caption\":\"Khadija\u00a0\u00a0Khaled-\"},{\"@type\":\"BreadcrumbList\",\"@id\":\"https:\\\/\\\/amalberlin.de\\\/de\\\/2024\\\/08\\\/22\\\/khadija-khaled-kandidiert-fuer-beirat-in-dresden\\\/#breadcrumb\",\"itemListElement\":[{\"@type\":\"ListItem\",\"position\":1,\"name\":\"Home\",\"item\":\"https:\\\/\\\/amalberlin.de\\\/de\\\/\"},{\"@type\":\"ListItem\",\"position\":2,\"name\":\"Khadija Khaled stellt sich zur Wahl in Dresden\"}]},{\"@type\":\"WebSite\",\"@id\":\"https:\\\/\\\/amalberlin.de\\\/de\\\/#website\",\"url\":\"https:\\\/\\\/amalberlin.de\\\/de\\\/\",\"name\":\"Amal, Berlin!\",\"description\":\"\",\"publisher\":{\"@id\":\"https:\\\/\\\/amalberlin.de\\\/de\\\/#organization\"},\"potentialAction\":[{\"@type\":\"SearchAction\",\"target\":{\"@type\":\"EntryPoint\",\"urlTemplate\":\"https:\\\/\\\/amalberlin.de\\\/de\\\/?s={search_term_string}\"},\"query-input\":{\"@type\":\"PropertyValueSpecification\",\"valueRequired\":true,\"valueName\":\"search_term_string\"}}],\"inLanguage\":\"de\"},{\"@type\":\"Organization\",\"@id\":\"https:\\\/\\\/amalberlin.de\\\/de\\\/#organization\",\"name\":\"Amal, Berlin!\",\"url\":\"https:\\\/\\\/amalberlin.de\\\/de\\\/\",\"logo\":{\"@type\":\"ImageObject\",\"inLanguage\":\"de\",\"@id\":\"https:\\\/\\\/amalberlin.de\\\/de\\\/#\\\/schema\\\/logo\\\/image\\\/\",\"url\":\"https:\\\/\\\/amalberlin.de\\\/wp-content\\\/uploads\\\/sites\\\/3\\\/2020\\\/09\\\/LOGO_AMAL-Berlin_Final-01.jpg\",\"contentUrl\":\"https:\\\/\\\/amalberlin.de\\\/wp-content\\\/uploads\\\/sites\\\/3\\\/2020\\\/09\\\/LOGO_AMAL-Berlin_Final-01.jpg\",\"width\":250,\"height\":220,\"caption\":\"Amal, Berlin!\"},\"image\":{\"@id\":\"https:\\\/\\\/amalberlin.de\\\/de\\\/#\\\/schema\\\/logo\\\/image\\\/\"},\"sameAs\":[\"https:\\\/\\\/www.facebook.com\\\/AmalBerlinNews\\\/\",\"https:\\\/\\\/www.instagram.com\\\/amalberlin\\\/?hl=en\",\"https:\\\/\\\/www.youtube.com\\\/channel\\\/UCTDDzpr6EmhT1wLO0hszrrg\"]},{\"@type\":\"Person\",\"@id\":\"https:\\\/\\\/amalberlin.de\\\/de\\\/#\\\/schema\\\/person\\\/e7283ada1cf269eb8b91ab22fa94f5cc\",\"name\":\"Helal Eman\",\"image\":{\"@type\":\"ImageObject\",\"inLanguage\":\"de\",\"@id\":\"https:\\\/\\\/amalberlin.de\\\/wp-content\\\/uploads\\\/sites\\\/3\\\/2023\\\/07\\\/20139843_10155669335099363_2978416041496239278_n-1-300x300-1-125x125.jpg\",\"url\":\"https:\\\/\\\/amalberlin.de\\\/wp-content\\\/uploads\\\/sites\\\/3\\\/2023\\\/07\\\/20139843_10155669335099363_2978416041496239278_n-1-300x300-1-125x125.jpg\",\"contentUrl\":\"https:\\\/\\\/amalberlin.de\\\/wp-content\\\/uploads\\\/sites\\\/3\\\/2023\\\/07\\\/20139843_10155669335099363_2978416041496239278_n-1-300x300-1-125x125.jpg\",\"caption\":\"Helal Eman\"},\"description\":\"Eman Helal ist Redakteurin bei Amal in Hamburg. Sie arbeitete nebenbei als freiberufliche Fotografin. Sie widmet sich der Berichterstattung \u00fcber harte Nachrichten und Dokumentarfilmprojekte mit Menschenrechtsschwerpunkt. Eman ist Co-Autorin von zwei B\u00fcchern: \u201eBalas para todas\u201c \\\/ 2021 und \u201eOur women on theground\u201c \\\/ 2019. Sie war Jurymitglied der TPS Photo Awards 2017, des Egypt Press Photo Award 2016 und des Shawkan Photo Auszeichnung 2015.\",\"sameAs\":[\"https:\\\/\\\/emanhelal.22slides.com\\\/\",\"https:\\\/\\\/www.instagram.com\\\/emanhelal754\\\/\"],\"url\":\"https:\\\/\\\/amalberlin.de\\\/de\\\/author\\\/eman\\\/\"}]}<\/script>\n<!-- \/ Yoast SEO plugin. -->","yoast_head_json":{"title":"Khadija Khaled stellt sich zur Wahl in Dresden - Amal, Berlin!","description":"Khadija Khaled ist 30 Jahre alt, Ingenieurin, kommt aus \u00c4gypten \u2013 und kandidiert f\u00fcr den Integrations- und Ausl\u00e4nderbeirat in Dresden.","robots":{"index":"index","follow":"follow","max-snippet":"max-snippet:-1","max-image-preview":"max-image-preview:large","max-video-preview":"max-video-preview:-1"},"canonical":"https:\/\/amalberlin.de\/de\/2024\/08\/22\/khadija-khaled-kandidiert-fuer-beirat-in-dresden\/","og_locale":"de_DE","og_type":"article","og_title":"Khadija Khaled stellt sich zur Wahl in Dresden - Amal, Berlin!","og_description":"Khadija Khaled ist 30 Jahre alt, Ingenieurin, kommt aus \u00c4gypten \u2013 und kandidiert f\u00fcr den Integrations- und Ausl\u00e4nderbeirat in Dresden.","og_url":"https:\/\/amalberlin.de\/de\/2024\/08\/22\/khadija-khaled-kandidiert-fuer-beirat-in-dresden\/","og_site_name":"Amal, Berlin!","article_publisher":"https:\/\/www.facebook.com\/AmalBerlinNews\/","article_published_time":"2024-08-22T08:29:13+00:00","article_modified_time":"2024-08-30T11:42:04+00:00","og_image":[{"width":2000,"height":1600,"url":"https:\/\/amalberlin.de\/wp-content\/uploads\/sites\/3\/2024\/08\/Vintage-Scrapbook-Party-Memories-Photo-Collage-1.jpg","type":"image\/jpeg"}],"author":"Helal Eman","twitter_card":"summary_large_image","twitter_misc":{"Verfasst von":"Helal Eman","Gesch\u00e4tzte Lesezeit":"4\u00a0Minuten"},"schema":{"@context":"https:\/\/schema.org","@graph":[{"@type":"Article","@id":"https:\/\/amalberlin.de\/de\/2024\/08\/22\/khadija-khaled-kandidiert-fuer-beirat-in-dresden\/#article","isPartOf":{"@id":"https:\/\/amalberlin.de\/de\/2024\/08\/22\/khadija-khaled-kandidiert-fuer-beirat-in-dresden\/"},"author":{"name":"Helal Eman","@id":"https:\/\/amalberlin.de\/de\/#\/schema\/person\/e7283ada1cf269eb8b91ab22fa94f5cc"},"headline":"Khadija Khaled stellt sich zur Wahl in Dresden","datePublished":"2024-08-22T08:29:13+00:00","dateModified":"2024-08-30T11:42:04+00:00","mainEntityOfPage":{"@id":"https:\/\/amalberlin.de\/de\/2024\/08\/22\/khadija-khaled-kandidiert-fuer-beirat-in-dresden\/"},"wordCount":602,"publisher":{"@id":"https:\/\/amalberlin.de\/de\/#organization"},"image":{"@id":"https:\/\/amalberlin.de\/de\/2024\/08\/22\/khadija-khaled-kandidiert-fuer-beirat-in-dresden\/#primaryimage"},"thumbnailUrl":"https:\/\/amalberlin.de\/wp-content\/uploads\/sites\/3\/2024\/08\/Vintage-Scrapbook-Party-Memories-Photo-Collage-1.jpg","keywords":["Wahl 2024"],"articleSection":["Beitr\u00e4ge auf Deutsch","Wahlen 2024"],"inLanguage":"de"},{"@type":"WebPage","@id":"https:\/\/amalberlin.de\/de\/2024\/08\/22\/khadija-khaled-kandidiert-fuer-beirat-in-dresden\/","url":"https:\/\/amalberlin.de\/de\/2024\/08\/22\/khadija-khaled-kandidiert-fuer-beirat-in-dresden\/","name":"Khadija Khaled stellt sich zur Wahl in Dresden - Amal, Berlin!","isPartOf":{"@id":"https:\/\/amalberlin.de\/de\/#website"},"primaryImageOfPage":{"@id":"https:\/\/amalberlin.de\/de\/2024\/08\/22\/khadija-khaled-kandidiert-fuer-beirat-in-dresden\/#primaryimage"},"image":{"@id":"https:\/\/amalberlin.de\/de\/2024\/08\/22\/khadija-khaled-kandidiert-fuer-beirat-in-dresden\/#primaryimage"},"thumbnailUrl":"https:\/\/amalberlin.de\/wp-content\/uploads\/sites\/3\/2024\/08\/Vintage-Scrapbook-Party-Memories-Photo-Collage-1.jpg","datePublished":"2024-08-22T08:29:13+00:00","dateModified":"2024-08-30T11:42:04+00:00","description":"Khadija Khaled ist 30 Jahre alt, Ingenieurin, kommt aus \u00c4gypten \u2013 und kandidiert f\u00fcr den Integrations- und Ausl\u00e4nderbeirat in Dresden.","breadcrumb":{"@id":"https:\/\/amalberlin.de\/de\/2024\/08\/22\/khadija-khaled-kandidiert-fuer-beirat-in-dresden\/#breadcrumb"},"inLanguage":"de","potentialAction":[{"@type":"ReadAction","target":["https:\/\/amalberlin.de\/de\/2024\/08\/22\/khadija-khaled-kandidiert-fuer-beirat-in-dresden\/"]}]},{"@type":"ImageObject","inLanguage":"de","@id":"https:\/\/amalberlin.de\/de\/2024\/08\/22\/khadija-khaled-kandidiert-fuer-beirat-in-dresden\/#primaryimage","url":"https:\/\/amalberlin.de\/wp-content\/uploads\/sites\/3\/2024\/08\/Vintage-Scrapbook-Party-Memories-Photo-Collage-1.jpg","contentUrl":"https:\/\/amalberlin.de\/wp-content\/uploads\/sites\/3\/2024\/08\/Vintage-Scrapbook-Party-Memories-Photo-Collage-1.jpg","width":2000,"height":1600,"caption":"Khadija\u00a0\u00a0Khaled-"},{"@type":"BreadcrumbList","@id":"https:\/\/amalberlin.de\/de\/2024\/08\/22\/khadija-khaled-kandidiert-fuer-beirat-in-dresden\/#breadcrumb","itemListElement":[{"@type":"ListItem","position":1,"name":"Home","item":"https:\/\/amalberlin.de\/de\/"},{"@type":"ListItem","position":2,"name":"Khadija Khaled stellt sich zur Wahl in Dresden"}]},{"@type":"WebSite","@id":"https:\/\/amalberlin.de\/de\/#website","url":"https:\/\/amalberlin.de\/de\/","name":"Amal, Berlin!","description":"","publisher":{"@id":"https:\/\/amalberlin.de\/de\/#organization"},"potentialAction":[{"@type":"SearchAction","target":{"@type":"EntryPoint","urlTemplate":"https:\/\/amalberlin.de\/de\/?s={search_term_string}"},"query-input":{"@type":"PropertyValueSpecification","valueRequired":true,"valueName":"search_term_string"}}],"inLanguage":"de"},{"@type":"Organization","@id":"https:\/\/amalberlin.de\/de\/#organization","name":"Amal, Berlin!","url":"https:\/\/amalberlin.de\/de\/","logo":{"@type":"ImageObject","inLanguage":"de","@id":"https:\/\/amalberlin.de\/de\/#\/schema\/logo\/image\/","url":"https:\/\/amalberlin.de\/wp-content\/uploads\/sites\/3\/2020\/09\/LOGO_AMAL-Berlin_Final-01.jpg","contentUrl":"https:\/\/amalberlin.de\/wp-content\/uploads\/sites\/3\/2020\/09\/LOGO_AMAL-Berlin_Final-01.jpg","width":250,"height":220,"caption":"Amal, Berlin!"},"image":{"@id":"https:\/\/amalberlin.de\/de\/#\/schema\/logo\/image\/"},"sameAs":["https:\/\/www.facebook.com\/AmalBerlinNews\/","https:\/\/www.instagram.com\/amalberlin\/?hl=en","https:\/\/www.youtube.com\/channel\/UCTDDzpr6EmhT1wLO0hszrrg"]},{"@type":"Person","@id":"https:\/\/amalberlin.de\/de\/#\/schema\/person\/e7283ada1cf269eb8b91ab22fa94f5cc","name":"Helal Eman","image":{"@type":"ImageObject","inLanguage":"de","@id":"https:\/\/amalberlin.de\/wp-content\/uploads\/sites\/3\/2023\/07\/20139843_10155669335099363_2978416041496239278_n-1-300x300-1-125x125.jpg","url":"https:\/\/amalberlin.de\/wp-content\/uploads\/sites\/3\/2023\/07\/20139843_10155669335099363_2978416041496239278_n-1-300x300-1-125x125.jpg","contentUrl":"https:\/\/amalberlin.de\/wp-content\/uploads\/sites\/3\/2023\/07\/20139843_10155669335099363_2978416041496239278_n-1-300x300-1-125x125.jpg","caption":"Helal Eman"},"description":"Eman Helal ist Redakteurin bei Amal in Hamburg. Sie arbeitete nebenbei als freiberufliche Fotografin. Sie widmet sich der Berichterstattung \u00fcber harte Nachrichten und Dokumentarfilmprojekte mit Menschenrechtsschwerpunkt. Eman ist Co-Autorin von zwei B\u00fcchern: \u201eBalas para todas\u201c \/ 2021 und \u201eOur women on theground\u201c \/ 2019. Sie war Jurymitglied der TPS Photo Awards 2017, des Egypt Press Photo Award 2016 und des Shawkan Photo Auszeichnung 2015.","sameAs":["https:\/\/emanhelal.22slides.com\/","https:\/\/www.instagram.com\/emanhelal754\/"],"url":"https:\/\/amalberlin.de\/de\/author\/eman\/"}]}},"_links":{"self":[{"href":"https:\/\/amalberlin.de\/de\/wp-json\/wp\/v2\/posts\/243741","targetHints":{"allow":["GET"]}}],"collection":[{"href":"https:\/\/amalberlin.de\/de\/wp-json\/wp\/v2\/posts"}],"about":[{"href":"https:\/\/amalberlin.de\/de\/wp-json\/wp\/v2\/types\/post"}],"author":[{"embeddable":true,"href":"https:\/\/amalberlin.de\/de\/wp-json\/wp\/v2\/users\/36"}],"replies":[{"embeddable":true,"href":"https:\/\/amalberlin.de\/de\/wp-json\/wp\/v2\/comments?post=243741"}],"version-history":[{"count":2,"href":"https:\/\/amalberlin.de\/de\/wp-json\/wp\/v2\/posts\/243741\/revisions"}],"predecessor-version":[{"id":243878,"href":"https:\/\/amalberlin.de\/de\/wp-json\/wp\/v2\/posts\/243741\/revisions\/243878"}],"wp:featuredmedia":[{"embeddable":true,"href":"https:\/\/amalberlin.de\/de\/wp-json\/wp\/v2\/media\/243742"}],"wp:attachment":[{"href":"https:\/\/amalberlin.de\/de\/wp-json\/wp\/v2\/media?parent=243741"}],"wp:term":[{"taxonomy":"category","embeddable":true,"href":"https:\/\/amalberlin.de\/de\/wp-json\/wp\/v2\/categories?post=243741"},{"taxonomy":"post_tag","embeddable":true,"href":"https:\/\/amalberlin.de\/de\/wp-json\/wp\/v2\/tags?post=243741"}],"curies":[{"name":"wp","href":"https:\/\/api.w.org\/{rel}","templated":true}]}}