{"id":237506,"date":"2024-06-21T15:26:17","date_gmt":"2024-06-21T13:26:17","guid":{"rendered":"https:\/\/amalberlin.de\/?p=237506"},"modified":"2024-07-08T13:05:15","modified_gmt":"2024-07-08T11:05:15","slug":"wie-hast-du-das-geschafft","status":"publish","type":"post","link":"https:\/\/amalberlin.de\/de\/2024\/06\/21\/wie-hast-du-das-geschafft\/","title":{"rendered":"Wie hast Du das geschafft?"},"content":{"rendered":"<p>Man sieht: Eine junge Frau beim Friseur. Er teil die Str\u00e4hnchen, f\u00e4rbt den Ansatz neu, schneidet mit pr\u00e4zisen Schnitten die Spitzen nach und legt Partien in sanfte Locken. Jamil ist Coiffeur. Er betreibt einen Salon in Ludwigshafen. Amal-Reporterin Souzan Nassri und der Video-Reporter Ronnie Darwesh haben ihn besucht. Souzan hat den Selbsttest gemacht und wir als Zuschauer:innen waren dabei, wie Jamil sie ganz praktisch mit seiner Handwerkskunst bezaubert hat.<\/p>\n<p>Die Reportage \u00fcber Jamil ist eine Folge in der Serie &#8222;Meine Geschichte&#8220;. Sie handelt vom Ankommen in Deutschland, vom Traum vom richtigen beruf und dem Weh dahin. Souzan Nasri fragt: &#8222;Wie hast Du das geschafft, erz\u00e4hl von Anfang an&#8220;, und Jamil erz\u00e4hlt von seinem Weg, wie er ankam in Deutschland und lernte, seinen Beruf auch hier zu leben. Er erz\u00e4hlt, wie er als Selbst\u00e4ndiger unter Druck steht und fast die H\u00e4lfte seiner Energie darauf verwendet, mit dem Papierkram und organisatorischen Themen klar zu kommen, insbesondere mit Finanzamt und Steuerberater. Und er erz\u00e4hlt, dass am Ende des Tages fast keine Zeit f\u00fcrs Privatleben bleibt. Aber: &#8222;Der Beruf passt zu Menschen, die gerne mit Menschen zu tun haben&#8220;, und Jamil ist so einer. Und so macht er Mut, den eigenen Weg zu gehen.<\/p>\n<p>Das Video hat deutsche Untertitel. <a href=\"https:\/\/youtu.be\/89hzhtMm7wk?si=xP2pZcoX1Uex8wVv\">Sie finden es hier<\/a>.<\/p>\n<p>&nbsp;<\/p>\n","protected":false},"excerpt":{"rendered":"<p>Man sieht: Eine junge Frau beim Friseur. Er teil die Str\u00e4hnchen, f\u00e4rbt den Ansatz neu, schneidet mit pr\u00e4zisen Schnitten die Spitzen nach und legt Partien in sanfte Locken. Jamil ist Coiffeur. Er betreibt einen Salon in Ludwigshafen. Amal-Reporterin Souzan Nassri und der Video-Reporter Ronnie Darwesh haben ihn besucht. Souzan hat den Selbsttest gemacht und wir&#8230;  <a class=\"excerpt-read-more\" href=\"https:\/\/amalberlin.de\/de\/2024\/06\/21\/wie-hast-du-das-geschafft\/\" title=\"Read Wie hast Du das geschafft?\">Weiter &raquo;<\/a><\/p>\n","protected":false},"author":10,"featured_media":237560,"comment_status":"closed","ping_status":"open","sticky":false,"template":"","format":"standard","meta":{"_acf_changed":false,"footnotes":""},"categories":[7831],"tags":[],"class_list":["post-237506","post","type-post","status-publish","format-standard","has-post-thumbnail","hentry","category-themen-diese-woche"],"acf":[],"yoast_head":"<!-- This site is optimized with the Yoast SEO plugin v27.5 - https:\/\/yoast.com\/product\/yoast-seo-wordpress\/ -->\n<title>Wie hast Du das geschafft? - Amal, Berlin!<\/title>\n<meta name=\"description\" content=\"Jamil ist Coiffeur. Er betreibt einen Salon in Ludwigshafen. Er hat schon in Syrien in diesem Beruf gearbeitet.\" \/>\n<meta name=\"robots\" content=\"index, follow, max-snippet:-1, max-image-preview:large, max-video-preview:-1\" \/>\n<link rel=\"canonical\" href=\"https:\/\/amalberlin.de\/de\/2024\/06\/21\/wie-hast-du-das-geschafft\/\" \/>\n<meta property=\"og:locale\" content=\"de_DE\" \/>\n<meta property=\"og:type\" content=\"article\" \/>\n<meta property=\"og:title\" content=\"Wie hast Du das geschafft? - Amal, Berlin!\" \/>\n<meta property=\"og:description\" content=\"Jamil ist Coiffeur. Er betreibt einen Salon in Ludwigshafen. Er hat schon in Syrien in diesem Beruf gearbeitet.\" \/>\n<meta property=\"og:url\" content=\"https:\/\/amalberlin.de\/de\/2024\/06\/21\/wie-hast-du-das-geschafft\/\" \/>\n<meta property=\"og:site_name\" content=\"Amal, Berlin!\" \/>\n<meta property=\"article:publisher\" content=\"https:\/\/www.facebook.com\/AmalBerlinNews\/\" \/>\n<meta property=\"article:published_time\" content=\"2024-06-21T13:26:17+00:00\" \/>\n<meta property=\"article:modified_time\" content=\"2024-07-08T11:05:15+00:00\" \/>\n<meta property=\"og:image\" content=\"https:\/\/amalberlin.de\/wp-content\/uploads\/sites\/3\/2024\/06\/Friseur-1.jpeg\" \/>\n\t<meta property=\"og:image:width\" content=\"640\" \/>\n\t<meta property=\"og:image:height\" content=\"358\" \/>\n\t<meta property=\"og:image:type\" content=\"image\/jpeg\" \/>\n<meta name=\"author\" content=\"Cornelia Gerlach\" \/>\n<meta name=\"twitter:card\" content=\"summary_large_image\" \/>\n<meta name=\"twitter:label1\" content=\"Verfasst von\" \/>\n\t<meta name=\"twitter:data1\" content=\"Cornelia Gerlach\" \/>\n\t<meta name=\"twitter:label2\" content=\"Gesch\u00e4tzte Lesezeit\" \/>\n\t<meta name=\"twitter:data2\" content=\"2\u00a0Minuten\" \/>\n<script type=\"application\/ld+json\" class=\"yoast-schema-graph\">{\"@context\":\"https:\\\/\\\/schema.org\",\"@graph\":[{\"@type\":\"Article\",\"@id\":\"https:\\\/\\\/amalberlin.de\\\/de\\\/2024\\\/06\\\/21\\\/wie-hast-du-das-geschafft\\\/#article\",\"isPartOf\":{\"@id\":\"https:\\\/\\\/amalberlin.de\\\/de\\\/2024\\\/06\\\/21\\\/wie-hast-du-das-geschafft\\\/\"},\"author\":{\"name\":\"Cornelia Gerlach\",\"@id\":\"https:\\\/\\\/amalberlin.de\\\/de\\\/#\\\/schema\\\/person\\\/b38c2d45c0eb9b9e994801d3f87a2247\"},\"headline\":\"Wie hast Du das geschafft?\",\"datePublished\":\"2024-06-21T13:26:17+00:00\",\"dateModified\":\"2024-07-08T11:05:15+00:00\",\"mainEntityOfPage\":{\"@id\":\"https:\\\/\\\/amalberlin.de\\\/de\\\/2024\\\/06\\\/21\\\/wie-hast-du-das-geschafft\\\/\"},\"wordCount\":226,\"publisher\":{\"@id\":\"https:\\\/\\\/amalberlin.de\\\/de\\\/#organization\"},\"image\":{\"@id\":\"https:\\\/\\\/amalberlin.de\\\/de\\\/2024\\\/06\\\/21\\\/wie-hast-du-das-geschafft\\\/#primaryimage\"},\"thumbnailUrl\":\"https:\\\/\\\/amalberlin.de\\\/wp-content\\\/uploads\\\/sites\\\/3\\\/2024\\\/06\\\/Friseur-1.jpeg\",\"articleSection\":[\"Themen diese Woche\"],\"inLanguage\":\"de\"},{\"@type\":\"WebPage\",\"@id\":\"https:\\\/\\\/amalberlin.de\\\/de\\\/2024\\\/06\\\/21\\\/wie-hast-du-das-geschafft\\\/\",\"url\":\"https:\\\/\\\/amalberlin.de\\\/de\\\/2024\\\/06\\\/21\\\/wie-hast-du-das-geschafft\\\/\",\"name\":\"Wie hast Du das geschafft? - Amal, Berlin!\",\"isPartOf\":{\"@id\":\"https:\\\/\\\/amalberlin.de\\\/de\\\/#website\"},\"primaryImageOfPage\":{\"@id\":\"https:\\\/\\\/amalberlin.de\\\/de\\\/2024\\\/06\\\/21\\\/wie-hast-du-das-geschafft\\\/#primaryimage\"},\"image\":{\"@id\":\"https:\\\/\\\/amalberlin.de\\\/de\\\/2024\\\/06\\\/21\\\/wie-hast-du-das-geschafft\\\/#primaryimage\"},\"thumbnailUrl\":\"https:\\\/\\\/amalberlin.de\\\/wp-content\\\/uploads\\\/sites\\\/3\\\/2024\\\/06\\\/Friseur-1.jpeg\",\"datePublished\":\"2024-06-21T13:26:17+00:00\",\"dateModified\":\"2024-07-08T11:05:15+00:00\",\"description\":\"Jamil ist Coiffeur. Er betreibt einen Salon in Ludwigshafen. Er hat schon in Syrien in diesem Beruf gearbeitet.\",\"breadcrumb\":{\"@id\":\"https:\\\/\\\/amalberlin.de\\\/de\\\/2024\\\/06\\\/21\\\/wie-hast-du-das-geschafft\\\/#breadcrumb\"},\"inLanguage\":\"de\",\"potentialAction\":[{\"@type\":\"ReadAction\",\"target\":[\"https:\\\/\\\/amalberlin.de\\\/de\\\/2024\\\/06\\\/21\\\/wie-hast-du-das-geschafft\\\/\"]}]},{\"@type\":\"ImageObject\",\"inLanguage\":\"de\",\"@id\":\"https:\\\/\\\/amalberlin.de\\\/de\\\/2024\\\/06\\\/21\\\/wie-hast-du-das-geschafft\\\/#primaryimage\",\"url\":\"https:\\\/\\\/amalberlin.de\\\/wp-content\\\/uploads\\\/sites\\\/3\\\/2024\\\/06\\\/Friseur-1.jpeg\",\"contentUrl\":\"https:\\\/\\\/amalberlin.de\\\/wp-content\\\/uploads\\\/sites\\\/3\\\/2024\\\/06\\\/Friseur-1.jpeg\",\"width\":640,\"height\":358,\"caption\":\"Screenshot\"},{\"@type\":\"BreadcrumbList\",\"@id\":\"https:\\\/\\\/amalberlin.de\\\/de\\\/2024\\\/06\\\/21\\\/wie-hast-du-das-geschafft\\\/#breadcrumb\",\"itemListElement\":[{\"@type\":\"ListItem\",\"position\":1,\"name\":\"Home\",\"item\":\"https:\\\/\\\/amalberlin.de\\\/de\\\/\"},{\"@type\":\"ListItem\",\"position\":2,\"name\":\"Wie hast Du das geschafft?\"}]},{\"@type\":\"WebSite\",\"@id\":\"https:\\\/\\\/amalberlin.de\\\/de\\\/#website\",\"url\":\"https:\\\/\\\/amalberlin.de\\\/de\\\/\",\"name\":\"Amal, Berlin!\",\"description\":\"\",\"publisher\":{\"@id\":\"https:\\\/\\\/amalberlin.de\\\/de\\\/#organization\"},\"potentialAction\":[{\"@type\":\"SearchAction\",\"target\":{\"@type\":\"EntryPoint\",\"urlTemplate\":\"https:\\\/\\\/amalberlin.de\\\/de\\\/?s={search_term_string}\"},\"query-input\":{\"@type\":\"PropertyValueSpecification\",\"valueRequired\":true,\"valueName\":\"search_term_string\"}}],\"inLanguage\":\"de\"},{\"@type\":\"Organization\",\"@id\":\"https:\\\/\\\/amalberlin.de\\\/de\\\/#organization\",\"name\":\"Amal, Berlin!\",\"url\":\"https:\\\/\\\/amalberlin.de\\\/de\\\/\",\"logo\":{\"@type\":\"ImageObject\",\"inLanguage\":\"de\",\"@id\":\"https:\\\/\\\/amalberlin.de\\\/de\\\/#\\\/schema\\\/logo\\\/image\\\/\",\"url\":\"https:\\\/\\\/amalberlin.de\\\/wp-content\\\/uploads\\\/sites\\\/3\\\/2020\\\/09\\\/LOGO_AMAL-Berlin_Final-01.jpg\",\"contentUrl\":\"https:\\\/\\\/amalberlin.de\\\/wp-content\\\/uploads\\\/sites\\\/3\\\/2020\\\/09\\\/LOGO_AMAL-Berlin_Final-01.jpg\",\"width\":250,\"height\":220,\"caption\":\"Amal, Berlin!\"},\"image\":{\"@id\":\"https:\\\/\\\/amalberlin.de\\\/de\\\/#\\\/schema\\\/logo\\\/image\\\/\"},\"sameAs\":[\"https:\\\/\\\/www.facebook.com\\\/AmalBerlinNews\\\/\",\"https:\\\/\\\/www.instagram.com\\\/amalberlin\\\/?hl=en\",\"https:\\\/\\\/www.youtube.com\\\/channel\\\/UCTDDzpr6EmhT1wLO0hszrrg\"]},{\"@type\":\"Person\",\"@id\":\"https:\\\/\\\/amalberlin.de\\\/de\\\/#\\\/schema\\\/person\\\/b38c2d45c0eb9b9e994801d3f87a2247\",\"name\":\"Cornelia Gerlach\",\"image\":{\"@type\":\"ImageObject\",\"inLanguage\":\"de\",\"@id\":\"https:\\\/\\\/amalberlin.de\\\/wp-content\\\/uploads\\\/sites\\\/3\\\/2023\\\/01\\\/Conny_AhamadKalaji2023_DSC0591-klein-125x125.jpg\",\"url\":\"https:\\\/\\\/amalberlin.de\\\/wp-content\\\/uploads\\\/sites\\\/3\\\/2023\\\/01\\\/Conny_AhamadKalaji2023_DSC0591-klein-125x125.jpg\",\"contentUrl\":\"https:\\\/\\\/amalberlin.de\\\/wp-content\\\/uploads\\\/sites\\\/3\\\/2023\\\/01\\\/Conny_AhamadKalaji2023_DSC0591-klein-125x125.jpg\",\"caption\":\"Cornelia Gerlach\"},\"description\":\"Cornelia Gerlach ist Projektleiterin bei Amal, Berlin! Daneben arbeitet sie als freie Journalistin und Dozentin f\u00fcr Reportage und Storytelling.\",\"url\":\"https:\\\/\\\/amalberlin.de\\\/de\\\/author\\\/conny\\\/\"}]}<\/script>\n<!-- \/ Yoast SEO plugin. -->","yoast_head_json":{"title":"Wie hast Du das geschafft? - Amal, Berlin!","description":"Jamil ist Coiffeur. Er betreibt einen Salon in Ludwigshafen. Er hat schon in Syrien in diesem Beruf gearbeitet.","robots":{"index":"index","follow":"follow","max-snippet":"max-snippet:-1","max-image-preview":"max-image-preview:large","max-video-preview":"max-video-preview:-1"},"canonical":"https:\/\/amalberlin.de\/de\/2024\/06\/21\/wie-hast-du-das-geschafft\/","og_locale":"de_DE","og_type":"article","og_title":"Wie hast Du das geschafft? - Amal, Berlin!","og_description":"Jamil ist Coiffeur. Er betreibt einen Salon in Ludwigshafen. Er hat schon in Syrien in diesem Beruf gearbeitet.","og_url":"https:\/\/amalberlin.de\/de\/2024\/06\/21\/wie-hast-du-das-geschafft\/","og_site_name":"Amal, Berlin!","article_publisher":"https:\/\/www.facebook.com\/AmalBerlinNews\/","article_published_time":"2024-06-21T13:26:17+00:00","article_modified_time":"2024-07-08T11:05:15+00:00","og_image":[{"width":640,"height":358,"url":"https:\/\/amalberlin.de\/wp-content\/uploads\/sites\/3\/2024\/06\/Friseur-1.jpeg","type":"image\/jpeg"}],"author":"Cornelia Gerlach","twitter_card":"summary_large_image","twitter_misc":{"Verfasst von":"Cornelia Gerlach","Gesch\u00e4tzte Lesezeit":"2\u00a0Minuten"},"schema":{"@context":"https:\/\/schema.org","@graph":[{"@type":"Article","@id":"https:\/\/amalberlin.de\/de\/2024\/06\/21\/wie-hast-du-das-geschafft\/#article","isPartOf":{"@id":"https:\/\/amalberlin.de\/de\/2024\/06\/21\/wie-hast-du-das-geschafft\/"},"author":{"name":"Cornelia Gerlach","@id":"https:\/\/amalberlin.de\/de\/#\/schema\/person\/b38c2d45c0eb9b9e994801d3f87a2247"},"headline":"Wie hast Du das geschafft?","datePublished":"2024-06-21T13:26:17+00:00","dateModified":"2024-07-08T11:05:15+00:00","mainEntityOfPage":{"@id":"https:\/\/amalberlin.de\/de\/2024\/06\/21\/wie-hast-du-das-geschafft\/"},"wordCount":226,"publisher":{"@id":"https:\/\/amalberlin.de\/de\/#organization"},"image":{"@id":"https:\/\/amalberlin.de\/de\/2024\/06\/21\/wie-hast-du-das-geschafft\/#primaryimage"},"thumbnailUrl":"https:\/\/amalberlin.de\/wp-content\/uploads\/sites\/3\/2024\/06\/Friseur-1.jpeg","articleSection":["Themen diese Woche"],"inLanguage":"de"},{"@type":"WebPage","@id":"https:\/\/amalberlin.de\/de\/2024\/06\/21\/wie-hast-du-das-geschafft\/","url":"https:\/\/amalberlin.de\/de\/2024\/06\/21\/wie-hast-du-das-geschafft\/","name":"Wie hast Du das geschafft? - Amal, Berlin!","isPartOf":{"@id":"https:\/\/amalberlin.de\/de\/#website"},"primaryImageOfPage":{"@id":"https:\/\/amalberlin.de\/de\/2024\/06\/21\/wie-hast-du-das-geschafft\/#primaryimage"},"image":{"@id":"https:\/\/amalberlin.de\/de\/2024\/06\/21\/wie-hast-du-das-geschafft\/#primaryimage"},"thumbnailUrl":"https:\/\/amalberlin.de\/wp-content\/uploads\/sites\/3\/2024\/06\/Friseur-1.jpeg","datePublished":"2024-06-21T13:26:17+00:00","dateModified":"2024-07-08T11:05:15+00:00","description":"Jamil ist Coiffeur. Er betreibt einen Salon in Ludwigshafen. Er hat schon in Syrien in diesem Beruf gearbeitet.","breadcrumb":{"@id":"https:\/\/amalberlin.de\/de\/2024\/06\/21\/wie-hast-du-das-geschafft\/#breadcrumb"},"inLanguage":"de","potentialAction":[{"@type":"ReadAction","target":["https:\/\/amalberlin.de\/de\/2024\/06\/21\/wie-hast-du-das-geschafft\/"]}]},{"@type":"ImageObject","inLanguage":"de","@id":"https:\/\/amalberlin.de\/de\/2024\/06\/21\/wie-hast-du-das-geschafft\/#primaryimage","url":"https:\/\/amalberlin.de\/wp-content\/uploads\/sites\/3\/2024\/06\/Friseur-1.jpeg","contentUrl":"https:\/\/amalberlin.de\/wp-content\/uploads\/sites\/3\/2024\/06\/Friseur-1.jpeg","width":640,"height":358,"caption":"Screenshot"},{"@type":"BreadcrumbList","@id":"https:\/\/amalberlin.de\/de\/2024\/06\/21\/wie-hast-du-das-geschafft\/#breadcrumb","itemListElement":[{"@type":"ListItem","position":1,"name":"Home","item":"https:\/\/amalberlin.de\/de\/"},{"@type":"ListItem","position":2,"name":"Wie hast Du das geschafft?"}]},{"@type":"WebSite","@id":"https:\/\/amalberlin.de\/de\/#website","url":"https:\/\/amalberlin.de\/de\/","name":"Amal, Berlin!","description":"","publisher":{"@id":"https:\/\/amalberlin.de\/de\/#organization"},"potentialAction":[{"@type":"SearchAction","target":{"@type":"EntryPoint","urlTemplate":"https:\/\/amalberlin.de\/de\/?s={search_term_string}"},"query-input":{"@type":"PropertyValueSpecification","valueRequired":true,"valueName":"search_term_string"}}],"inLanguage":"de"},{"@type":"Organization","@id":"https:\/\/amalberlin.de\/de\/#organization","name":"Amal, Berlin!","url":"https:\/\/amalberlin.de\/de\/","logo":{"@type":"ImageObject","inLanguage":"de","@id":"https:\/\/amalberlin.de\/de\/#\/schema\/logo\/image\/","url":"https:\/\/amalberlin.de\/wp-content\/uploads\/sites\/3\/2020\/09\/LOGO_AMAL-Berlin_Final-01.jpg","contentUrl":"https:\/\/amalberlin.de\/wp-content\/uploads\/sites\/3\/2020\/09\/LOGO_AMAL-Berlin_Final-01.jpg","width":250,"height":220,"caption":"Amal, Berlin!"},"image":{"@id":"https:\/\/amalberlin.de\/de\/#\/schema\/logo\/image\/"},"sameAs":["https:\/\/www.facebook.com\/AmalBerlinNews\/","https:\/\/www.instagram.com\/amalberlin\/?hl=en","https:\/\/www.youtube.com\/channel\/UCTDDzpr6EmhT1wLO0hszrrg"]},{"@type":"Person","@id":"https:\/\/amalberlin.de\/de\/#\/schema\/person\/b38c2d45c0eb9b9e994801d3f87a2247","name":"Cornelia Gerlach","image":{"@type":"ImageObject","inLanguage":"de","@id":"https:\/\/amalberlin.de\/wp-content\/uploads\/sites\/3\/2023\/01\/Conny_AhamadKalaji2023_DSC0591-klein-125x125.jpg","url":"https:\/\/amalberlin.de\/wp-content\/uploads\/sites\/3\/2023\/01\/Conny_AhamadKalaji2023_DSC0591-klein-125x125.jpg","contentUrl":"https:\/\/amalberlin.de\/wp-content\/uploads\/sites\/3\/2023\/01\/Conny_AhamadKalaji2023_DSC0591-klein-125x125.jpg","caption":"Cornelia Gerlach"},"description":"Cornelia Gerlach ist Projektleiterin bei Amal, Berlin! Daneben arbeitet sie als freie Journalistin und Dozentin f\u00fcr Reportage und Storytelling.","url":"https:\/\/amalberlin.de\/de\/author\/conny\/"}]}},"_links":{"self":[{"href":"https:\/\/amalberlin.de\/de\/wp-json\/wp\/v2\/posts\/237506","targetHints":{"allow":["GET"]}}],"collection":[{"href":"https:\/\/amalberlin.de\/de\/wp-json\/wp\/v2\/posts"}],"about":[{"href":"https:\/\/amalberlin.de\/de\/wp-json\/wp\/v2\/types\/post"}],"author":[{"embeddable":true,"href":"https:\/\/amalberlin.de\/de\/wp-json\/wp\/v2\/users\/10"}],"replies":[{"embeddable":true,"href":"https:\/\/amalberlin.de\/de\/wp-json\/wp\/v2\/comments?post=237506"}],"version-history":[{"count":1,"href":"https:\/\/amalberlin.de\/de\/wp-json\/wp\/v2\/posts\/237506\/revisions"}],"predecessor-version":[{"id":237565,"href":"https:\/\/amalberlin.de\/de\/wp-json\/wp\/v2\/posts\/237506\/revisions\/237565"}],"wp:featuredmedia":[{"embeddable":true,"href":"https:\/\/amalberlin.de\/de\/wp-json\/wp\/v2\/media\/237560"}],"wp:attachment":[{"href":"https:\/\/amalberlin.de\/de\/wp-json\/wp\/v2\/media?parent=237506"}],"wp:term":[{"taxonomy":"category","embeddable":true,"href":"https:\/\/amalberlin.de\/de\/wp-json\/wp\/v2\/categories?post=237506"},{"taxonomy":"post_tag","embeddable":true,"href":"https:\/\/amalberlin.de\/de\/wp-json\/wp\/v2\/tags?post=237506"}],"curies":[{"name":"wp","href":"https:\/\/api.w.org\/{rel}","templated":true}]}}