{"id":237484,"date":"2024-06-21T11:48:26","date_gmt":"2024-06-21T09:48:26","guid":{"rendered":"https:\/\/amalberlin.de\/?p=237484"},"modified":"2024-07-08T13:13:54","modified_gmt":"2024-07-08T11:13:54","slug":"amal-im-abgeordnetenhaus","status":"publish","type":"post","link":"https:\/\/amalberlin.de\/de\/2024\/06\/21\/amal-im-abgeordnetenhaus\/","title":{"rendered":"Amal im Abgeordnetenhaus"},"content":{"rendered":"<p>&#8222;Amal ist wie eine klassische deutsche Lokalzeitung \u2013 nur eben auf Arabisch, Persisch und Ukrainisch&#8220;, sagen wir oft, wenn wir Au\u00dfenstehenden erkl\u00e4ren, was wir eigentlich machen. Um die Zukunft der Lokalzeitung ging es am Mittwoch, 19. Juni, bei einer <a href=\"https:\/\/www.parlament-berlin.de\/termine\/detail\/2576\">Anh\u00f6rung im Berliner Abgeordnetenhaus<\/a>. Mit dabei: <a href=\"https:\/\/amalberlin.de\/de\/author\/khalid-al-aboud\/\">Khalid Al Aboud<\/a>, Redakteur in der arabischen Redaktion von Amal, Berlin! Die anderen G\u00e4ste: Lorenz Maroldt, Chefredakteur vom Tagesspiegel. Steffen Grimberg, Vorsitzender vom Deutschen Journalistenverband Berlin, David Biesinger, Chefredakteur vom Rundfunk Berlin-Brandenburg.<\/p>\n<p>Alle Befragten waren sich einig, dass die Lokalberichterstattung wichtig ist, aber die traditionellen Gesch\u00e4ftsmodelle hier nicht mehr greifen. Diskutiert wurden die \u00c4nderung des Gemeinn\u00fctzigkeitsrechts und F\u00f6rdermodelle wie zum Beispiel in Wien, aber auch die Unterst\u00fctzung f\u00fcr Audio- und Videoformate durch die Medienanstalt Berlin-Brandenburg (mabb).<\/p>\n<p>Sie erkl\u00e4rten den Abgeordneten, wie die Berichterstattung aus den Bezirken funktioniert und wie schwierig es ist, in einer gro\u00dfen Stadt neben den gro\u00dfen Themen auch die kleine Nachbarschaft nicht aus dem Blick zu verlieren. F\u00fcr Amal ist die Lage da nochmal anders. &#8222;Unser Bezirk ist nicht durch Geografie definiert&#8220;, erkl\u00e4rte Khalid Al Aboud den Politiker:innen. &#8222;Unser Bezirk ist durch die Sprache definiert. In meinem Fall ist es das arabisch sprechende Berlin.&#8220; Khalid Al Aboud rief die Politiker:innen dazu auf, diesen Bezirk nicht aus den Augen zu verlieren \u2013 insbesondere nicht im Kontext der anstehenden Wahlen. &#8222;Redet mit uns&#8220;, sagte er und verwies auf die wachsende Zahl von W\u00e4hlerstimmen von Berliner:innen, die jetzt eingeb\u00fcrgert sind.<\/p>\n","protected":false},"excerpt":{"rendered":"<p>&#8222;Amal ist wie eine klassische deutsche Lokalzeitung \u2013 nur eben auf Arabisch, Persisch und Ukrainisch&#8220;, sagen wir oft, wenn wir Au\u00dfenstehenden erkl\u00e4ren, was wir eigentlich machen. Um die Zukunft der Lokalzeitung ging es am Mittwoch, 19. Juni, bei einer Anh\u00f6rung im Berliner Abgeordnetenhaus. Mit dabei: Khalid Al Aboud, Redakteur in der arabischen Redaktion von Amal,&#8230;  <a class=\"excerpt-read-more\" href=\"https:\/\/amalberlin.de\/de\/2024\/06\/21\/amal-im-abgeordnetenhaus\/\" title=\"Read Amal im Abgeordnetenhaus\">Weiter &raquo;<\/a><\/p>\n","protected":false},"author":10,"featured_media":237495,"comment_status":"closed","ping_status":"open","sticky":false,"template":"","format":"standard","meta":{"_acf_changed":false,"footnotes":""},"categories":[7838],"tags":[13534,13533,977,13532],"class_list":["post-237484","post","type-post","status-publish","format-standard","has-post-thumbnail","hentry","category-beitraege-auf-deutsch","tag-abgeordnetenhaus-de","tag-anhoerung","tag-berlin-de","tag-lokaljournalismus"],"acf":[],"yoast_head":"<!-- This site is optimized with the Yoast SEO plugin v27.5 - https:\/\/yoast.com\/product\/yoast-seo-wordpress\/ -->\n<title>Amal im Abgeordnetenhaus - Amal, Berlin!<\/title>\n<meta name=\"description\" content=\"Um die Zukunft der Lokalzeitung ging es bei einer Anh\u00f6rung im Berliner Abgeordnetenhaus. Dabei: Khalid Al Aboud, Redakteur bei Amal, Berlin!\" \/>\n<meta name=\"robots\" content=\"index, follow, max-snippet:-1, max-image-preview:large, max-video-preview:-1\" \/>\n<link rel=\"canonical\" href=\"https:\/\/amalberlin.de\/de\/2024\/06\/21\/amal-im-abgeordnetenhaus\/\" \/>\n<meta property=\"og:locale\" content=\"de_DE\" \/>\n<meta property=\"og:type\" content=\"article\" \/>\n<meta property=\"og:title\" content=\"Amal im Abgeordnetenhaus - Amal, Berlin!\" \/>\n<meta property=\"og:description\" content=\"Um die Zukunft der Lokalzeitung ging es bei einer Anh\u00f6rung im Berliner Abgeordnetenhaus. Dabei: Khalid Al Aboud, Redakteur bei Amal, Berlin!\" \/>\n<meta property=\"og:url\" content=\"https:\/\/amalberlin.de\/de\/2024\/06\/21\/amal-im-abgeordnetenhaus\/\" \/>\n<meta property=\"og:site_name\" content=\"Amal, Berlin!\" \/>\n<meta property=\"article:publisher\" content=\"https:\/\/www.facebook.com\/AmalBerlinNews\/\" \/>\n<meta property=\"article:published_time\" content=\"2024-06-21T09:48:26+00:00\" \/>\n<meta property=\"article:modified_time\" content=\"2024-07-08T11:13:54+00:00\" \/>\n<meta property=\"og:image\" content=\"https:\/\/amalberlin.de\/wp-content\/uploads\/sites\/3\/2024\/06\/PHOTO-2024-06-19-09-33-57-scaled.jpg\" \/>\n\t<meta property=\"og:image:width\" content=\"1120\" \/>\n\t<meta property=\"og:image:height\" content=\"840\" \/>\n\t<meta property=\"og:image:type\" content=\"image\/jpeg\" \/>\n<meta name=\"author\" content=\"Cornelia Gerlach\" \/>\n<meta name=\"twitter:card\" content=\"summary_large_image\" \/>\n<meta name=\"twitter:label1\" content=\"Verfasst von\" \/>\n\t<meta name=\"twitter:data1\" content=\"Cornelia Gerlach\" \/>\n\t<meta name=\"twitter:label2\" content=\"Gesch\u00e4tzte Lesezeit\" \/>\n\t<meta name=\"twitter:data2\" content=\"2\u00a0Minuten\" \/>\n<script type=\"application\/ld+json\" class=\"yoast-schema-graph\">{\"@context\":\"https:\\\/\\\/schema.org\",\"@graph\":[{\"@type\":\"Article\",\"@id\":\"https:\\\/\\\/amalberlin.de\\\/de\\\/2024\\\/06\\\/21\\\/amal-im-abgeordnetenhaus\\\/#article\",\"isPartOf\":{\"@id\":\"https:\\\/\\\/amalberlin.de\\\/de\\\/2024\\\/06\\\/21\\\/amal-im-abgeordnetenhaus\\\/\"},\"author\":{\"name\":\"Cornelia Gerlach\",\"@id\":\"https:\\\/\\\/amalberlin.de\\\/de\\\/#\\\/schema\\\/person\\\/b38c2d45c0eb9b9e994801d3f87a2247\"},\"headline\":\"Amal im Abgeordnetenhaus\",\"datePublished\":\"2024-06-21T09:48:26+00:00\",\"dateModified\":\"2024-07-08T11:13:54+00:00\",\"mainEntityOfPage\":{\"@id\":\"https:\\\/\\\/amalberlin.de\\\/de\\\/2024\\\/06\\\/21\\\/amal-im-abgeordnetenhaus\\\/\"},\"wordCount\":254,\"publisher\":{\"@id\":\"https:\\\/\\\/amalberlin.de\\\/de\\\/#organization\"},\"image\":{\"@id\":\"https:\\\/\\\/amalberlin.de\\\/de\\\/2024\\\/06\\\/21\\\/amal-im-abgeordnetenhaus\\\/#primaryimage\"},\"thumbnailUrl\":\"https:\\\/\\\/amalberlin.de\\\/wp-content\\\/uploads\\\/sites\\\/3\\\/2024\\\/06\\\/PHOTO-2024-06-19-09-33-57-scaled.jpg\",\"keywords\":[\"Abgeordnetenhaus\",\"Anh\u00f6rung\",\"berlin\",\"Lokaljournalismus\"],\"articleSection\":[\"Beitr\u00e4ge auf Deutsch\"],\"inLanguage\":\"de\"},{\"@type\":\"WebPage\",\"@id\":\"https:\\\/\\\/amalberlin.de\\\/de\\\/2024\\\/06\\\/21\\\/amal-im-abgeordnetenhaus\\\/\",\"url\":\"https:\\\/\\\/amalberlin.de\\\/de\\\/2024\\\/06\\\/21\\\/amal-im-abgeordnetenhaus\\\/\",\"name\":\"Amal im Abgeordnetenhaus - Amal, Berlin!\",\"isPartOf\":{\"@id\":\"https:\\\/\\\/amalberlin.de\\\/de\\\/#website\"},\"primaryImageOfPage\":{\"@id\":\"https:\\\/\\\/amalberlin.de\\\/de\\\/2024\\\/06\\\/21\\\/amal-im-abgeordnetenhaus\\\/#primaryimage\"},\"image\":{\"@id\":\"https:\\\/\\\/amalberlin.de\\\/de\\\/2024\\\/06\\\/21\\\/amal-im-abgeordnetenhaus\\\/#primaryimage\"},\"thumbnailUrl\":\"https:\\\/\\\/amalberlin.de\\\/wp-content\\\/uploads\\\/sites\\\/3\\\/2024\\\/06\\\/PHOTO-2024-06-19-09-33-57-scaled.jpg\",\"datePublished\":\"2024-06-21T09:48:26+00:00\",\"dateModified\":\"2024-07-08T11:13:54+00:00\",\"description\":\"Um die Zukunft der Lokalzeitung ging es bei einer Anh\u00f6rung im Berliner Abgeordnetenhaus. Dabei: Khalid Al Aboud, Redakteur bei Amal, Berlin!\",\"breadcrumb\":{\"@id\":\"https:\\\/\\\/amalberlin.de\\\/de\\\/2024\\\/06\\\/21\\\/amal-im-abgeordnetenhaus\\\/#breadcrumb\"},\"inLanguage\":\"de\",\"potentialAction\":[{\"@type\":\"ReadAction\",\"target\":[\"https:\\\/\\\/amalberlin.de\\\/de\\\/2024\\\/06\\\/21\\\/amal-im-abgeordnetenhaus\\\/\"]}]},{\"@type\":\"ImageObject\",\"inLanguage\":\"de\",\"@id\":\"https:\\\/\\\/amalberlin.de\\\/de\\\/2024\\\/06\\\/21\\\/amal-im-abgeordnetenhaus\\\/#primaryimage\",\"url\":\"https:\\\/\\\/amalberlin.de\\\/wp-content\\\/uploads\\\/sites\\\/3\\\/2024\\\/06\\\/PHOTO-2024-06-19-09-33-57-scaled.jpg\",\"contentUrl\":\"https:\\\/\\\/amalberlin.de\\\/wp-content\\\/uploads\\\/sites\\\/3\\\/2024\\\/06\\\/PHOTO-2024-06-19-09-33-57-scaled.jpg\",\"width\":1120,\"height\":840,\"caption\":\"Foto: Cornelia Gerlach\"},{\"@type\":\"BreadcrumbList\",\"@id\":\"https:\\\/\\\/amalberlin.de\\\/de\\\/2024\\\/06\\\/21\\\/amal-im-abgeordnetenhaus\\\/#breadcrumb\",\"itemListElement\":[{\"@type\":\"ListItem\",\"position\":1,\"name\":\"Home\",\"item\":\"https:\\\/\\\/amalberlin.de\\\/de\\\/\"},{\"@type\":\"ListItem\",\"position\":2,\"name\":\"Amal im Abgeordnetenhaus\"}]},{\"@type\":\"WebSite\",\"@id\":\"https:\\\/\\\/amalberlin.de\\\/de\\\/#website\",\"url\":\"https:\\\/\\\/amalberlin.de\\\/de\\\/\",\"name\":\"Amal, Berlin!\",\"description\":\"\",\"publisher\":{\"@id\":\"https:\\\/\\\/amalberlin.de\\\/de\\\/#organization\"},\"potentialAction\":[{\"@type\":\"SearchAction\",\"target\":{\"@type\":\"EntryPoint\",\"urlTemplate\":\"https:\\\/\\\/amalberlin.de\\\/de\\\/?s={search_term_string}\"},\"query-input\":{\"@type\":\"PropertyValueSpecification\",\"valueRequired\":true,\"valueName\":\"search_term_string\"}}],\"inLanguage\":\"de\"},{\"@type\":\"Organization\",\"@id\":\"https:\\\/\\\/amalberlin.de\\\/de\\\/#organization\",\"name\":\"Amal, Berlin!\",\"url\":\"https:\\\/\\\/amalberlin.de\\\/de\\\/\",\"logo\":{\"@type\":\"ImageObject\",\"inLanguage\":\"de\",\"@id\":\"https:\\\/\\\/amalberlin.de\\\/de\\\/#\\\/schema\\\/logo\\\/image\\\/\",\"url\":\"https:\\\/\\\/amalberlin.de\\\/wp-content\\\/uploads\\\/sites\\\/3\\\/2020\\\/09\\\/LOGO_AMAL-Berlin_Final-01.jpg\",\"contentUrl\":\"https:\\\/\\\/amalberlin.de\\\/wp-content\\\/uploads\\\/sites\\\/3\\\/2020\\\/09\\\/LOGO_AMAL-Berlin_Final-01.jpg\",\"width\":250,\"height\":220,\"caption\":\"Amal, Berlin!\"},\"image\":{\"@id\":\"https:\\\/\\\/amalberlin.de\\\/de\\\/#\\\/schema\\\/logo\\\/image\\\/\"},\"sameAs\":[\"https:\\\/\\\/www.facebook.com\\\/AmalBerlinNews\\\/\",\"https:\\\/\\\/www.instagram.com\\\/amalberlin\\\/?hl=en\",\"https:\\\/\\\/www.youtube.com\\\/channel\\\/UCTDDzpr6EmhT1wLO0hszrrg\"]},{\"@type\":\"Person\",\"@id\":\"https:\\\/\\\/amalberlin.de\\\/de\\\/#\\\/schema\\\/person\\\/b38c2d45c0eb9b9e994801d3f87a2247\",\"name\":\"Cornelia Gerlach\",\"image\":{\"@type\":\"ImageObject\",\"inLanguage\":\"de\",\"@id\":\"https:\\\/\\\/amalberlin.de\\\/wp-content\\\/uploads\\\/sites\\\/3\\\/2023\\\/01\\\/Conny_AhamadKalaji2023_DSC0591-klein-125x125.jpg\",\"url\":\"https:\\\/\\\/amalberlin.de\\\/wp-content\\\/uploads\\\/sites\\\/3\\\/2023\\\/01\\\/Conny_AhamadKalaji2023_DSC0591-klein-125x125.jpg\",\"contentUrl\":\"https:\\\/\\\/amalberlin.de\\\/wp-content\\\/uploads\\\/sites\\\/3\\\/2023\\\/01\\\/Conny_AhamadKalaji2023_DSC0591-klein-125x125.jpg\",\"caption\":\"Cornelia Gerlach\"},\"description\":\"Cornelia Gerlach ist Projektleiterin bei Amal, Berlin! Daneben arbeitet sie als freie Journalistin und Dozentin f\u00fcr Reportage und Storytelling.\",\"url\":\"https:\\\/\\\/amalberlin.de\\\/de\\\/author\\\/conny\\\/\"}]}<\/script>\n<!-- \/ Yoast SEO plugin. -->","yoast_head_json":{"title":"Amal im Abgeordnetenhaus - Amal, Berlin!","description":"Um die Zukunft der Lokalzeitung ging es bei einer Anh\u00f6rung im Berliner Abgeordnetenhaus. Dabei: Khalid Al Aboud, Redakteur bei Amal, Berlin!","robots":{"index":"index","follow":"follow","max-snippet":"max-snippet:-1","max-image-preview":"max-image-preview:large","max-video-preview":"max-video-preview:-1"},"canonical":"https:\/\/amalberlin.de\/de\/2024\/06\/21\/amal-im-abgeordnetenhaus\/","og_locale":"de_DE","og_type":"article","og_title":"Amal im Abgeordnetenhaus - Amal, Berlin!","og_description":"Um die Zukunft der Lokalzeitung ging es bei einer Anh\u00f6rung im Berliner Abgeordnetenhaus. Dabei: Khalid Al Aboud, Redakteur bei Amal, Berlin!","og_url":"https:\/\/amalberlin.de\/de\/2024\/06\/21\/amal-im-abgeordnetenhaus\/","og_site_name":"Amal, Berlin!","article_publisher":"https:\/\/www.facebook.com\/AmalBerlinNews\/","article_published_time":"2024-06-21T09:48:26+00:00","article_modified_time":"2024-07-08T11:13:54+00:00","og_image":[{"width":1120,"height":840,"url":"https:\/\/amalberlin.de\/wp-content\/uploads\/sites\/3\/2024\/06\/PHOTO-2024-06-19-09-33-57-scaled.jpg","type":"image\/jpeg"}],"author":"Cornelia Gerlach","twitter_card":"summary_large_image","twitter_misc":{"Verfasst von":"Cornelia Gerlach","Gesch\u00e4tzte Lesezeit":"2\u00a0Minuten"},"schema":{"@context":"https:\/\/schema.org","@graph":[{"@type":"Article","@id":"https:\/\/amalberlin.de\/de\/2024\/06\/21\/amal-im-abgeordnetenhaus\/#article","isPartOf":{"@id":"https:\/\/amalberlin.de\/de\/2024\/06\/21\/amal-im-abgeordnetenhaus\/"},"author":{"name":"Cornelia Gerlach","@id":"https:\/\/amalberlin.de\/de\/#\/schema\/person\/b38c2d45c0eb9b9e994801d3f87a2247"},"headline":"Amal im Abgeordnetenhaus","datePublished":"2024-06-21T09:48:26+00:00","dateModified":"2024-07-08T11:13:54+00:00","mainEntityOfPage":{"@id":"https:\/\/amalberlin.de\/de\/2024\/06\/21\/amal-im-abgeordnetenhaus\/"},"wordCount":254,"publisher":{"@id":"https:\/\/amalberlin.de\/de\/#organization"},"image":{"@id":"https:\/\/amalberlin.de\/de\/2024\/06\/21\/amal-im-abgeordnetenhaus\/#primaryimage"},"thumbnailUrl":"https:\/\/amalberlin.de\/wp-content\/uploads\/sites\/3\/2024\/06\/PHOTO-2024-06-19-09-33-57-scaled.jpg","keywords":["Abgeordnetenhaus","Anh\u00f6rung","berlin","Lokaljournalismus"],"articleSection":["Beitr\u00e4ge auf Deutsch"],"inLanguage":"de"},{"@type":"WebPage","@id":"https:\/\/amalberlin.de\/de\/2024\/06\/21\/amal-im-abgeordnetenhaus\/","url":"https:\/\/amalberlin.de\/de\/2024\/06\/21\/amal-im-abgeordnetenhaus\/","name":"Amal im Abgeordnetenhaus - Amal, Berlin!","isPartOf":{"@id":"https:\/\/amalberlin.de\/de\/#website"},"primaryImageOfPage":{"@id":"https:\/\/amalberlin.de\/de\/2024\/06\/21\/amal-im-abgeordnetenhaus\/#primaryimage"},"image":{"@id":"https:\/\/amalberlin.de\/de\/2024\/06\/21\/amal-im-abgeordnetenhaus\/#primaryimage"},"thumbnailUrl":"https:\/\/amalberlin.de\/wp-content\/uploads\/sites\/3\/2024\/06\/PHOTO-2024-06-19-09-33-57-scaled.jpg","datePublished":"2024-06-21T09:48:26+00:00","dateModified":"2024-07-08T11:13:54+00:00","description":"Um die Zukunft der Lokalzeitung ging es bei einer Anh\u00f6rung im Berliner Abgeordnetenhaus. Dabei: Khalid Al Aboud, Redakteur bei Amal, Berlin!","breadcrumb":{"@id":"https:\/\/amalberlin.de\/de\/2024\/06\/21\/amal-im-abgeordnetenhaus\/#breadcrumb"},"inLanguage":"de","potentialAction":[{"@type":"ReadAction","target":["https:\/\/amalberlin.de\/de\/2024\/06\/21\/amal-im-abgeordnetenhaus\/"]}]},{"@type":"ImageObject","inLanguage":"de","@id":"https:\/\/amalberlin.de\/de\/2024\/06\/21\/amal-im-abgeordnetenhaus\/#primaryimage","url":"https:\/\/amalberlin.de\/wp-content\/uploads\/sites\/3\/2024\/06\/PHOTO-2024-06-19-09-33-57-scaled.jpg","contentUrl":"https:\/\/amalberlin.de\/wp-content\/uploads\/sites\/3\/2024\/06\/PHOTO-2024-06-19-09-33-57-scaled.jpg","width":1120,"height":840,"caption":"Foto: Cornelia Gerlach"},{"@type":"BreadcrumbList","@id":"https:\/\/amalberlin.de\/de\/2024\/06\/21\/amal-im-abgeordnetenhaus\/#breadcrumb","itemListElement":[{"@type":"ListItem","position":1,"name":"Home","item":"https:\/\/amalberlin.de\/de\/"},{"@type":"ListItem","position":2,"name":"Amal im Abgeordnetenhaus"}]},{"@type":"WebSite","@id":"https:\/\/amalberlin.de\/de\/#website","url":"https:\/\/amalberlin.de\/de\/","name":"Amal, Berlin!","description":"","publisher":{"@id":"https:\/\/amalberlin.de\/de\/#organization"},"potentialAction":[{"@type":"SearchAction","target":{"@type":"EntryPoint","urlTemplate":"https:\/\/amalberlin.de\/de\/?s={search_term_string}"},"query-input":{"@type":"PropertyValueSpecification","valueRequired":true,"valueName":"search_term_string"}}],"inLanguage":"de"},{"@type":"Organization","@id":"https:\/\/amalberlin.de\/de\/#organization","name":"Amal, Berlin!","url":"https:\/\/amalberlin.de\/de\/","logo":{"@type":"ImageObject","inLanguage":"de","@id":"https:\/\/amalberlin.de\/de\/#\/schema\/logo\/image\/","url":"https:\/\/amalberlin.de\/wp-content\/uploads\/sites\/3\/2020\/09\/LOGO_AMAL-Berlin_Final-01.jpg","contentUrl":"https:\/\/amalberlin.de\/wp-content\/uploads\/sites\/3\/2020\/09\/LOGO_AMAL-Berlin_Final-01.jpg","width":250,"height":220,"caption":"Amal, Berlin!"},"image":{"@id":"https:\/\/amalberlin.de\/de\/#\/schema\/logo\/image\/"},"sameAs":["https:\/\/www.facebook.com\/AmalBerlinNews\/","https:\/\/www.instagram.com\/amalberlin\/?hl=en","https:\/\/www.youtube.com\/channel\/UCTDDzpr6EmhT1wLO0hszrrg"]},{"@type":"Person","@id":"https:\/\/amalberlin.de\/de\/#\/schema\/person\/b38c2d45c0eb9b9e994801d3f87a2247","name":"Cornelia Gerlach","image":{"@type":"ImageObject","inLanguage":"de","@id":"https:\/\/amalberlin.de\/wp-content\/uploads\/sites\/3\/2023\/01\/Conny_AhamadKalaji2023_DSC0591-klein-125x125.jpg","url":"https:\/\/amalberlin.de\/wp-content\/uploads\/sites\/3\/2023\/01\/Conny_AhamadKalaji2023_DSC0591-klein-125x125.jpg","contentUrl":"https:\/\/amalberlin.de\/wp-content\/uploads\/sites\/3\/2023\/01\/Conny_AhamadKalaji2023_DSC0591-klein-125x125.jpg","caption":"Cornelia Gerlach"},"description":"Cornelia Gerlach ist Projektleiterin bei Amal, Berlin! Daneben arbeitet sie als freie Journalistin und Dozentin f\u00fcr Reportage und Storytelling.","url":"https:\/\/amalberlin.de\/de\/author\/conny\/"}]}},"_links":{"self":[{"href":"https:\/\/amalberlin.de\/de\/wp-json\/wp\/v2\/posts\/237484","targetHints":{"allow":["GET"]}}],"collection":[{"href":"https:\/\/amalberlin.de\/de\/wp-json\/wp\/v2\/posts"}],"about":[{"href":"https:\/\/amalberlin.de\/de\/wp-json\/wp\/v2\/types\/post"}],"author":[{"embeddable":true,"href":"https:\/\/amalberlin.de\/de\/wp-json\/wp\/v2\/users\/10"}],"replies":[{"embeddable":true,"href":"https:\/\/amalberlin.de\/de\/wp-json\/wp\/v2\/comments?post=237484"}],"version-history":[{"count":4,"href":"https:\/\/amalberlin.de\/de\/wp-json\/wp\/v2\/posts\/237484\/revisions"}],"predecessor-version":[{"id":237505,"href":"https:\/\/amalberlin.de\/de\/wp-json\/wp\/v2\/posts\/237484\/revisions\/237505"}],"wp:featuredmedia":[{"embeddable":true,"href":"https:\/\/amalberlin.de\/de\/wp-json\/wp\/v2\/media\/237495"}],"wp:attachment":[{"href":"https:\/\/amalberlin.de\/de\/wp-json\/wp\/v2\/media?parent=237484"}],"wp:term":[{"taxonomy":"category","embeddable":true,"href":"https:\/\/amalberlin.de\/de\/wp-json\/wp\/v2\/categories?post=237484"},{"taxonomy":"post_tag","embeddable":true,"href":"https:\/\/amalberlin.de\/de\/wp-json\/wp\/v2\/tags?post=237484"}],"curies":[{"name":"wp","href":"https:\/\/api.w.org\/{rel}","templated":true}]}}