{"id":219522,"date":"2023-07-10T12:35:10","date_gmt":"2023-07-10T10:35:10","guid":{"rendered":"https:\/\/amalberlin.de\/?p=219522"},"modified":"2024-01-04T12:46:33","modified_gmt":"2024-01-04T11:46:33","slug":"wenn-der-student-ein-migrant-ist","status":"publish","type":"post","link":"https:\/\/amalberlin.de\/de\/2023\/07\/10\/wenn-der-student-ein-migrant-ist\/","title":{"rendered":"Wenn der Student ein Migrant ist"},"content":{"rendered":"<p><span style=\"font-weight: 400;\">Sahand Khorrami studiert an der Leibniz Universit\u00e4t Hannover. Amal-Redakteurin Maryam Mardani hat sich mit dem jungen Iraner getroffen und ihn gefragt, ob er seinen Landsleuten empfehlen w\u00fcrde, zum Studieren nach Deutschland zu gehen und wie er den Alltag an der Uni erlebt. Im Gespr\u00e4ch macht Sahand klar: Auch f\u00fcr Studierende ist es schwer, in Deutschland anzufangen. Das beginnt beim Versuch, ein Bankkonto zu er\u00f6ffnen \u2013 und h\u00f6rt bei den psychischen Folgen der Migration noch lange nicht auf.\u00a0<\/span><\/p>\n<p><iframe loading=\"lazy\" title=\"\u06af\u0641\u062a\u200c\u0648\u06af\u0648 \u0628\u0627 \u0633\u0647\u0646\u062f \u062e\u0631\u0645\u06cc \u062f\u0631 \u062f\u0627\u0646\u0634\u06af\u0627\u0647 \u0644\u0627\u06cc\u0628\u0646\u06cc\u062a\u0633 \u0647\u0627\u0646\u0648\u0641\u0631\" width=\"680\" height=\"383\" src=\"https:\/\/www.youtube.com\/embed\/NPfLT3JZ_Yk?feature=oembed\" frameborder=\"0\" allow=\"accelerometer; autoplay; clipboard-write; encrypted-media; gyroscope; picture-in-picture; web-share\" allowfullscreen><\/iframe><\/p>\n<p>Foto: Maryam Mardani<\/p>\n","protected":false},"excerpt":{"rendered":"<p>Sahand Khorrami studiert an der Leibniz Universit\u00e4t Hannover. Amal-Redakteurin Maryam Mardani hat sich mit dem jungen Iraner getroffen und ihn gefragt, ob er seinen Landsleuten empfehlen w\u00fcrde, zum Studieren nach Deutschland zu gehen und wie er den Alltag an der Uni erlebt. Im Gespr\u00e4ch macht Sahand klar: Auch f\u00fcr Studierende ist es schwer, in Deutschland&#8230;  <a class=\"excerpt-read-more\" href=\"https:\/\/amalberlin.de\/de\/2023\/07\/10\/wenn-der-student-ein-migrant-ist\/\" title=\"Read Wenn der Student ein Migrant ist\">Weiter &raquo;<\/a><\/p>\n","protected":false},"author":20,"featured_media":219594,"comment_status":"open","ping_status":"open","sticky":false,"template":"","format":"standard","meta":{"_acf_changed":false,"footnotes":""},"categories":[11560],"tags":[],"class_list":["post-219522","post","type-post","status-publish","format-standard","has-post-thumbnail","hentry","category-amal-on-tour"],"acf":[],"yoast_head":"<!-- This site is optimized with the Yoast SEO plugin v27.5 - https:\/\/yoast.com\/product\/yoast-seo-wordpress\/ -->\n<title>Wenn der Student ein Migrant ist - Amal, Berlin!<\/title>\n<meta name=\"description\" content=\"Wie ist das, als Iraner in Hannover zu studieren? Amal-Redakteurin Maryam Mardani den Student Sahand Khorrami nach seinen Erfahrungen gefragt.\" \/>\n<meta name=\"robots\" content=\"index, follow, max-snippet:-1, max-image-preview:large, max-video-preview:-1\" \/>\n<link rel=\"canonical\" href=\"https:\/\/amalberlin.de\/de\/2023\/07\/10\/wenn-der-student-ein-migrant-ist\/\" \/>\n<meta property=\"og:locale\" content=\"de_DE\" \/>\n<meta property=\"og:type\" content=\"article\" \/>\n<meta property=\"og:title\" content=\"Wenn der Student ein Migrant ist - Amal, Berlin!\" \/>\n<meta property=\"og:description\" content=\"Wie ist das, als Iraner in Hannover zu studieren? Amal-Redakteurin Maryam Mardani den Student Sahand Khorrami nach seinen Erfahrungen gefragt.\" \/>\n<meta property=\"og:url\" content=\"https:\/\/amalberlin.de\/de\/2023\/07\/10\/wenn-der-student-ein-migrant-ist\/\" \/>\n<meta property=\"og:site_name\" content=\"Amal, Berlin!\" \/>\n<meta property=\"article:publisher\" content=\"https:\/\/www.facebook.com\/AmalBerlinNews\/\" \/>\n<meta property=\"article:published_time\" content=\"2023-07-10T10:35:10+00:00\" \/>\n<meta property=\"article:modified_time\" content=\"2024-01-04T11:46:33+00:00\" \/>\n<meta property=\"og:image\" content=\"https:\/\/amalberlin.de\/wp-content\/uploads\/sites\/3\/2024\/01\/Amal_on_Tour_Reste-1.jpeg\" \/>\n\t<meta property=\"og:image:width\" content=\"640\" \/>\n\t<meta property=\"og:image:height\" content=\"360\" \/>\n\t<meta property=\"og:image:type\" content=\"image\/jpeg\" \/>\n<meta name=\"author\" content=\"Maryam Mardani\" \/>\n<meta name=\"twitter:card\" content=\"summary_large_image\" \/>\n<meta name=\"twitter:label1\" content=\"Verfasst von\" \/>\n\t<meta name=\"twitter:data1\" content=\"Maryam Mardani\" \/>\n\t<meta name=\"twitter:label2\" content=\"Gesch\u00e4tzte Lesezeit\" \/>\n\t<meta name=\"twitter:data2\" content=\"1\u00a0Minute\" \/>\n<script type=\"application\/ld+json\" class=\"yoast-schema-graph\">{\"@context\":\"https:\\\/\\\/schema.org\",\"@graph\":[{\"@type\":\"Article\",\"@id\":\"https:\\\/\\\/amalberlin.de\\\/de\\\/2023\\\/07\\\/10\\\/wenn-der-student-ein-migrant-ist\\\/#article\",\"isPartOf\":{\"@id\":\"https:\\\/\\\/amalberlin.de\\\/de\\\/2023\\\/07\\\/10\\\/wenn-der-student-ein-migrant-ist\\\/\"},\"author\":{\"name\":\"Maryam Mardani\",\"@id\":\"https:\\\/\\\/amalberlin.de\\\/de\\\/#\\\/schema\\\/person\\\/8ef63556c5b3129fa059804fca8531b4\"},\"headline\":\"Wenn der Student ein Migrant ist\",\"datePublished\":\"2023-07-10T10:35:10+00:00\",\"dateModified\":\"2024-01-04T11:46:33+00:00\",\"mainEntityOfPage\":{\"@id\":\"https:\\\/\\\/amalberlin.de\\\/de\\\/2023\\\/07\\\/10\\\/wenn-der-student-ein-migrant-ist\\\/\"},\"wordCount\":100,\"commentCount\":0,\"publisher\":{\"@id\":\"https:\\\/\\\/amalberlin.de\\\/de\\\/#organization\"},\"image\":{\"@id\":\"https:\\\/\\\/amalberlin.de\\\/de\\\/2023\\\/07\\\/10\\\/wenn-der-student-ein-migrant-ist\\\/#primaryimage\"},\"thumbnailUrl\":\"https:\\\/\\\/amalberlin.de\\\/wp-content\\\/uploads\\\/sites\\\/3\\\/2024\\\/01\\\/Amal_on_Tour_Reste-1.jpeg\",\"articleSection\":[\"Amal on Tour\"],\"inLanguage\":\"de\",\"potentialAction\":[{\"@type\":\"CommentAction\",\"name\":\"Comment\",\"target\":[\"https:\\\/\\\/amalberlin.de\\\/de\\\/2023\\\/07\\\/10\\\/wenn-der-student-ein-migrant-ist\\\/#respond\"]}]},{\"@type\":\"WebPage\",\"@id\":\"https:\\\/\\\/amalberlin.de\\\/de\\\/2023\\\/07\\\/10\\\/wenn-der-student-ein-migrant-ist\\\/\",\"url\":\"https:\\\/\\\/amalberlin.de\\\/de\\\/2023\\\/07\\\/10\\\/wenn-der-student-ein-migrant-ist\\\/\",\"name\":\"Wenn der Student ein Migrant ist - Amal, Berlin!\",\"isPartOf\":{\"@id\":\"https:\\\/\\\/amalberlin.de\\\/de\\\/#website\"},\"primaryImageOfPage\":{\"@id\":\"https:\\\/\\\/amalberlin.de\\\/de\\\/2023\\\/07\\\/10\\\/wenn-der-student-ein-migrant-ist\\\/#primaryimage\"},\"image\":{\"@id\":\"https:\\\/\\\/amalberlin.de\\\/de\\\/2023\\\/07\\\/10\\\/wenn-der-student-ein-migrant-ist\\\/#primaryimage\"},\"thumbnailUrl\":\"https:\\\/\\\/amalberlin.de\\\/wp-content\\\/uploads\\\/sites\\\/3\\\/2024\\\/01\\\/Amal_on_Tour_Reste-1.jpeg\",\"datePublished\":\"2023-07-10T10:35:10+00:00\",\"dateModified\":\"2024-01-04T11:46:33+00:00\",\"description\":\"Wie ist das, als Iraner in Hannover zu studieren? Amal-Redakteurin Maryam Mardani den Student Sahand Khorrami nach seinen Erfahrungen gefragt.\",\"breadcrumb\":{\"@id\":\"https:\\\/\\\/amalberlin.de\\\/de\\\/2023\\\/07\\\/10\\\/wenn-der-student-ein-migrant-ist\\\/#breadcrumb\"},\"inLanguage\":\"de\",\"potentialAction\":[{\"@type\":\"ReadAction\",\"target\":[\"https:\\\/\\\/amalberlin.de\\\/de\\\/2023\\\/07\\\/10\\\/wenn-der-student-ein-migrant-ist\\\/\"]}]},{\"@type\":\"ImageObject\",\"inLanguage\":\"de\",\"@id\":\"https:\\\/\\\/amalberlin.de\\\/de\\\/2023\\\/07\\\/10\\\/wenn-der-student-ein-migrant-ist\\\/#primaryimage\",\"url\":\"https:\\\/\\\/amalberlin.de\\\/wp-content\\\/uploads\\\/sites\\\/3\\\/2024\\\/01\\\/Amal_on_Tour_Reste-1.jpeg\",\"contentUrl\":\"https:\\\/\\\/amalberlin.de\\\/wp-content\\\/uploads\\\/sites\\\/3\\\/2024\\\/01\\\/Amal_on_Tour_Reste-1.jpeg\",\"width\":640,\"height\":360},{\"@type\":\"BreadcrumbList\",\"@id\":\"https:\\\/\\\/amalberlin.de\\\/de\\\/2023\\\/07\\\/10\\\/wenn-der-student-ein-migrant-ist\\\/#breadcrumb\",\"itemListElement\":[{\"@type\":\"ListItem\",\"position\":1,\"name\":\"Home\",\"item\":\"https:\\\/\\\/amalberlin.de\\\/de\\\/\"},{\"@type\":\"ListItem\",\"position\":2,\"name\":\"Wenn der Student ein Migrant ist\"}]},{\"@type\":\"WebSite\",\"@id\":\"https:\\\/\\\/amalberlin.de\\\/de\\\/#website\",\"url\":\"https:\\\/\\\/amalberlin.de\\\/de\\\/\",\"name\":\"Amal, Berlin!\",\"description\":\"\",\"publisher\":{\"@id\":\"https:\\\/\\\/amalberlin.de\\\/de\\\/#organization\"},\"potentialAction\":[{\"@type\":\"SearchAction\",\"target\":{\"@type\":\"EntryPoint\",\"urlTemplate\":\"https:\\\/\\\/amalberlin.de\\\/de\\\/?s={search_term_string}\"},\"query-input\":{\"@type\":\"PropertyValueSpecification\",\"valueRequired\":true,\"valueName\":\"search_term_string\"}}],\"inLanguage\":\"de\"},{\"@type\":\"Organization\",\"@id\":\"https:\\\/\\\/amalberlin.de\\\/de\\\/#organization\",\"name\":\"Amal, Berlin!\",\"url\":\"https:\\\/\\\/amalberlin.de\\\/de\\\/\",\"logo\":{\"@type\":\"ImageObject\",\"inLanguage\":\"de\",\"@id\":\"https:\\\/\\\/amalberlin.de\\\/de\\\/#\\\/schema\\\/logo\\\/image\\\/\",\"url\":\"https:\\\/\\\/amalberlin.de\\\/wp-content\\\/uploads\\\/sites\\\/3\\\/2020\\\/09\\\/LOGO_AMAL-Berlin_Final-01.jpg\",\"contentUrl\":\"https:\\\/\\\/amalberlin.de\\\/wp-content\\\/uploads\\\/sites\\\/3\\\/2020\\\/09\\\/LOGO_AMAL-Berlin_Final-01.jpg\",\"width\":250,\"height\":220,\"caption\":\"Amal, Berlin!\"},\"image\":{\"@id\":\"https:\\\/\\\/amalberlin.de\\\/de\\\/#\\\/schema\\\/logo\\\/image\\\/\"},\"sameAs\":[\"https:\\\/\\\/www.facebook.com\\\/AmalBerlinNews\\\/\",\"https:\\\/\\\/www.instagram.com\\\/amalberlin\\\/?hl=en\",\"https:\\\/\\\/www.youtube.com\\\/channel\\\/UCTDDzpr6EmhT1wLO0hszrrg\"]},{\"@type\":\"Person\",\"@id\":\"https:\\\/\\\/amalberlin.de\\\/de\\\/#\\\/schema\\\/person\\\/8ef63556c5b3129fa059804fca8531b4\",\"name\":\"Maryam Mardani\",\"image\":{\"@type\":\"ImageObject\",\"inLanguage\":\"de\",\"@id\":\"https:\\\/\\\/amalberlin.de\\\/wp-content\\\/uploads\\\/sites\\\/3\\\/2024\\\/08\\\/94f11e4c-8dad-4cd1-8cb4-a388ec964152-125x125.jpeg\",\"url\":\"https:\\\/\\\/amalberlin.de\\\/wp-content\\\/uploads\\\/sites\\\/3\\\/2024\\\/08\\\/94f11e4c-8dad-4cd1-8cb4-a388ec964152-125x125.jpeg\",\"contentUrl\":\"https:\\\/\\\/amalberlin.de\\\/wp-content\\\/uploads\\\/sites\\\/3\\\/2024\\\/08\\\/94f11e4c-8dad-4cd1-8cb4-a388ec964152-125x125.jpeg\",\"caption\":\"Maryam Mardani\"},\"description\":\"Maryam Mardani hat im Iran Englische Literatur studiert und ist f\u00fcr ihre Doktorarbeit nach Deutschland gekommen. Sie schreibt Kurzgeschichten und hat bei der Deutschen Welle Praktikum gemacht. Sie ist Redakteurin in der Dari\\\/Farsi-Redaktion von Amal, Berlin!\",\"url\":\"https:\\\/\\\/amalberlin.de\\\/de\\\/author\\\/maryam-mardani\\\/\"}]}<\/script>\n<!-- \/ Yoast SEO plugin. -->","yoast_head_json":{"title":"Wenn der Student ein Migrant ist - Amal, Berlin!","description":"Wie ist das, als Iraner in Hannover zu studieren? Amal-Redakteurin Maryam Mardani den Student Sahand Khorrami nach seinen Erfahrungen gefragt.","robots":{"index":"index","follow":"follow","max-snippet":"max-snippet:-1","max-image-preview":"max-image-preview:large","max-video-preview":"max-video-preview:-1"},"canonical":"https:\/\/amalberlin.de\/de\/2023\/07\/10\/wenn-der-student-ein-migrant-ist\/","og_locale":"de_DE","og_type":"article","og_title":"Wenn der Student ein Migrant ist - Amal, Berlin!","og_description":"Wie ist das, als Iraner in Hannover zu studieren? Amal-Redakteurin Maryam Mardani den Student Sahand Khorrami nach seinen Erfahrungen gefragt.","og_url":"https:\/\/amalberlin.de\/de\/2023\/07\/10\/wenn-der-student-ein-migrant-ist\/","og_site_name":"Amal, Berlin!","article_publisher":"https:\/\/www.facebook.com\/AmalBerlinNews\/","article_published_time":"2023-07-10T10:35:10+00:00","article_modified_time":"2024-01-04T11:46:33+00:00","og_image":[{"width":640,"height":360,"url":"https:\/\/amalberlin.de\/wp-content\/uploads\/sites\/3\/2024\/01\/Amal_on_Tour_Reste-1.jpeg","type":"image\/jpeg"}],"author":"Maryam Mardani","twitter_card":"summary_large_image","twitter_misc":{"Verfasst von":"Maryam Mardani","Gesch\u00e4tzte Lesezeit":"1\u00a0Minute"},"schema":{"@context":"https:\/\/schema.org","@graph":[{"@type":"Article","@id":"https:\/\/amalberlin.de\/de\/2023\/07\/10\/wenn-der-student-ein-migrant-ist\/#article","isPartOf":{"@id":"https:\/\/amalberlin.de\/de\/2023\/07\/10\/wenn-der-student-ein-migrant-ist\/"},"author":{"name":"Maryam Mardani","@id":"https:\/\/amalberlin.de\/de\/#\/schema\/person\/8ef63556c5b3129fa059804fca8531b4"},"headline":"Wenn der Student ein Migrant ist","datePublished":"2023-07-10T10:35:10+00:00","dateModified":"2024-01-04T11:46:33+00:00","mainEntityOfPage":{"@id":"https:\/\/amalberlin.de\/de\/2023\/07\/10\/wenn-der-student-ein-migrant-ist\/"},"wordCount":100,"commentCount":0,"publisher":{"@id":"https:\/\/amalberlin.de\/de\/#organization"},"image":{"@id":"https:\/\/amalberlin.de\/de\/2023\/07\/10\/wenn-der-student-ein-migrant-ist\/#primaryimage"},"thumbnailUrl":"https:\/\/amalberlin.de\/wp-content\/uploads\/sites\/3\/2024\/01\/Amal_on_Tour_Reste-1.jpeg","articleSection":["Amal on Tour"],"inLanguage":"de","potentialAction":[{"@type":"CommentAction","name":"Comment","target":["https:\/\/amalberlin.de\/de\/2023\/07\/10\/wenn-der-student-ein-migrant-ist\/#respond"]}]},{"@type":"WebPage","@id":"https:\/\/amalberlin.de\/de\/2023\/07\/10\/wenn-der-student-ein-migrant-ist\/","url":"https:\/\/amalberlin.de\/de\/2023\/07\/10\/wenn-der-student-ein-migrant-ist\/","name":"Wenn der Student ein Migrant ist - Amal, Berlin!","isPartOf":{"@id":"https:\/\/amalberlin.de\/de\/#website"},"primaryImageOfPage":{"@id":"https:\/\/amalberlin.de\/de\/2023\/07\/10\/wenn-der-student-ein-migrant-ist\/#primaryimage"},"image":{"@id":"https:\/\/amalberlin.de\/de\/2023\/07\/10\/wenn-der-student-ein-migrant-ist\/#primaryimage"},"thumbnailUrl":"https:\/\/amalberlin.de\/wp-content\/uploads\/sites\/3\/2024\/01\/Amal_on_Tour_Reste-1.jpeg","datePublished":"2023-07-10T10:35:10+00:00","dateModified":"2024-01-04T11:46:33+00:00","description":"Wie ist das, als Iraner in Hannover zu studieren? Amal-Redakteurin Maryam Mardani den Student Sahand Khorrami nach seinen Erfahrungen gefragt.","breadcrumb":{"@id":"https:\/\/amalberlin.de\/de\/2023\/07\/10\/wenn-der-student-ein-migrant-ist\/#breadcrumb"},"inLanguage":"de","potentialAction":[{"@type":"ReadAction","target":["https:\/\/amalberlin.de\/de\/2023\/07\/10\/wenn-der-student-ein-migrant-ist\/"]}]},{"@type":"ImageObject","inLanguage":"de","@id":"https:\/\/amalberlin.de\/de\/2023\/07\/10\/wenn-der-student-ein-migrant-ist\/#primaryimage","url":"https:\/\/amalberlin.de\/wp-content\/uploads\/sites\/3\/2024\/01\/Amal_on_Tour_Reste-1.jpeg","contentUrl":"https:\/\/amalberlin.de\/wp-content\/uploads\/sites\/3\/2024\/01\/Amal_on_Tour_Reste-1.jpeg","width":640,"height":360},{"@type":"BreadcrumbList","@id":"https:\/\/amalberlin.de\/de\/2023\/07\/10\/wenn-der-student-ein-migrant-ist\/#breadcrumb","itemListElement":[{"@type":"ListItem","position":1,"name":"Home","item":"https:\/\/amalberlin.de\/de\/"},{"@type":"ListItem","position":2,"name":"Wenn der Student ein Migrant ist"}]},{"@type":"WebSite","@id":"https:\/\/amalberlin.de\/de\/#website","url":"https:\/\/amalberlin.de\/de\/","name":"Amal, Berlin!","description":"","publisher":{"@id":"https:\/\/amalberlin.de\/de\/#organization"},"potentialAction":[{"@type":"SearchAction","target":{"@type":"EntryPoint","urlTemplate":"https:\/\/amalberlin.de\/de\/?s={search_term_string}"},"query-input":{"@type":"PropertyValueSpecification","valueRequired":true,"valueName":"search_term_string"}}],"inLanguage":"de"},{"@type":"Organization","@id":"https:\/\/amalberlin.de\/de\/#organization","name":"Amal, Berlin!","url":"https:\/\/amalberlin.de\/de\/","logo":{"@type":"ImageObject","inLanguage":"de","@id":"https:\/\/amalberlin.de\/de\/#\/schema\/logo\/image\/","url":"https:\/\/amalberlin.de\/wp-content\/uploads\/sites\/3\/2020\/09\/LOGO_AMAL-Berlin_Final-01.jpg","contentUrl":"https:\/\/amalberlin.de\/wp-content\/uploads\/sites\/3\/2020\/09\/LOGO_AMAL-Berlin_Final-01.jpg","width":250,"height":220,"caption":"Amal, Berlin!"},"image":{"@id":"https:\/\/amalberlin.de\/de\/#\/schema\/logo\/image\/"},"sameAs":["https:\/\/www.facebook.com\/AmalBerlinNews\/","https:\/\/www.instagram.com\/amalberlin\/?hl=en","https:\/\/www.youtube.com\/channel\/UCTDDzpr6EmhT1wLO0hszrrg"]},{"@type":"Person","@id":"https:\/\/amalberlin.de\/de\/#\/schema\/person\/8ef63556c5b3129fa059804fca8531b4","name":"Maryam Mardani","image":{"@type":"ImageObject","inLanguage":"de","@id":"https:\/\/amalberlin.de\/wp-content\/uploads\/sites\/3\/2024\/08\/94f11e4c-8dad-4cd1-8cb4-a388ec964152-125x125.jpeg","url":"https:\/\/amalberlin.de\/wp-content\/uploads\/sites\/3\/2024\/08\/94f11e4c-8dad-4cd1-8cb4-a388ec964152-125x125.jpeg","contentUrl":"https:\/\/amalberlin.de\/wp-content\/uploads\/sites\/3\/2024\/08\/94f11e4c-8dad-4cd1-8cb4-a388ec964152-125x125.jpeg","caption":"Maryam Mardani"},"description":"Maryam Mardani hat im Iran Englische Literatur studiert und ist f\u00fcr ihre Doktorarbeit nach Deutschland gekommen. Sie schreibt Kurzgeschichten und hat bei der Deutschen Welle Praktikum gemacht. Sie ist Redakteurin in der Dari\/Farsi-Redaktion von Amal, Berlin!","url":"https:\/\/amalberlin.de\/de\/author\/maryam-mardani\/"}]}},"_links":{"self":[{"href":"https:\/\/amalberlin.de\/de\/wp-json\/wp\/v2\/posts\/219522","targetHints":{"allow":["GET"]}}],"collection":[{"href":"https:\/\/amalberlin.de\/de\/wp-json\/wp\/v2\/posts"}],"about":[{"href":"https:\/\/amalberlin.de\/de\/wp-json\/wp\/v2\/types\/post"}],"author":[{"embeddable":true,"href":"https:\/\/amalberlin.de\/de\/wp-json\/wp\/v2\/users\/20"}],"replies":[{"embeddable":true,"href":"https:\/\/amalberlin.de\/de\/wp-json\/wp\/v2\/comments?post=219522"}],"version-history":[{"count":1,"href":"https:\/\/amalberlin.de\/de\/wp-json\/wp\/v2\/posts\/219522\/revisions"}],"predecessor-version":[{"id":219599,"href":"https:\/\/amalberlin.de\/de\/wp-json\/wp\/v2\/posts\/219522\/revisions\/219599"}],"wp:featuredmedia":[{"embeddable":true,"href":"https:\/\/amalberlin.de\/de\/wp-json\/wp\/v2\/media\/219594"}],"wp:attachment":[{"href":"https:\/\/amalberlin.de\/de\/wp-json\/wp\/v2\/media?parent=219522"}],"wp:term":[{"taxonomy":"category","embeddable":true,"href":"https:\/\/amalberlin.de\/de\/wp-json\/wp\/v2\/categories?post=219522"},{"taxonomy":"post_tag","embeddable":true,"href":"https:\/\/amalberlin.de\/de\/wp-json\/wp\/v2\/tags?post=219522"}],"curies":[{"name":"wp","href":"https:\/\/api.w.org\/{rel}","templated":true}]}}