{"id":219333,"date":"2023-07-06T10:53:53","date_gmt":"2023-07-06T08:53:53","guid":{"rendered":"https:\/\/amalberlin.de\/?p=219333"},"modified":"2024-01-04T12:02:57","modified_gmt":"2024-01-04T11:02:57","slug":"es-gibt-keine-fremden-kinder-keine-fremden-sorgen","status":"publish","type":"post","link":"https:\/\/amalberlin.de\/de\/2023\/07\/06\/es-gibt-keine-fremden-kinder-keine-fremden-sorgen\/","title":{"rendered":"&#8222;Es gibt keine fremden Kinder, keine fremden Sorgen&#8220;"},"content":{"rendered":"<p><span style=\"font-weight: 400;\">Ukrainer in Burgwedel sind die Helden eines Artikels, der eine Reihe von Ver\u00f6ffentlichungen im Rahmen unseres Projekts &#8222;Amal on the Road&#8220; fortsetzt. Zwei Wochen lang reisten zehn ukrainische, arabische und Dari\/Farsi-Journalisten durch Niedersachsen, um Geschichten von Migranten und denen, die sie unterst\u00fctzen, zu recherchieren. Das Amal-Team besuchte auch die malerische Stadt Burgwedel bei Hannover, wo rund 200 Ukrainer eine neue Heimat gefunden haben. Fast 40 von ihnen wurden von der evangelisch-lutherischen St. Petri-Kirche zu einer freundlichen Gemeinschaft zusammengef\u00fchrt. Nana Morozova hat herausgefunden, wie die ukrainische Gemeinschaft abseits der Gro\u00dfst\u00e4dte lebt und was das Geheimnis ihrer \u00fcberraschend herzlichen und ber\u00fchrenden Beziehungen ist.<\/span><\/p>\n<img loading=\"lazy\" decoding=\"async\" class=\"alignnone  wp-image-219431\" src=\"https:\/\/amalberlin.de\/wp-content\/uploads\/sites\/3\/2024\/01\/Burgwedel_png_20230610_141016_0000-300x240.jpg\" alt=\"\" width=\"373\" height=\"298\" srcset=\"https:\/\/amalberlin.de\/wp-content\/uploads\/sites\/3\/2024\/01\/Burgwedel_png_20230610_141016_0000-300x240.jpg 300w, https:\/\/amalberlin.de\/wp-content\/uploads\/sites\/3\/2024\/01\/Burgwedel_png_20230610_141016_0000-1024x819.jpg 1024w, https:\/\/amalberlin.de\/wp-content\/uploads\/sites\/3\/2024\/01\/Burgwedel_png_20230610_141016_0000-768x614.jpg 768w, https:\/\/amalberlin.de\/wp-content\/uploads\/sites\/3\/2024\/01\/Burgwedel_png_20230610_141016_0000.jpg 1080w\" sizes=\"auto, (max-width: 373px) 100vw, 373px\" \/>\n<h2>Ukrainische Teeparty unter einem deutschen Ahornbaum<\/h2>\n<p>&nbsp;<\/p>\n<p><span style=\"font-weight: 400;\">Die Sonne scheint auf den Innenhof der Peterskirche mit seinem smaragdgr\u00fcnen Rasen und dem ausladenden Ahornbaum. In seinem spitzen Schatten stellen die Pfarrerin und ihre Assistenten Tische und St\u00fchle auf, bringen hei\u00dfen Kaffee und Tassen, die ersten Erdbeeren, blaue Weintrauben und Kekse. Es ist noch still, die nur gelegentlich h\u00f6rt man V\u00f6gel zwitschern.<\/span><\/p>\n<p>&nbsp;<\/p>\n<p><span style=\"font-weight: 400;\">Ja, die Stadt Burgwedel ist nicht laut. Das gemessene Leben von 20.000 Einwohnern l\u00e4sst sich nicht mit dem Lebenstempo im benachbarten Hannover, der nieders\u00e4chsischen Landeshauptstadt, und erst recht nicht mit dem Trubel in Berlin vergleichen. Es scheint, als sei hier jeder Tag ein Sonntag. Doch heute ist Mittwoch, die Zeit der traditionellen Teeparty der ukrainischen Gemeinde in Burgwedel, zu der manchmal bis zu 40 G\u00e4ste kommen.<\/span><\/p>\n<p><span style=\"font-weight: 400;\">\u00a0<\/span><\/p>\n<p><span style=\"font-weight: 400;\">Die freien St\u00fchle am Tisch werden immer weniger, und bald reichen sie nicht mehr aus. Das Lachen der Kinder \u00fcbert\u00f6nt sofort die V\u00f6gel, und M\u00fctter mit Kinderwagen, junge und alte Frauen und ein paar \u00e4ltere M\u00e4nner beginnen zu reden. Sie sitzen dicht beieinander, umarmen sich manchmal, fl\u00fcstern \u00fcber heikle Dinge, machen sich \u00fcbereinander lustig&#8230; Ich f\u00fchle mich, als w\u00e4re ich in ein fremdes Fest eingedrungen, auf dem mehrere Dutzend alte Freunde eine gro\u00dfe Sache daraus machen. Und als g\u00e4be es nichts auf der Welt, was sie dazu veranlasst h\u00e4tte, sich hier zu treffen.<\/span><\/p>\n<p>&nbsp;<\/p>\n<p><span style=\"font-weight: 400;\">&#8222;Ich habe nur Geschichten \u00fcber den Krieg geh\u00f6rt und die Nachrichten im Fernsehen gesehen&#8220;, sagt Bodil Reller, Pastorin der evangelisch-lutherischen St. Peter&#8217;s Church, &#8222;aber jetzt sehen wir echte Geschichten, echten Kummer. Es ist so schwer&#8230; Nicht jeder kann \u00fcber den Krieg sprechen. Aber diese Frauen sind stark, sie k\u00e4mpfen f\u00fcr ihre Kinder und zeigen ihren Schmerz nicht.&#8220;<\/span><\/p>\n<p>&nbsp;<\/p>\n<p><span style=\"font-weight: 400;\">Die Deutschen reagierten sofort auf die Ereignisse in der Ukraine. Von Berlin bis Burgwedel \u00f6ffneten sie die T\u00fcren ihrer Wohnungen und H\u00e4user ohne Bedingungen. Sie nahmen kinderreiche Familien, schwangere Frauen, alte Menschen im Rollstuhl, Familien mit Katzen und Hunden aus den Grenzgebieten und Lagern auf. Und sie blieben ihre Freunde, auch nachdem die Ukrainer eine eigene Unterkunft gefunden hatten. &#8222;Eine deutsche Familie l\u00e4dt uns immer noch zu sich ein&#8220;, \u201cdie Familie, bei der wir gelebt haben, hilft uns immer noch mit Dokumenten&#8220;, \u201cwir kommunizieren immer noch und treffen uns an Feiertagen&#8220; &#8211; es gibt viele Geschichten der Dankbarkeit am Tisch.<\/span><\/p>\n<p>&nbsp;<\/p>\n<p><span style=\"font-weight: 400;\">Die deutschen Kirchen sind zu besonders wichtigen Zentren der Hilfe und Unterst\u00fctzung f\u00fcr die Ukrainer geworden.<\/span><\/p>\n<div id=\"attachment_219411\" style=\"width: 310px\" class=\"wp-caption alignnone\"><img loading=\"lazy\" decoding=\"async\" aria-describedby=\"caption-attachment-219411\" class=\"size-medium wp-image-219411\" src=\"https:\/\/amalberlin.de\/wp-content\/uploads\/sites\/3\/2024\/01\/Burgwedel_20230710_123434_0000-300x240.jpg\" alt=\"\" width=\"300\" height=\"240\" srcset=\"https:\/\/amalberlin.de\/wp-content\/uploads\/sites\/3\/2024\/01\/Burgwedel_20230710_123434_0000-300x240.jpg 300w, https:\/\/amalberlin.de\/wp-content\/uploads\/sites\/3\/2024\/01\/Burgwedel_20230710_123434_0000-1024x819.jpg 1024w, https:\/\/amalberlin.de\/wp-content\/uploads\/sites\/3\/2024\/01\/Burgwedel_20230710_123434_0000-768x614.jpg 768w, https:\/\/amalberlin.de\/wp-content\/uploads\/sites\/3\/2024\/01\/Burgwedel_20230710_123434_0000-1536x1229.jpg 1536w, https:\/\/amalberlin.de\/wp-content\/uploads\/sites\/3\/2024\/01\/Burgwedel_20230710_123434_0000-scaled.jpg 1050w\" sizes=\"auto, (max-width: 300px) 100vw, 300px\" \/><p id=\"caption-attachment-219411\" class=\"wp-caption-text\">Foto: Nana Morozova<\/p><\/div>\n<h2><b>Sprache ist wichtig<\/b><\/h2>\n<p><span style=\"font-weight: 400;\">Im M\u00e4rz 2022 organisierte die evangelisch-lutherische Gemeinde St. Peter&#8217;s Church einen Grundkurs in Deutsch. Sie lehrten das Alphabet, die Grundlagen des Lesens, Zahlen und die gebr\u00e4uchlichsten Verben. &#8222;Das hat uns sehr geholfen&#8220;, erinnert sich Iryna, eine Reiseleiterin aus Odesa, &#8222;im Mai, als wir mit dem Integrationskurs begannen, wussten wir schon etwas, so dass es f\u00fcr uns viel einfacher war. Und die M\u00e4dchen, die in Wettmar (einer Nachbarstadt von Burgwedel) zur Schule gingen, waren sehr gute Sch\u00fclerinnen, sie wurden sehr gut unterrichtet.&#8220;<\/span><\/p>\n<p>&nbsp;<\/p>\n<p><span style=\"font-weight: 400;\">Auch heute noch sind Freiwillige in der Petruskirche t\u00e4tig. Zehn pensionierte Deutschlehrer geben montags zus\u00e4tzlich Sprachunterricht f\u00fcr Ukrainer. &#8222;In den Integrationskursen kommen wie in der Schule 25-30 Leute auf einen Lehrer&#8220;, erkl\u00e4rt Pfarrerin Bodil Reller, &#8222;da haben die Leute gar nicht die M\u00f6glichkeit, selbst\u00e4ndig S\u00e4tze zu bilden. Hier sind es vier oder f\u00fcnf Personen in einer Gruppe. Die Ukrainer wollen wirklich Deutsch lernen. Unsere Lehrer sind zwar schon im Rentenalter, aber sie wissen genau, was sie tun.&#8220;<\/span><\/p>\n<p>&nbsp;<\/p>\n<p><span style=\"font-weight: 400;\">Es gibt auch Musikunterricht f\u00fcr Kinder. Am liebsten aber treffen sich die Burgwedeler mittwochs zum Teekr\u00e4nzchen. Zum ersten Mal trafen sie sich am 31. M\u00e4rz 2022 auf dem Kirchhof. Seitdem haben sie kein einziges Mal gefehlt.<\/span><\/p>\n<p>&nbsp;<\/p>\n<p><span style=\"font-weight: 400;\">Diese Mittwoche sind zu einem Ort der Kommunikation in ihrer Muttersprache geworden. Ukrainer aus Kiew, Charkiw, Odesa und Cherson, von denen die meisten in ihren Familien Russisch gesprochen haben, haben es in Burgwedel bewusst aufgegeben. Surzhyk ist h\u00e4ufig zu h\u00f6ren, aber die neuen Burgwedeler h\u00f6ren nicht auf, Ukrainisch zu lernen. Sie sprechen es untereinander, schreiben Nachrichten und lesen ukrainische E-Books. Sie w\u00fcnschen sich auch eine eigene ukrainische Bibliothek mit B\u00fcchern aus Papier in der Kirche. &#8222;Freiwillige haben Kinderb\u00fccher verteilt&#8220;, klagt Olena aus Kiew, &#8222;aber ich habe eine Tochter im Teenageralter. Ich kann in den Gesch\u00e4ften kein einziges Buch f\u00fcr sie finden.&#8220;\u00a0<\/span><\/p>\n<p>&nbsp;<\/p>\n<p><span style=\"font-weight: 400;\">Wenn jemand etwas beitragen kann, schicken Sie bitte ukrainische Literatur an diese Adresse: Evangelisch-lutherische St.-Petri-Kirchengemeinde Mitteldorf 1a, 30938 Burgwedel<\/span><\/p>\n<img loading=\"lazy\" decoding=\"async\" class=\"alignnone size-medium wp-image-219426\" src=\"https:\/\/amalberlin.de\/wp-content\/uploads\/sites\/3\/2024\/01\/Burgwedel_png_20230611_123018_0000-300x240.jpg\" alt=\"\" width=\"300\" height=\"240\" srcset=\"https:\/\/amalberlin.de\/wp-content\/uploads\/sites\/3\/2024\/01\/Burgwedel_png_20230611_123018_0000-300x240.jpg 300w, https:\/\/amalberlin.de\/wp-content\/uploads\/sites\/3\/2024\/01\/Burgwedel_png_20230611_123018_0000-1024x819.jpg 1024w, https:\/\/amalberlin.de\/wp-content\/uploads\/sites\/3\/2024\/01\/Burgwedel_png_20230611_123018_0000-768x614.jpg 768w, https:\/\/amalberlin.de\/wp-content\/uploads\/sites\/3\/2024\/01\/Burgwedel_png_20230611_123018_0000.jpg 1080w\" sizes=\"auto, (max-width: 300px) 100vw, 300px\" \/>\n<h2><b>Wir brauchen wirklich einen Kleinbus<\/b><\/h2>\n<p>&nbsp;<\/p>\n<p><span style=\"font-weight: 400;\">Ob die Ukrainer in einer gro\u00dfen oder einer kleinen deutschen Stadt leben, sie stehen vor den gleichen Problemen. Einige haben ihre Dokumente schnell erhalten, andere haben sechs Monate gewartet. Manche haben sofort einen Kindergartenplatz bekommen, andere haben noch keinen. In der Kirche St. Peter gibt es zwar einen Kindergarten, aber der hat mehr als 100 Kinder im Alter von einem bis sechs Jahren und keine freien Pl\u00e4tze. Dennoch nehmen Freiwillige die kleinen Ukrainer gerne zweimal pro Woche f\u00fcr anderthalb Stunden auf. Die Kinder spielen, lernen mit Gleichaltrigen Deutsch, und die M\u00fctter haben etwas Zeit f\u00fcr sich.<\/span><\/p>\n<p>&nbsp;<\/p>\n<p><span style=\"font-weight: 400;\">Das Leben in der Provinz hat jedoch einen entscheidenden Unterschied zum Leben in der Stadt: die \u00f6ffentlichen Verkehrsmittel sind rar. An Fahrplan und Komfort gibt es nichts auszusetzen, aber w\u00e4hrend des Streiks haben die Burgwedeler im Gegensatz zu den Berlinern keine Alternativen. Und 25 Kilometer nach Hannover sind eine lange Strecke. Olenas Tochter, die in Kiew eine gute Schwimmerin war, kann also nicht jeden Tag nach Hannover fahren. Gut, dass die begabte Anastasia fast sofort ein neues Hobby gefunden hat &#8211; das Saxophon. Dass sie vorher noch nie ein Saxophon in der Hand hatte, st\u00f6rte sie nicht im Geringsten. Auch Deutsch hat sie erstaunlich schnell gelernt. Alle in der Gemeinde sind stolz und bereit, ihre neuen F\u00e4higkeiten der Welt zu zeigen.\u00a0<\/span><\/p>\n<p>&nbsp;<\/p>\n<p><span style=\"font-weight: 400;\">&#8222;Auch wenn es nur ein kleiner Bus w\u00e4re&#8220;, ruft Yurii aus Charkiw, &#8222;auch wenn er alt w\u00e4re! Ich bin Rentner, ich habe Zeit, ich kann fahren, transportieren, helfen.&#8220; &#8222;Das w\u00e4re gro\u00dfartig!&#8220;, echauffierten sich die Frauen. Yuriy ist 66 Jahre alt und hat eine lange Geschichte der Freiwilligenarbeit in Charkiw, da er seit 2014 der Armee hilft. Deshalb ist er auch hier immer bereit, die Frauen zu unterst\u00fctzen. &#8222;Die M\u00e4dchen brauchen immer M\u00f6bel, irgendjemand zieht immer irgendwo hin. Und hier auf der Stra\u00dfe gibt es sie umsonst &#8211; nimm sie einfach! Aber womit? Bis man Hilfe findet, ist nichts mehr da, was man mitnehmen k\u00f6nnte.&#8220;<\/span><\/p>\n<p>&nbsp;<\/p>\n<p><span style=\"font-weight: 400;\">Die Gemeinschaft w\u00fcrde mit einem solchen Bus auch gerne auf Reisen gehen. Da die meisten von ihnen Europa zum ersten Mal gesehen haben, tr\u00e4umen die Frauen von Bremen und Berlin. Sogar das Wort &#8222;Paris&#8220; wird erw\u00e4hnt, obwohl sie ungl\u00e4ubig lachen. Auf die Frage, warum sie nicht jeder f\u00fcr sich ein eigenes Programm machen, liegt die Antwort auf der Hand: Gemeinsam macht es mehr Spa\u00df.<\/span><\/p>\n<p><b>Es gibt jetzt keine Fremden mehr<\/b><\/p>\n<p><span style=\"font-weight: 400;\">Bedauern sie es, nicht in einer Gro\u00dfstadt zu leben? &#8222;Nein, \u00fcberhaupt nicht!&#8220;, lautet die fast einhellige Antwort. &#8222;Im Gegenteil&#8220;, gibt Valeria zu, die mit ihrer kleinen, schwangeren Tochter aus Charkiw nach Deutschland gekommen ist, &#8222;ich will gar nicht weg, ich mag die Stadt sehr, ich habe jetzt viele Bekannte und Freunde. Valeriias Mann, ein Berufssoldat, hat die Burgwedeler Familie k\u00fcrzlich besucht. Und die Art und Weise, wie die Frauen am Tisch dar\u00fcber sprachen, zeigte, dass das freudige Wiedersehen des Paares eine Freude f\u00fcr die ganze Gemeinde war.<\/span><\/p>\n<p>&nbsp;<\/p>\n<p><span style=\"font-weight: 400;\">&#8222;Die Gemeinde ist sehr hilfsbereit&#8220;, so die junge Frau weiter, &#8222;Wenn jemand irgendwo einen Kinderwagen oder Kindersachen sieht, bringt er sie gleich mit. Jetzt gibt es keine fremden Kinder mehr. Yana ist gerade eingezogen, ihr Sohn geht in dieselbe Schule wie meine Tochter. Wir haben vier Wohnungen auf einer Etage im sozialen Wohnungsbau zugewiesen bekommen. Die T\u00fcren sind immer offen! Die Kinder sind entweder bei mir oder bei ihr. Meine Tochter kommt und erz\u00e4hlt mir, was sie gegessen haben und wann&#8230; Es gibt keine fremden Kinder, keine fremden Familien, keine fremden Probleme.<\/span><\/p>\n<img loading=\"lazy\" decoding=\"async\" class=\"alignnone size-medium wp-image-219416\" src=\"https:\/\/amalberlin.de\/wp-content\/uploads\/sites\/3\/2024\/01\/Burgwedel_photo_2023-06-10_14-33-41-300x247.jpg\" alt=\"\" width=\"300\" height=\"247\" srcset=\"https:\/\/amalberlin.de\/wp-content\/uploads\/sites\/3\/2024\/01\/Burgwedel_photo_2023-06-10_14-33-41-300x247.jpg 300w, https:\/\/amalberlin.de\/wp-content\/uploads\/sites\/3\/2024\/01\/Burgwedel_photo_2023-06-10_14-33-41-768x631.jpg 768w, https:\/\/amalberlin.de\/wp-content\/uploads\/sites\/3\/2024\/01\/Burgwedel_photo_2023-06-10_14-33-41.jpg 954w\" sizes=\"auto, (max-width: 300px) 100vw, 300px\" \/>\n<p><span style=\"font-weight: 400;\">Evangelisch-lutherische St.-Petri-Kirchengemeinde, Mitteldorf 1a, 30938 Burgwedel<\/span><\/p>\n<p>&nbsp;<\/p>\n<p><span style=\"font-weight: 400;\">Fotos: Nana Morozova<\/span><\/p>\n<p>&nbsp;<\/p>\n","protected":false},"excerpt":{"rendered":"<p>Ukrainer in Burgwedel sind die Helden eines Artikels, der eine Reihe von Ver\u00f6ffentlichungen im Rahmen unseres Projekts &#8222;Amal on the Road&#8220; fortsetzt. Zwei Wochen lang reisten zehn ukrainische, arabische und Dari\/Farsi-Journalisten durch Niedersachsen, um Geschichten von Migranten und denen, die sie unterst\u00fctzen, zu recherchieren. Das Amal-Team besuchte auch die malerische Stadt Burgwedel bei Hannover, wo&#8230;  <a class=\"excerpt-read-more\" href=\"https:\/\/amalberlin.de\/de\/2023\/07\/06\/es-gibt-keine-fremden-kinder-keine-fremden-sorgen\/\" title=\"Read &#8222;Es gibt keine fremden Kinder, keine fremden Sorgen&#8220;\">Weiter &raquo;<\/a><\/p>\n","protected":false},"author":10,"featured_media":219436,"comment_status":"open","ping_status":"open","sticky":false,"template":"","format":"standard","meta":{"_acf_changed":false,"footnotes":""},"categories":[11560],"tags":[],"class_list":["post-219333","post","type-post","status-publish","format-standard","has-post-thumbnail","hentry","category-amal-on-tour"],"acf":[],"yoast_head":"<!-- This site is optimized with the Yoast SEO plugin v27.5 - https:\/\/yoast.com\/product\/yoast-seo-wordpress\/ -->\n<title>&quot;Es gibt keine fremden Kinder, keine fremden Sorgen&quot; - Amal, Berlin!<\/title>\n<meta name=\"robots\" content=\"index, follow, max-snippet:-1, max-image-preview:large, max-video-preview:-1\" \/>\n<link rel=\"canonical\" href=\"https:\/\/amalberlin.de\/de\/2023\/07\/06\/es-gibt-keine-fremden-kinder-keine-fremden-sorgen\/\" \/>\n<meta property=\"og:locale\" content=\"de_DE\" \/>\n<meta property=\"og:type\" content=\"article\" \/>\n<meta property=\"og:title\" content=\"&quot;Es gibt keine fremden Kinder, keine fremden Sorgen&quot; - Amal, Berlin!\" \/>\n<meta property=\"og:description\" content=\"Ukrainer in Burgwedel sind die Helden eines Artikels, der eine Reihe von Ver\u00f6ffentlichungen im Rahmen unseres Projekts &#8222;Amal on the Road&#8220; fortsetzt. Zwei Wochen lang reisten zehn ukrainische, arabische und Dari\/Farsi-Journalisten durch Niedersachsen, um Geschichten von Migranten und denen, die sie unterst\u00fctzen, zu recherchieren. Das Amal-Team besuchte auch die malerische Stadt Burgwedel bei Hannover, wo... Weiter &raquo;\" \/>\n<meta property=\"og:url\" content=\"https:\/\/amalberlin.de\/de\/2023\/07\/06\/es-gibt-keine-fremden-kinder-keine-fremden-sorgen\/\" \/>\n<meta property=\"og:site_name\" content=\"Amal, Berlin!\" \/>\n<meta property=\"article:publisher\" content=\"https:\/\/www.facebook.com\/AmalBerlinNews\/\" \/>\n<meta property=\"article:published_time\" content=\"2023-07-06T08:53:53+00:00\" \/>\n<meta property=\"article:modified_time\" content=\"2024-01-04T11:02:57+00:00\" \/>\n<meta property=\"og:image\" content=\"https:\/\/amalberlin.de\/wp-content\/uploads\/sites\/3\/2024\/01\/Burgwedel_photo_2023-06-10_14-32-08-scaled.jpg\" \/>\n\t<meta property=\"og:image:width\" content=\"1120\" \/>\n\t<meta property=\"og:image:height\" content=\"840\" \/>\n\t<meta property=\"og:image:type\" content=\"image\/jpeg\" \/>\n<meta name=\"author\" content=\"Cornelia Gerlach\" \/>\n<meta name=\"twitter:card\" content=\"summary_large_image\" \/>\n<meta name=\"twitter:label1\" content=\"Verfasst von\" \/>\n\t<meta name=\"twitter:data1\" content=\"Cornelia Gerlach\" \/>\n\t<meta name=\"twitter:label2\" content=\"Gesch\u00e4tzte Lesezeit\" \/>\n\t<meta name=\"twitter:data2\" content=\"9\u00a0Minuten\" \/>\n<script type=\"application\/ld+json\" class=\"yoast-schema-graph\">{\"@context\":\"https:\\\/\\\/schema.org\",\"@graph\":[{\"@type\":\"Article\",\"@id\":\"https:\\\/\\\/amalberlin.de\\\/de\\\/2023\\\/07\\\/06\\\/es-gibt-keine-fremden-kinder-keine-fremden-sorgen\\\/#article\",\"isPartOf\":{\"@id\":\"https:\\\/\\\/amalberlin.de\\\/de\\\/2023\\\/07\\\/06\\\/es-gibt-keine-fremden-kinder-keine-fremden-sorgen\\\/\"},\"author\":{\"name\":\"Cornelia Gerlach\",\"@id\":\"https:\\\/\\\/amalberlin.de\\\/de\\\/#\\\/schema\\\/person\\\/b38c2d45c0eb9b9e994801d3f87a2247\"},\"headline\":\"&#8222;Es gibt keine fremden Kinder, keine fremden Sorgen&#8220;\",\"datePublished\":\"2023-07-06T08:53:53+00:00\",\"dateModified\":\"2024-01-04T11:02:57+00:00\",\"mainEntityOfPage\":{\"@id\":\"https:\\\/\\\/amalberlin.de\\\/de\\\/2023\\\/07\\\/06\\\/es-gibt-keine-fremden-kinder-keine-fremden-sorgen\\\/\"},\"wordCount\":1504,\"commentCount\":0,\"publisher\":{\"@id\":\"https:\\\/\\\/amalberlin.de\\\/de\\\/#organization\"},\"image\":{\"@id\":\"https:\\\/\\\/amalberlin.de\\\/de\\\/2023\\\/07\\\/06\\\/es-gibt-keine-fremden-kinder-keine-fremden-sorgen\\\/#primaryimage\"},\"thumbnailUrl\":\"https:\\\/\\\/amalberlin.de\\\/wp-content\\\/uploads\\\/sites\\\/3\\\/2024\\\/01\\\/Burgwedel_photo_2023-06-10_14-32-08-scaled.jpg\",\"articleSection\":[\"Amal on Tour\"],\"inLanguage\":\"de\",\"potentialAction\":[{\"@type\":\"CommentAction\",\"name\":\"Comment\",\"target\":[\"https:\\\/\\\/amalberlin.de\\\/de\\\/2023\\\/07\\\/06\\\/es-gibt-keine-fremden-kinder-keine-fremden-sorgen\\\/#respond\"]}]},{\"@type\":\"WebPage\",\"@id\":\"https:\\\/\\\/amalberlin.de\\\/de\\\/2023\\\/07\\\/06\\\/es-gibt-keine-fremden-kinder-keine-fremden-sorgen\\\/\",\"url\":\"https:\\\/\\\/amalberlin.de\\\/de\\\/2023\\\/07\\\/06\\\/es-gibt-keine-fremden-kinder-keine-fremden-sorgen\\\/\",\"name\":\"\\\"Es gibt keine fremden Kinder, keine fremden Sorgen\\\" - Amal, Berlin!\",\"isPartOf\":{\"@id\":\"https:\\\/\\\/amalberlin.de\\\/de\\\/#website\"},\"primaryImageOfPage\":{\"@id\":\"https:\\\/\\\/amalberlin.de\\\/de\\\/2023\\\/07\\\/06\\\/es-gibt-keine-fremden-kinder-keine-fremden-sorgen\\\/#primaryimage\"},\"image\":{\"@id\":\"https:\\\/\\\/amalberlin.de\\\/de\\\/2023\\\/07\\\/06\\\/es-gibt-keine-fremden-kinder-keine-fremden-sorgen\\\/#primaryimage\"},\"thumbnailUrl\":\"https:\\\/\\\/amalberlin.de\\\/wp-content\\\/uploads\\\/sites\\\/3\\\/2024\\\/01\\\/Burgwedel_photo_2023-06-10_14-32-08-scaled.jpg\",\"datePublished\":\"2023-07-06T08:53:53+00:00\",\"dateModified\":\"2024-01-04T11:02:57+00:00\",\"breadcrumb\":{\"@id\":\"https:\\\/\\\/amalberlin.de\\\/de\\\/2023\\\/07\\\/06\\\/es-gibt-keine-fremden-kinder-keine-fremden-sorgen\\\/#breadcrumb\"},\"inLanguage\":\"de\",\"potentialAction\":[{\"@type\":\"ReadAction\",\"target\":[\"https:\\\/\\\/amalberlin.de\\\/de\\\/2023\\\/07\\\/06\\\/es-gibt-keine-fremden-kinder-keine-fremden-sorgen\\\/\"]}]},{\"@type\":\"ImageObject\",\"inLanguage\":\"de\",\"@id\":\"https:\\\/\\\/amalberlin.de\\\/de\\\/2023\\\/07\\\/06\\\/es-gibt-keine-fremden-kinder-keine-fremden-sorgen\\\/#primaryimage\",\"url\":\"https:\\\/\\\/amalberlin.de\\\/wp-content\\\/uploads\\\/sites\\\/3\\\/2024\\\/01\\\/Burgwedel_photo_2023-06-10_14-32-08-scaled.jpg\",\"contentUrl\":\"https:\\\/\\\/amalberlin.de\\\/wp-content\\\/uploads\\\/sites\\\/3\\\/2024\\\/01\\\/Burgwedel_photo_2023-06-10_14-32-08-scaled.jpg\",\"width\":1120,\"height\":840},{\"@type\":\"BreadcrumbList\",\"@id\":\"https:\\\/\\\/amalberlin.de\\\/de\\\/2023\\\/07\\\/06\\\/es-gibt-keine-fremden-kinder-keine-fremden-sorgen\\\/#breadcrumb\",\"itemListElement\":[{\"@type\":\"ListItem\",\"position\":1,\"name\":\"Home\",\"item\":\"https:\\\/\\\/amalberlin.de\\\/de\\\/\"},{\"@type\":\"ListItem\",\"position\":2,\"name\":\"&#8220;Es gibt keine fremden Kinder, keine fremden Sorgen&#8221;\"}]},{\"@type\":\"WebSite\",\"@id\":\"https:\\\/\\\/amalberlin.de\\\/de\\\/#website\",\"url\":\"https:\\\/\\\/amalberlin.de\\\/de\\\/\",\"name\":\"Amal, Berlin!\",\"description\":\"\",\"publisher\":{\"@id\":\"https:\\\/\\\/amalberlin.de\\\/de\\\/#organization\"},\"potentialAction\":[{\"@type\":\"SearchAction\",\"target\":{\"@type\":\"EntryPoint\",\"urlTemplate\":\"https:\\\/\\\/amalberlin.de\\\/de\\\/?s={search_term_string}\"},\"query-input\":{\"@type\":\"PropertyValueSpecification\",\"valueRequired\":true,\"valueName\":\"search_term_string\"}}],\"inLanguage\":\"de\"},{\"@type\":\"Organization\",\"@id\":\"https:\\\/\\\/amalberlin.de\\\/de\\\/#organization\",\"name\":\"Amal, Berlin!\",\"url\":\"https:\\\/\\\/amalberlin.de\\\/de\\\/\",\"logo\":{\"@type\":\"ImageObject\",\"inLanguage\":\"de\",\"@id\":\"https:\\\/\\\/amalberlin.de\\\/de\\\/#\\\/schema\\\/logo\\\/image\\\/\",\"url\":\"https:\\\/\\\/amalberlin.de\\\/wp-content\\\/uploads\\\/sites\\\/3\\\/2020\\\/09\\\/LOGO_AMAL-Berlin_Final-01.jpg\",\"contentUrl\":\"https:\\\/\\\/amalberlin.de\\\/wp-content\\\/uploads\\\/sites\\\/3\\\/2020\\\/09\\\/LOGO_AMAL-Berlin_Final-01.jpg\",\"width\":250,\"height\":220,\"caption\":\"Amal, Berlin!\"},\"image\":{\"@id\":\"https:\\\/\\\/amalberlin.de\\\/de\\\/#\\\/schema\\\/logo\\\/image\\\/\"},\"sameAs\":[\"https:\\\/\\\/www.facebook.com\\\/AmalBerlinNews\\\/\",\"https:\\\/\\\/www.instagram.com\\\/amalberlin\\\/?hl=en\",\"https:\\\/\\\/www.youtube.com\\\/channel\\\/UCTDDzpr6EmhT1wLO0hszrrg\"]},{\"@type\":\"Person\",\"@id\":\"https:\\\/\\\/amalberlin.de\\\/de\\\/#\\\/schema\\\/person\\\/b38c2d45c0eb9b9e994801d3f87a2247\",\"name\":\"Cornelia Gerlach\",\"image\":{\"@type\":\"ImageObject\",\"inLanguage\":\"de\",\"@id\":\"https:\\\/\\\/amalberlin.de\\\/wp-content\\\/uploads\\\/sites\\\/3\\\/2023\\\/01\\\/Conny_AhamadKalaji2023_DSC0591-klein-125x125.jpg\",\"url\":\"https:\\\/\\\/amalberlin.de\\\/wp-content\\\/uploads\\\/sites\\\/3\\\/2023\\\/01\\\/Conny_AhamadKalaji2023_DSC0591-klein-125x125.jpg\",\"contentUrl\":\"https:\\\/\\\/amalberlin.de\\\/wp-content\\\/uploads\\\/sites\\\/3\\\/2023\\\/01\\\/Conny_AhamadKalaji2023_DSC0591-klein-125x125.jpg\",\"caption\":\"Cornelia Gerlach\"},\"description\":\"Cornelia Gerlach ist Projektleiterin bei Amal, Berlin! Daneben arbeitet sie als freie Journalistin und Dozentin f\u00fcr Reportage und Storytelling.\",\"url\":\"https:\\\/\\\/amalberlin.de\\\/de\\\/author\\\/conny\\\/\"}]}<\/script>\n<!-- \/ Yoast SEO plugin. -->","yoast_head_json":{"title":"\"Es gibt keine fremden Kinder, keine fremden Sorgen\" - Amal, Berlin!","robots":{"index":"index","follow":"follow","max-snippet":"max-snippet:-1","max-image-preview":"max-image-preview:large","max-video-preview":"max-video-preview:-1"},"canonical":"https:\/\/amalberlin.de\/de\/2023\/07\/06\/es-gibt-keine-fremden-kinder-keine-fremden-sorgen\/","og_locale":"de_DE","og_type":"article","og_title":"\"Es gibt keine fremden Kinder, keine fremden Sorgen\" - Amal, Berlin!","og_description":"Ukrainer in Burgwedel sind die Helden eines Artikels, der eine Reihe von Ver\u00f6ffentlichungen im Rahmen unseres Projekts &#8222;Amal on the Road&#8220; fortsetzt. Zwei Wochen lang reisten zehn ukrainische, arabische und Dari\/Farsi-Journalisten durch Niedersachsen, um Geschichten von Migranten und denen, die sie unterst\u00fctzen, zu recherchieren. Das Amal-Team besuchte auch die malerische Stadt Burgwedel bei Hannover, wo... Weiter &raquo;","og_url":"https:\/\/amalberlin.de\/de\/2023\/07\/06\/es-gibt-keine-fremden-kinder-keine-fremden-sorgen\/","og_site_name":"Amal, Berlin!","article_publisher":"https:\/\/www.facebook.com\/AmalBerlinNews\/","article_published_time":"2023-07-06T08:53:53+00:00","article_modified_time":"2024-01-04T11:02:57+00:00","og_image":[{"width":1120,"height":840,"url":"https:\/\/amalberlin.de\/wp-content\/uploads\/sites\/3\/2024\/01\/Burgwedel_photo_2023-06-10_14-32-08-scaled.jpg","type":"image\/jpeg"}],"author":"Cornelia Gerlach","twitter_card":"summary_large_image","twitter_misc":{"Verfasst von":"Cornelia Gerlach","Gesch\u00e4tzte Lesezeit":"9\u00a0Minuten"},"schema":{"@context":"https:\/\/schema.org","@graph":[{"@type":"Article","@id":"https:\/\/amalberlin.de\/de\/2023\/07\/06\/es-gibt-keine-fremden-kinder-keine-fremden-sorgen\/#article","isPartOf":{"@id":"https:\/\/amalberlin.de\/de\/2023\/07\/06\/es-gibt-keine-fremden-kinder-keine-fremden-sorgen\/"},"author":{"name":"Cornelia Gerlach","@id":"https:\/\/amalberlin.de\/de\/#\/schema\/person\/b38c2d45c0eb9b9e994801d3f87a2247"},"headline":"&#8222;Es gibt keine fremden Kinder, keine fremden Sorgen&#8220;","datePublished":"2023-07-06T08:53:53+00:00","dateModified":"2024-01-04T11:02:57+00:00","mainEntityOfPage":{"@id":"https:\/\/amalberlin.de\/de\/2023\/07\/06\/es-gibt-keine-fremden-kinder-keine-fremden-sorgen\/"},"wordCount":1504,"commentCount":0,"publisher":{"@id":"https:\/\/amalberlin.de\/de\/#organization"},"image":{"@id":"https:\/\/amalberlin.de\/de\/2023\/07\/06\/es-gibt-keine-fremden-kinder-keine-fremden-sorgen\/#primaryimage"},"thumbnailUrl":"https:\/\/amalberlin.de\/wp-content\/uploads\/sites\/3\/2024\/01\/Burgwedel_photo_2023-06-10_14-32-08-scaled.jpg","articleSection":["Amal on Tour"],"inLanguage":"de","potentialAction":[{"@type":"CommentAction","name":"Comment","target":["https:\/\/amalberlin.de\/de\/2023\/07\/06\/es-gibt-keine-fremden-kinder-keine-fremden-sorgen\/#respond"]}]},{"@type":"WebPage","@id":"https:\/\/amalberlin.de\/de\/2023\/07\/06\/es-gibt-keine-fremden-kinder-keine-fremden-sorgen\/","url":"https:\/\/amalberlin.de\/de\/2023\/07\/06\/es-gibt-keine-fremden-kinder-keine-fremden-sorgen\/","name":"\"Es gibt keine fremden Kinder, keine fremden Sorgen\" - Amal, Berlin!","isPartOf":{"@id":"https:\/\/amalberlin.de\/de\/#website"},"primaryImageOfPage":{"@id":"https:\/\/amalberlin.de\/de\/2023\/07\/06\/es-gibt-keine-fremden-kinder-keine-fremden-sorgen\/#primaryimage"},"image":{"@id":"https:\/\/amalberlin.de\/de\/2023\/07\/06\/es-gibt-keine-fremden-kinder-keine-fremden-sorgen\/#primaryimage"},"thumbnailUrl":"https:\/\/amalberlin.de\/wp-content\/uploads\/sites\/3\/2024\/01\/Burgwedel_photo_2023-06-10_14-32-08-scaled.jpg","datePublished":"2023-07-06T08:53:53+00:00","dateModified":"2024-01-04T11:02:57+00:00","breadcrumb":{"@id":"https:\/\/amalberlin.de\/de\/2023\/07\/06\/es-gibt-keine-fremden-kinder-keine-fremden-sorgen\/#breadcrumb"},"inLanguage":"de","potentialAction":[{"@type":"ReadAction","target":["https:\/\/amalberlin.de\/de\/2023\/07\/06\/es-gibt-keine-fremden-kinder-keine-fremden-sorgen\/"]}]},{"@type":"ImageObject","inLanguage":"de","@id":"https:\/\/amalberlin.de\/de\/2023\/07\/06\/es-gibt-keine-fremden-kinder-keine-fremden-sorgen\/#primaryimage","url":"https:\/\/amalberlin.de\/wp-content\/uploads\/sites\/3\/2024\/01\/Burgwedel_photo_2023-06-10_14-32-08-scaled.jpg","contentUrl":"https:\/\/amalberlin.de\/wp-content\/uploads\/sites\/3\/2024\/01\/Burgwedel_photo_2023-06-10_14-32-08-scaled.jpg","width":1120,"height":840},{"@type":"BreadcrumbList","@id":"https:\/\/amalberlin.de\/de\/2023\/07\/06\/es-gibt-keine-fremden-kinder-keine-fremden-sorgen\/#breadcrumb","itemListElement":[{"@type":"ListItem","position":1,"name":"Home","item":"https:\/\/amalberlin.de\/de\/"},{"@type":"ListItem","position":2,"name":"&#8220;Es gibt keine fremden Kinder, keine fremden Sorgen&#8221;"}]},{"@type":"WebSite","@id":"https:\/\/amalberlin.de\/de\/#website","url":"https:\/\/amalberlin.de\/de\/","name":"Amal, Berlin!","description":"","publisher":{"@id":"https:\/\/amalberlin.de\/de\/#organization"},"potentialAction":[{"@type":"SearchAction","target":{"@type":"EntryPoint","urlTemplate":"https:\/\/amalberlin.de\/de\/?s={search_term_string}"},"query-input":{"@type":"PropertyValueSpecification","valueRequired":true,"valueName":"search_term_string"}}],"inLanguage":"de"},{"@type":"Organization","@id":"https:\/\/amalberlin.de\/de\/#organization","name":"Amal, Berlin!","url":"https:\/\/amalberlin.de\/de\/","logo":{"@type":"ImageObject","inLanguage":"de","@id":"https:\/\/amalberlin.de\/de\/#\/schema\/logo\/image\/","url":"https:\/\/amalberlin.de\/wp-content\/uploads\/sites\/3\/2020\/09\/LOGO_AMAL-Berlin_Final-01.jpg","contentUrl":"https:\/\/amalberlin.de\/wp-content\/uploads\/sites\/3\/2020\/09\/LOGO_AMAL-Berlin_Final-01.jpg","width":250,"height":220,"caption":"Amal, Berlin!"},"image":{"@id":"https:\/\/amalberlin.de\/de\/#\/schema\/logo\/image\/"},"sameAs":["https:\/\/www.facebook.com\/AmalBerlinNews\/","https:\/\/www.instagram.com\/amalberlin\/?hl=en","https:\/\/www.youtube.com\/channel\/UCTDDzpr6EmhT1wLO0hszrrg"]},{"@type":"Person","@id":"https:\/\/amalberlin.de\/de\/#\/schema\/person\/b38c2d45c0eb9b9e994801d3f87a2247","name":"Cornelia Gerlach","image":{"@type":"ImageObject","inLanguage":"de","@id":"https:\/\/amalberlin.de\/wp-content\/uploads\/sites\/3\/2023\/01\/Conny_AhamadKalaji2023_DSC0591-klein-125x125.jpg","url":"https:\/\/amalberlin.de\/wp-content\/uploads\/sites\/3\/2023\/01\/Conny_AhamadKalaji2023_DSC0591-klein-125x125.jpg","contentUrl":"https:\/\/amalberlin.de\/wp-content\/uploads\/sites\/3\/2023\/01\/Conny_AhamadKalaji2023_DSC0591-klein-125x125.jpg","caption":"Cornelia Gerlach"},"description":"Cornelia Gerlach ist Projektleiterin bei Amal, Berlin! Daneben arbeitet sie als freie Journalistin und Dozentin f\u00fcr Reportage und Storytelling.","url":"https:\/\/amalberlin.de\/de\/author\/conny\/"}]}},"_links":{"self":[{"href":"https:\/\/amalberlin.de\/de\/wp-json\/wp\/v2\/posts\/219333","targetHints":{"allow":["GET"]}}],"collection":[{"href":"https:\/\/amalberlin.de\/de\/wp-json\/wp\/v2\/posts"}],"about":[{"href":"https:\/\/amalberlin.de\/de\/wp-json\/wp\/v2\/types\/post"}],"author":[{"embeddable":true,"href":"https:\/\/amalberlin.de\/de\/wp-json\/wp\/v2\/users\/10"}],"replies":[{"embeddable":true,"href":"https:\/\/amalberlin.de\/de\/wp-json\/wp\/v2\/comments?post=219333"}],"version-history":[{"count":3,"href":"https:\/\/amalberlin.de\/de\/wp-json\/wp\/v2\/posts\/219333\/revisions"}],"predecessor-version":[{"id":219447,"href":"https:\/\/amalberlin.de\/de\/wp-json\/wp\/v2\/posts\/219333\/revisions\/219447"}],"wp:featuredmedia":[{"embeddable":true,"href":"https:\/\/amalberlin.de\/de\/wp-json\/wp\/v2\/media\/219436"}],"wp:attachment":[{"href":"https:\/\/amalberlin.de\/de\/wp-json\/wp\/v2\/media?parent=219333"}],"wp:term":[{"taxonomy":"category","embeddable":true,"href":"https:\/\/amalberlin.de\/de\/wp-json\/wp\/v2\/categories?post=219333"},{"taxonomy":"post_tag","embeddable":true,"href":"https:\/\/amalberlin.de\/de\/wp-json\/wp\/v2\/tags?post=219333"}],"curies":[{"name":"wp","href":"https:\/\/api.w.org\/{rel}","templated":true}]}}