{"id":217140,"date":"2023-12-09T12:21:10","date_gmt":"2023-12-09T11:21:10","guid":{"rendered":"https:\/\/amalberlin.de\/?p=217140"},"modified":"2024-02-22T10:19:57","modified_gmt":"2024-02-22T09:19:57","slug":"jahresbericht-amal-2023","status":"publish","type":"post","link":"https:\/\/amalberlin.de\/de\/2023\/12\/09\/jahresbericht-amal-2023\/","title":{"rendered":"Jahresbericht Amal 2023"},"content":{"rendered":"<p>F\u00fcr Amal war 2023 ein gutes Jahr. Das Team hat einen dritten Standort aufgebaut, so dass jetzt neben Berlin und Hamburg auch der Raum Frankfurt mit Lokalnachrichten versorgt wird. Die Reaktion ist stark gewachsen \u2013 von 19 auf 26 Journalist:innen, die mit je einer halben Stelle angestellt sind. Die Zahl der Leser:innen ist auf allen Ebenen angestiegen \u2013 auf der Webseite, Facebook und Instagram, auf Arabisch, Dari\/Farsi und Ukrainisch. Wir blicken auf die vergangenen 365 Tage mit Stolz und krempeln die \u00c4rmel hoch f\u00fcr die n\u00e4chsten. Hier ein \u00dcberblick \u00fcber die wichtigsten Stationen.<\/p>\n<h2>Ein eigenes Studio<\/h2>\n<p>F\u00fcr Amal, Berlin! ist mit dem neuen Jahr ein Traum wahr geworden. Wir haben jetzt eigenes Studio, ausger\u00fcstet mit modernen Kameras und gutem Licht, mit Greenscreen, Live-Schnitt-Option, guter Akustik und festem Schnittplatz. M\u00f6glich wurde dies durch den Umzug in ein eigenes B\u00fcro im Dezember 2022. Hier werden nun regelm\u00e4\u00dfig Interviews aufgezeichnet, Nachrichten-Sendungen produziert und Podcasts vertont.<\/p>\n<h2>Launch Amal Frankfurt<\/h2>\n<p>Am 10. Januar 2023 ging die Webseite Amal, Frankfurt! online. Sie bietet das Neuste vom Tage und aktuelle Berichte aus dem Rhein-Main-Gebiet auf Arabisch, Dari\/Farsi und Ukrainisch. Dem vorausgegangen waren vier Monate intensiver Vorbereitung. In einem bezahlten Praktikum (erm\u00f6glicht durch den Frankfurter Presseclub) haben sich sechs Exil-Journalist:innen auf das journalistische Arbeiten in Deutschland vorbereitet. Die Amal-Kolleg:innen aus Berlin und Hamburg teilten ihr Wissen und ihre Erfahrung mit den neuen Team und halfen, Content und Struktur f\u00fcr die Rhein-Main-Ausgabe von Amal zu entwickeln. Gefeiert wurde der Launch einem Fest in den R\u00e4umen der Crespo Foundation, die wesentlich zur Finanzierung der Redaktion beitr\u00e4gt. Das Medienecho war gut. Die neue Redaktion hat sich ihre Zielgruppen schnell erobert. Das zeigt auch ein Blick auf die Zahlen am Ende dieses Berichts.<\/p>\n<h2>Hessischer Integrationspreis<\/h2>\n<p>Am 10. Oktober 2023 \u00fcberreichte Hessens Sozial- und Integrationsminister Kai Klose (Gr\u00fcne) den Hessischen Integrationspreis an das Team von Amal, Frankfurt! Das Motto des Wettbewerbs war in diesem Jahr \u201eEngagement und Repr\u00e4sentanz in den klassischen und sozialen Medien\u201c \u2013 und zielte damit genau auf den Ansatz von Amal \u2013 n\u00e4mlich ein Nachrichtenmedium zu schaffen, dass Gefl\u00fcchtete, Neu-Angekommene und andere migrantische Communities auch erreicht. Der Festakt im Biebricher Schloss zeigte, wie schnell sich das Amal-Team in der Region etabliert hat. Der Preis ist mit 8.500 Euro dotiert. <a href=\"https:\/\/www.hessenschau.de\/gesellschaft\/hessischer-integrationspreis-fuer-nachrichtenportal-von-gefluechteten-v1,integrationspreis-2023-100.html\">https:\/\/www.hessenschau.de\/gesellschaft\/hessischer-integrationspreis-fuer-nachrichtenportal-von-gefluechteten-v1,integrationspreis-2023-100.html<\/a><\/p>\n<h2>Vocer Workshop<\/h2>\n<p>Im M\u00e4rz 2023 war das Team vom Vocer Institute zu Gast bei Amal. Finanziert von der Google News Initiative organisierten sie einen zweit\u00e4gigen Workshop zum Thema Innovation. Am Beispiel von Podcast lernte das Team, neue Formate zu entwickeln und umzusetzen \u2013 von der Analyse der Bed\u00fcrfnisse der Zielgruppe auf der Basis von Personae, \u00a0\u00fcber Ideenskizzen, Umsetzung eines Prototypen und Testen desselben \u2013 immer in enger R\u00fcckkopplung mit den User:innen. Die diesem Workshop zugrunde liegende Methode des Millenial Lab l\u00e4sst sich auch auf andere Projekte \u00fcbertragen und leistete gute Dienste zum Beispiel bei der Entwicklung neuer Nachrichtenformate im Herbst 2023 (siehe unten).<\/p>\n<h2>Neue Formate f\u00fcr die Nachrichten<\/h2>\n<p>Die Nachrichten und Berichte von Amal kommen zu einem gro\u00dfen Teil \u00fcber Social Media Kan\u00e4le zu den Leser:innen. Diese sind st\u00e4ndigem Wandel unterworfen. So hat Facebook in den vergangenen Monaten das Engagement f\u00fcr Nachrichten stark reduziert. Die Reichweiten f\u00fcr journalistischen Content sind auf dieser Plattform \u2013 nicht nur f\u00fcr Amal, sondern f\u00fcr die Medienbranche insgesamt \u2013 stark geschrumpft,\u00a0 weil der Algorithmus diesen kaum noch ausspielt. F\u00fcr Amal hei\u00dft das, sich immer wieder neu zu erfinden. Zum legt das Team derzeit deutlich mehr Fokus auf Instagram und pr\u00e4sentiert die Nachrichten dort in stark visuellen Formaten. Zum anderen haben wir in einem intensiven Workshop Anfang November 2023 neue Nachrichten-Formate in Form von Reels entwickelt, die auf Instagram und Facebook ausgespielt werden und auch in die Webseite eingebunden werden k\u00f6nnen. Zu den Reichweiten von Amal mehr am Ende dieses Berichts.<\/p>\n<h2>Amal on Tour Niedersachsen<\/h2>\n<p>Vom 24. April bis 7. Mai 2023 war das Team von Amal, Berlin! f\u00fcr ein Rechercheprojekt im l\u00e4ndlichen Raum in Niedersachsen unterwegs. Ziel war zu erkunden, wie Integration au\u00dferhalb der Ballungsr\u00e4ume gelingen kann, welche Chancen und welche Hindernisse es gibt. Das Team fuhr f\u00fcr diese Reportagen in einem VW Bus \u00fcber die D\u00f6rfer, besuchte Aktivisten, Initiativen, Hilfsorganisationen und Projekte und sprach mit den Betroffenen. F\u00fcr viele gerade im l\u00e4ndlichen Raum war es das erste Mal, dass sie mit Journalist:innen in ihrer Sprache sprechen konnten und ihre Version der Geschichte erz\u00e4hlen konnten. So entstanden mehr als 15 Reportagen, Interviews und Videos, die auf Amal und auf evangelisch.de ver\u00f6ffentlicht wurden. Dieses Projekt entstand in Zusammenarbeit mit der Evangelisch-Lutherisches Landeskirche Hannovers. Ein Interview mit Landesbischof Ralf Meister zur Fl\u00fcchtlingsarbeit in der Region rundete das Projekt ab.<\/p>\n<h2>Amal on Tour im Rheingau<\/h2>\n<p>Kurz vor den Sommerferien ging sich dann auch das Team von Amal, Frankfurt! auf Tour.\u00a0 Ziel: Das Rheingau, mit einem interkulturellen Abend in R\u00fcdesheim, wo nach Ansicht vieler Touristen Deutschland am Deutschesten ist.\u00a0 Was die meisten Reisenden nicht wissen: Auch hier gibt es Shisha-Bars und andere Treffpunkte und eine lebendige arabische, afghanische und ukrainische Community. In einer Reihe von Interviews hat das Team Menschen vorgestellt, die dort angekommen sind. Gef\u00f6rdert wurde die Recherche von der EKHN-Stiftung.<\/p>\n<h2>Ukrainische Korrespondentin in Hamburg<\/h2>\n<p>Seit Juni 2023 berichtet Amal auch aus Hamburg auf Ukrainisch. Dank der Unterst\u00fctzung durch die Zeit-Stiftung Ebelin und Gerd Bucerius konnte das Team in der Hansestadt um eine Journalistin aus der Ukraine erweitert werden. Sie fungiert als Korrespondentin und macht regelm\u00e4\u00dfig Berichte und Reportage aus Hamburg. Gleichzeitig unterst\u00fctzt sie die Teams in Berlin und Frankfurt bei den Nachrichtenschichten. Hervorzuheben ist hier insbesondere, dass es der Kollegin gelungen ist, den Kontakt zur j\u00fcdischen ukrainischen Gemeinde in Hamburg herzustellen und zu pflegen.<\/p>\n<h2>Update Deutsch<\/h2>\n<p>Auf Deutsch zu schreiben, Videos zu produzieren oder an Podiumsdiskussionen teilzunehmen ist f\u00fcr die meisten im Amal-Team auch acht Jahre nach der Flucht noch immer selten. In einem intensiven und passgenauen Sprachlernprogramm sind sieben Kolleg:innen von Amal, Berlin! in diesem Jahr dem Ziel einen gro\u00dfen Schritt n\u00e4her gekommen. Gef\u00f6rdert vom European Center for Press and Media Freedom konnten sie ihr m\u00fcndliches Deutsch stark verbessern und erste Artikel schriftlich so ausarbeiten, dass sie in deutschen Medien ver\u00f6ffentlicht wurden. Ein H\u00f6hepunkt des Programms war ein zweit\u00e4giges Moderationstraining mit anschlie\u00dfendem Praxistest, bei dem die Amal-Journalist:innen eine Veranstaltung im Rahmen der Tage des Exils moderierten.<\/p>\n<h2>Tage des Exils<\/h2>\n<p>Erstmals war Amal in 2023 mit einer Veranstaltung im Rahmen der Tage des Exils dabei. In Kooperation mit dem Tagesspiel und gef\u00f6rdert vom JX Fund organisierte das Team eine Diskussion unter der \u00dcberschrift \u201eAus 2015 lernen: Gefl\u00fcchtete Journalsit:innen im Dialog\u201c. 2015 kamen viele Journalist:innen aus Syrien und Afghanistan nach Deutschland. 2022 flohen Medienschaffende im Zuge des Ukraine-Kriegs hierher. Inwiefern unterscheidet sich ihre Lage? Wie k\u00f6nnen Neuank\u00f6mmlinge von den Erfahrungen der zuvor Eingetroffenen profitieren? Wie stellt sich ihnen die deutsche Medienlandschaft dar, und was k\u00f6nnen sie aus der Ferne f\u00fcr ihre L\u00e4nder bewirken? Das Netzwerktreffen diente der Vorstellung von Projekten von und f\u00fcr Exil-Journalist:innen und dem Erfahrungsaustausch.<\/p>\n<h2>Amal bei der re:publica<\/h2>\n<p>Auch bei der re:publica war Amal in diesem Jahr zum ersten Mal dabei. Orientierung, Vernetzung, eigene Stimme: Was leisten Medienplattformen von Gefl\u00fcchteten f\u00fcr Gefl\u00fcchtete? Die Idee dahinter:\u00a0 Wer vor Krieg oder Verfolgung nach Deutschland geflohen ist, findet unabh\u00e4ngige, zug\u00e4ngliche Informationen und Nachrichten f\u00fcr diese Lebenslage meist weder bei Medien aus der Heimat noch bei deutschen Medien. Was leisten Nachrichten- und Informationsplattformen von Gefl\u00fcchteten f\u00fcr Gefl\u00fcchtete, um diese L\u00fccke zu f\u00fcllen? Auf dem Podium waren Amal, Handbook Germany und Reporter ohne Grenzen vertreten. Organisiert wurde das Panel von der Evangelischen Akademie Berlin.<\/p>\n<h2>Fundraising<\/h2>\n<p>Ein wesentlicher Schwerpunkt der Arbeit der Koordinatorinnen lag auf dem Fundraising f\u00fcr 2024 und Folgejahre. Derzeit arbeiten bei Amal 25 Exil-Journalist:innen mit je einer halben Stelle, ein B\u00fcro-Manager auf Honorarbasis mit ca 20 Stunden pro Woche und zwei Koordinatorinnen mit je einer halben Stelle. F\u00fcr Projekte au\u00dferhalb des normalen Rahmens wird die Stundenzahl jeweils aufgestockt. Damit liegt der F\u00f6rderbedarf f\u00fcr Amal, wenn man den Status Quo f\u00fcr die Zukunft erhalten m\u00f6chte, bei gut 900.000 Euro pro Jahr.\u00a0 Zum Fundraising geh\u00f6rte die Pflege der bew\u00e4hrt guten Beziehungen zu bestehenden F\u00f6rderpartnern Sch\u00f6pflin Stiftung, Crespo Foundation, Porticus, Nordkirche, Evangelische Kirche in Berlin und Brandenburg, Ecclesia Versicherungsdienst, Zeit Stiftung sowie Frankfurter Presseclub. Bei einem F\u00f6rderertreffen im Juni kamen diese zu einem intensiven Austausch zusammen.<\/p>\n<p>Hinzu kam das Beantragen von neuen Mitteln bei der Medienanstalt Berlin Brandenburg (mabb), der Beauftragten f\u00fcr Kultur und Medien (BKM), dem Bundesamt f\u00fcr Migration und Fl\u00fcchtlinge (BAMF), der Stiftung Lotto Berlin (2. Phase), transformD (abgelehnt), der Polytechnischen Gesellschaft, EKHN-Stiftung, der Evangelischen Kirche im Rheinland (EKiR), Tolerantes Brandenburg und der Welcome Alliance.<\/p>\n<h2>Ausblick auf 2024<\/h2>\n<p>Was geschieht, wenn durch KI-unterst\u00fctzte \u00dcbersetzungsprogramme quasi jedeR jedes Medium, egal in welcher Sprache es ver\u00f6ffentlicht wird, sich im Browser in seiner eigenen Sprache anzeigen lassen kann? Braucht es dann noch muttersprachliche Medien wie Amal? Wir glauben: Ja. Nur anders. Etliche Amal-Kolleg:innen haben angefangen, sich intensiv mit K\u00fcnstlicher Intelligenz zu befassen und die Chancen zu pr\u00fcfen, die f\u00fcr Amal in den neuen M\u00f6glichkeiten liegt. Wir glauben, dass wir in naher Zukunft unsere Aufgabe, Migrant:innen mit Nachrichten aus ihrer neuen Heimat zu versorgen, ganz anders l\u00f6sen werden \u2013 und die dabei freiwerdenden Kapazit\u00e4ten nutzen k\u00f6nnen, um Amal zu skalieren. Mehr wollen wir an dieser Stelle noch nicht verraten. Nur so viel: Wir sind im Gespr\u00e4ch und werden uns weiterhin ins Gespr\u00e4ch bringen.<\/p>\n<h2>Das Jahr in Zahlen \u2013 Webseite<\/h2>\n<p>Die Webseiten verzeichneten in 2023 einen leichten R\u00fcckgang um 15 Prozent in Bezug auf die Zahl der Besucher. Hintergrund daf\u00fcr ist die Tatsache, dass Facebook die klassischen Link-Posts nicht mehr im Newsfeed der User:innen ausspielt. Deshalb kommen Menschen nun deutlich seltener von Facebook auf die Webseite, sondern lesen die Beitr\u00e4ge eher direkt auf Facebook oder Instagram. Die Rolle der Webseite im Amal-Universum hat sich dadurch ge\u00e4ndert. Wer \u00fcber Google nach bestimmten Nachrichten sucht, wird dort f\u00fcndig. Andere User:innen gehen direkt auf die Webseite, weil sie dort einen \u00dcberblick \u00fcber die aktuellen Nachrichten aus ihrer Community und f\u00fcr ihre Community finden.<\/p>\n<table width=\"563\">\n<tbody>\n<tr>\n<td width=\"168\"><\/td>\n<td width=\"211\"><\/td>\n<td width=\"88\">Besucher<\/td>\n<td width=\"96\">Besuche<\/td>\n<\/tr>\n<tr>\n<td>Berlin<\/td>\n<td>vergangene 30 Tage<\/td>\n<td>29.289<\/td>\n<td>180.346<\/td>\n<\/tr>\n<tr>\n<td><\/td>\n<td>vergangene 12 Monate<\/td>\n<td>465.904<\/td>\n<td>2.336.173<\/td>\n<\/tr>\n<tr>\n<td><\/td>\n<td><\/td>\n<td><\/td>\n<td><\/td>\n<\/tr>\n<tr>\n<td>Hamburg<\/td>\n<td>vergangene 30 Tage<\/td>\n<td>11.966<\/td>\n<td>95.601<\/td>\n<\/tr>\n<tr>\n<td><\/td>\n<td>vergangene 12 Monate<\/td>\n<td>172.724<\/td>\n<td>1.142.233<\/td>\n<\/tr>\n<tr>\n<td><\/td>\n<td><\/td>\n<td><\/td>\n<td><\/td>\n<\/tr>\n<tr>\n<td>Frankfurt<\/td>\n<td>vergangene 30 Tage<\/td>\n<td>4.301<\/td>\n<td>10.235<\/td>\n<\/tr>\n<tr>\n<td><\/td>\n<td>vergangene 12 Monate<\/td>\n<td>36.694<\/td>\n<td>126.524<\/td>\n<\/tr>\n<tr>\n<td><\/td>\n<td><\/td>\n<td><\/td>\n<td><\/td>\n<\/tr>\n<tr>\n<td colspan=\"2\">Summe, verg. 12 Monate<\/td>\n<td>675.322<\/td>\n<td>3.604.930<\/td>\n<\/tr>\n<tr>\n<td>zum Vergleich, 2022<\/td>\n<td><\/td>\n<td>760.000<\/td>\n<td>3.400.000<\/td>\n<\/tr>\n<\/tbody>\n<\/table>\n<h2>Facebook<\/h2>\n<p>Mehr Redakteur:innen, mehr Output \u2013 das spiegelt sich deutlich in der Zahl der Facebook-Posts, die Amal in 2023 ver\u00f6ffentlicht hat. Mit Amal, Frankfurt! ging ja in diesem Jahr eine weitere Redaktion online, die tagesaktuell berichtet. Dabei lie\u00dfen sich gut die Synergien zwischen den Redaktionen nutzen \u2013 Beitr\u00e4ge von \u00fcberregionalem Interesse wurden in allen drei St\u00e4dten ver\u00f6ffentlicht. Stark zugenommen haben auch die kleinen Formen wie Reels und regelm\u00e4\u00dfige Nachrichtenpodcasts. Insgesamt ist sowohl die zahl der Aufrufe als auch die Zahl der Nutzer:innen weiter signifikant gestiegen.<\/p>\n<div id=\"attachment_217347\" style=\"width: 692px\" class=\"wp-caption alignnone\"><img loading=\"lazy\" decoding=\"async\" aria-describedby=\"caption-attachment-217347\" class=\" wp-image-217347\" src=\"https:\/\/amalberlin.de\/wp-content\/uploads\/sites\/3\/2023\/12\/Blau-Einfach-Foto-Feiertagskarte-2-300x213.jpg\" alt=\"Facebook-Statistik Amal 2023\" width=\"682\" height=\"484\" srcset=\"https:\/\/amalberlin.de\/wp-content\/uploads\/sites\/3\/2023\/12\/Blau-Einfach-Foto-Feiertagskarte-2-300x213.jpg 300w, https:\/\/amalberlin.de\/wp-content\/uploads\/sites\/3\/2023\/12\/Blau-Einfach-Foto-Feiertagskarte-2-1024x726.jpg 1024w, https:\/\/amalberlin.de\/wp-content\/uploads\/sites\/3\/2023\/12\/Blau-Einfach-Foto-Feiertagskarte-2-768x545.jpg 768w, https:\/\/amalberlin.de\/wp-content\/uploads\/sites\/3\/2023\/12\/Blau-Einfach-Foto-Feiertagskarte-2-1536x1090.jpg 1536w, https:\/\/amalberlin.de\/wp-content\/uploads\/sites\/3\/2023\/12\/Blau-Einfach-Foto-Feiertagskarte-2-2048x1453.jpg 2048w, https:\/\/amalberlin.de\/wp-content\/uploads\/sites\/3\/2023\/12\/Blau-Einfach-Foto-Feiertagskarte-2-scaled.jpg 1184w\" sizes=\"auto, (max-width: 682px) 100vw, 682px\" \/><p id=\"caption-attachment-217347\" class=\"wp-caption-text\">Facebook-Statistik Amal 2023<\/p><\/div>\n<h2>Nutzer<\/h2>\n<p>Die Nutzer von Amal sind \u00fcberwiegend jung. Das gilt f\u00fcr alle drei Sprachgruppen. Der Schwerpunkt liegt auf der Altersgruppe 25 bis 34 Jahre, gefolgt von den 18 bis 24j\u00e4hrigen. Regional loiegt der Schwerpunkt bei den drei St\u00e4dten mit eigenen Lokalredaktionen \u2013 aber auch au\u00dferhalb und im l\u00e4ndlichen Raum gewinnt Amal zunehmende Follower. Das Analyse-Tool Hootsuite weist 20.000 neue Follower f\u00fcr 2023 aus.<\/p>\n<table width=\"395\">\n<tbody>\n<tr>\n<td width=\"211\">Berlin<\/td>\n<td width=\"88\">Likes<\/td>\n<td width=\"96\">Follower<\/td>\n<\/tr>\n<tr>\n<td>Arabisch<\/td>\n<td>81.000<\/td>\n<td>125.000<\/td>\n<\/tr>\n<tr>\n<td>Dari\/Farsi<\/td>\n<td>40.000<\/td>\n<td>56.000<\/td>\n<\/tr>\n<tr>\n<td>Ukrainisch<\/td>\n<td>1.200<\/td>\n<td>2.000<\/td>\n<\/tr>\n<tr>\n<td><\/td>\n<td><\/td>\n<td><\/td>\n<\/tr>\n<tr>\n<td>Hamburg<\/td>\n<td><\/td>\n<td><\/td>\n<\/tr>\n<tr>\n<td>Arabisch<\/td>\n<td>18.000<\/td>\n<td>20.000<\/td>\n<\/tr>\n<tr>\n<td>Dari\/Farsi<\/td>\n<td>16.000<\/td>\n<td>40.000<\/td>\n<\/tr>\n<tr>\n<td><\/td>\n<td><\/td>\n<td><\/td>\n<\/tr>\n<tr>\n<td>Frankfurt<\/td>\n<td><\/td>\n<td><\/td>\n<\/tr>\n<tr>\n<td>Arabisch<\/td>\n<td>3.700<\/td>\n<td>5.000<\/td>\n<\/tr>\n<tr>\n<td>Dari\/Farsi<\/td>\n<td>1.300<\/td>\n<td>1.600<\/td>\n<\/tr>\n<tr>\n<td>Ukrainisch<\/td>\n<td>1.300<\/td>\n<td>1.700<\/td>\n<\/tr>\n<tr>\n<td><\/td>\n<td><\/td>\n<td><\/td>\n<\/tr>\n<tr>\n<td>Summe 2023<\/td>\n<td>162.500<\/td>\n<td>251.300<\/td>\n<\/tr>\n<\/tbody>\n<\/table>\n<h2>Instagram<\/h2>\n<p>Mit vielen neuen Formaten ist Amal jetzt auch auf Instagram vertreten. Besonders die kleinen und schnellen Posts, Reels, Stories, aber auch aufw\u00e4ndig gestaltete Erkl\u00e4rst\u00fccke, liebevoll gefilmte Videos und Gespr\u00e4chs-Formate haben sich durchgesetzt. W\u00e4hrend 2022 Instagram noch eher eine Spielwiese f\u00fcr Amal gewesen ist, geht nun ein Gro\u00dfteil der Kommunikation auch \u00fcber diesen Kanal. Dabei gibt es, anders als auf Facebook, pro Sprache nur einen Kanal und nicht f\u00fcr jede Stadt einen. Die Beitr\u00e4ge sind aber als regional relevant kenntlich und erreichen so auch jene, die sich f\u00fcr lokale Themen interssieren.<\/p>\n<table width=\"299\">\n<tbody>\n<tr>\n<td width=\"211\">Instagram<\/td>\n<td width=\"88\">Follower<\/td>\n<\/tr>\n<tr>\n<td>Arabisch<\/td>\n<td>4373<\/td>\n<\/tr>\n<tr>\n<td>Dari\/Farsi<\/td>\n<td>2168<\/td>\n<\/tr>\n<tr>\n<td>Ukrainisch<\/td>\n<td>1451<\/td>\n<\/tr>\n<\/tbody>\n<\/table>\n<h2>Newsletter<\/h2>\n<p>Der Amal-Newsletter richtet sich an ein deutsches Publikum, dass gerne wissen m\u00f6chte, welche Themen in den migrantischen Communities gerade relevant sind. Daf\u00fcr fasst Julia Gerlach jede Woche die besten Artikel von Amal aus allen drei Sprachen zusammen und gibt Einblicke in die Diskussionen in der Redaktion. Der Berlin-Newsletter erreicht 1.356 Leser:innen, von denen 27 % ihn ge\u00f6ffnet haben, und der Hamburg-Newsletter erreicht 177 Leser:innen, von denen 42 % ihn ge\u00f6ffnet haben.<\/p>\n<img loading=\"lazy\" decoding=\"async\" class=\"alignnone wp-image-217432\" src=\"https:\/\/amalberlin.de\/wp-content\/uploads\/sites\/3\/2023\/12\/Bildschirmfoto-2023-12-12-um-17.29.54-300x160.png\" alt=\"\" width=\"720\" height=\"384\" srcset=\"https:\/\/amalberlin.de\/wp-content\/uploads\/sites\/3\/2023\/12\/Bildschirmfoto-2023-12-12-um-17.29.54-300x160.png 300w, https:\/\/amalberlin.de\/wp-content\/uploads\/sites\/3\/2023\/12\/Bildschirmfoto-2023-12-12-um-17.29.54-1024x546.png 1024w, https:\/\/amalberlin.de\/wp-content\/uploads\/sites\/3\/2023\/12\/Bildschirmfoto-2023-12-12-um-17.29.54-768x409.png 768w, https:\/\/amalberlin.de\/wp-content\/uploads\/sites\/3\/2023\/12\/Bildschirmfoto-2023-12-12-um-17.29.54.png 1212w\" sizes=\"auto, (max-width: 720px) 100vw, 720px\" \/>\n","protected":false},"excerpt":{"rendered":"<p>F\u00fcr Amal war 2023 ein gutes Jahr. Das Team hat einen dritten Standort aufgebaut, so dass jetzt neben Berlin und Hamburg auch der Raum Frankfurt mit Lokalnachrichten versorgt wird. Die Reaktion ist stark gewachsen \u2013 von 19 auf 26 Journalist:innen, die mit je einer halben Stelle angestellt sind. Die Zahl der Leser:innen ist auf allen&#8230;  <a class=\"excerpt-read-more\" href=\"https:\/\/amalberlin.de\/de\/2023\/12\/09\/jahresbericht-amal-2023\/\" title=\"Read Jahresbericht Amal 2023\">Weiter &raquo;<\/a><\/p>\n","protected":false},"author":10,"featured_media":217142,"comment_status":"open","ping_status":"open","sticky":false,"template":"","format":"standard","meta":{"_acf_changed":false,"footnotes":""},"categories":[7838],"tags":[11305],"class_list":["post-217140","post","type-post","status-publish","format-standard","has-post-thumbnail","hentry","category-beitraege-auf-deutsch","tag-jahresbericht"],"acf":[],"yoast_head":"<!-- This site is optimized with the Yoast SEO plugin v27.5 - https:\/\/yoast.com\/product\/yoast-seo-wordpress\/ -->\n<title>Jahresbericht Amal 2023 - Amal, Berlin!<\/title>\n<meta name=\"robots\" content=\"index, follow, max-snippet:-1, max-image-preview:large, max-video-preview:-1\" \/>\n<link rel=\"canonical\" href=\"https:\/\/amalberlin.de\/de\/2023\/12\/09\/jahresbericht-amal-2023\/\" \/>\n<meta property=\"og:locale\" content=\"de_DE\" \/>\n<meta property=\"og:type\" content=\"article\" \/>\n<meta property=\"og:title\" content=\"Jahresbericht Amal 2023 - Amal, Berlin!\" \/>\n<meta property=\"og:description\" content=\"F\u00fcr Amal war 2023 ein gutes Jahr. Das Team hat einen dritten Standort aufgebaut, so dass jetzt neben Berlin und Hamburg auch der Raum Frankfurt mit Lokalnachrichten versorgt wird. Die Reaktion ist stark gewachsen \u2013 von 19 auf 26 Journalist:innen, die mit je einer halben Stelle angestellt sind. Die Zahl der Leser:innen ist auf allen... Weiter &raquo;\" \/>\n<meta property=\"og:url\" content=\"https:\/\/amalberlin.de\/de\/2023\/12\/09\/jahresbericht-amal-2023\/\" \/>\n<meta property=\"og:site_name\" content=\"Amal, Berlin!\" \/>\n<meta property=\"article:publisher\" content=\"https:\/\/www.facebook.com\/AmalBerlinNews\/\" \/>\n<meta property=\"article:published_time\" content=\"2023-12-09T11:21:10+00:00\" \/>\n<meta property=\"article:modified_time\" content=\"2024-02-22T09:19:57+00:00\" \/>\n<meta property=\"og:image\" content=\"https:\/\/amalberlin.de\/wp-content\/uploads\/sites\/3\/2023\/12\/Retreat2023_Team_Foto-scaled.jpeg\" \/>\n\t<meta property=\"og:image:width\" content=\"1260\" \/>\n\t<meta property=\"og:image:height\" content=\"582\" \/>\n\t<meta property=\"og:image:type\" content=\"image\/jpeg\" \/>\n<meta name=\"author\" content=\"Cornelia Gerlach\" \/>\n<meta name=\"twitter:card\" content=\"summary_large_image\" \/>\n<meta name=\"twitter:label1\" content=\"Verfasst von\" \/>\n\t<meta name=\"twitter:data1\" content=\"Cornelia Gerlach\" \/>\n\t<meta name=\"twitter:label2\" content=\"Gesch\u00e4tzte Lesezeit\" \/>\n\t<meta name=\"twitter:data2\" content=\"12\u00a0Minuten\" \/>\n<script type=\"application\/ld+json\" class=\"yoast-schema-graph\">{\"@context\":\"https:\\\/\\\/schema.org\",\"@graph\":[{\"@type\":\"Article\",\"@id\":\"https:\\\/\\\/amalberlin.de\\\/de\\\/2023\\\/12\\\/09\\\/jahresbericht-amal-2023\\\/#article\",\"isPartOf\":{\"@id\":\"https:\\\/\\\/amalberlin.de\\\/de\\\/2023\\\/12\\\/09\\\/jahresbericht-amal-2023\\\/\"},\"author\":{\"name\":\"Cornelia Gerlach\",\"@id\":\"https:\\\/\\\/amalberlin.de\\\/de\\\/#\\\/schema\\\/person\\\/b38c2d45c0eb9b9e994801d3f87a2247\"},\"headline\":\"Jahresbericht Amal 2023\",\"datePublished\":\"2023-12-09T11:21:10+00:00\",\"dateModified\":\"2024-02-22T09:19:57+00:00\",\"mainEntityOfPage\":{\"@id\":\"https:\\\/\\\/amalberlin.de\\\/de\\\/2023\\\/12\\\/09\\\/jahresbericht-amal-2023\\\/\"},\"wordCount\":2108,\"commentCount\":0,\"publisher\":{\"@id\":\"https:\\\/\\\/amalberlin.de\\\/de\\\/#organization\"},\"image\":{\"@id\":\"https:\\\/\\\/amalberlin.de\\\/de\\\/2023\\\/12\\\/09\\\/jahresbericht-amal-2023\\\/#primaryimage\"},\"thumbnailUrl\":\"https:\\\/\\\/amalberlin.de\\\/wp-content\\\/uploads\\\/sites\\\/3\\\/2023\\\/12\\\/Retreat2023_Team_Foto-scaled.jpeg\",\"keywords\":[\"Jahresbericht\"],\"articleSection\":[\"Beitr\u00e4ge auf Deutsch\"],\"inLanguage\":\"de\",\"potentialAction\":[{\"@type\":\"CommentAction\",\"name\":\"Comment\",\"target\":[\"https:\\\/\\\/amalberlin.de\\\/de\\\/2023\\\/12\\\/09\\\/jahresbericht-amal-2023\\\/#respond\"]}]},{\"@type\":\"WebPage\",\"@id\":\"https:\\\/\\\/amalberlin.de\\\/de\\\/2023\\\/12\\\/09\\\/jahresbericht-amal-2023\\\/\",\"url\":\"https:\\\/\\\/amalberlin.de\\\/de\\\/2023\\\/12\\\/09\\\/jahresbericht-amal-2023\\\/\",\"name\":\"Jahresbericht Amal 2023 - Amal, Berlin!\",\"isPartOf\":{\"@id\":\"https:\\\/\\\/amalberlin.de\\\/de\\\/#website\"},\"primaryImageOfPage\":{\"@id\":\"https:\\\/\\\/amalberlin.de\\\/de\\\/2023\\\/12\\\/09\\\/jahresbericht-amal-2023\\\/#primaryimage\"},\"image\":{\"@id\":\"https:\\\/\\\/amalberlin.de\\\/de\\\/2023\\\/12\\\/09\\\/jahresbericht-amal-2023\\\/#primaryimage\"},\"thumbnailUrl\":\"https:\\\/\\\/amalberlin.de\\\/wp-content\\\/uploads\\\/sites\\\/3\\\/2023\\\/12\\\/Retreat2023_Team_Foto-scaled.jpeg\",\"datePublished\":\"2023-12-09T11:21:10+00:00\",\"dateModified\":\"2024-02-22T09:19:57+00:00\",\"breadcrumb\":{\"@id\":\"https:\\\/\\\/amalberlin.de\\\/de\\\/2023\\\/12\\\/09\\\/jahresbericht-amal-2023\\\/#breadcrumb\"},\"inLanguage\":\"de\",\"potentialAction\":[{\"@type\":\"ReadAction\",\"target\":[\"https:\\\/\\\/amalberlin.de\\\/de\\\/2023\\\/12\\\/09\\\/jahresbericht-amal-2023\\\/\"]}]},{\"@type\":\"ImageObject\",\"inLanguage\":\"de\",\"@id\":\"https:\\\/\\\/amalberlin.de\\\/de\\\/2023\\\/12\\\/09\\\/jahresbericht-amal-2023\\\/#primaryimage\",\"url\":\"https:\\\/\\\/amalberlin.de\\\/wp-content\\\/uploads\\\/sites\\\/3\\\/2023\\\/12\\\/Retreat2023_Team_Foto-scaled.jpeg\",\"contentUrl\":\"https:\\\/\\\/amalberlin.de\\\/wp-content\\\/uploads\\\/sites\\\/3\\\/2023\\\/12\\\/Retreat2023_Team_Foto-scaled.jpeg\",\"width\":1260,\"height\":582,\"caption\":\"Team beim retreat 2023\"},{\"@type\":\"BreadcrumbList\",\"@id\":\"https:\\\/\\\/amalberlin.de\\\/de\\\/2023\\\/12\\\/09\\\/jahresbericht-amal-2023\\\/#breadcrumb\",\"itemListElement\":[{\"@type\":\"ListItem\",\"position\":1,\"name\":\"Home\",\"item\":\"https:\\\/\\\/amalberlin.de\\\/de\\\/\"},{\"@type\":\"ListItem\",\"position\":2,\"name\":\"Jahresbericht Amal 2023\"}]},{\"@type\":\"WebSite\",\"@id\":\"https:\\\/\\\/amalberlin.de\\\/de\\\/#website\",\"url\":\"https:\\\/\\\/amalberlin.de\\\/de\\\/\",\"name\":\"Amal, Berlin!\",\"description\":\"\",\"publisher\":{\"@id\":\"https:\\\/\\\/amalberlin.de\\\/de\\\/#organization\"},\"potentialAction\":[{\"@type\":\"SearchAction\",\"target\":{\"@type\":\"EntryPoint\",\"urlTemplate\":\"https:\\\/\\\/amalberlin.de\\\/de\\\/?s={search_term_string}\"},\"query-input\":{\"@type\":\"PropertyValueSpecification\",\"valueRequired\":true,\"valueName\":\"search_term_string\"}}],\"inLanguage\":\"de\"},{\"@type\":\"Organization\",\"@id\":\"https:\\\/\\\/amalberlin.de\\\/de\\\/#organization\",\"name\":\"Amal, Berlin!\",\"url\":\"https:\\\/\\\/amalberlin.de\\\/de\\\/\",\"logo\":{\"@type\":\"ImageObject\",\"inLanguage\":\"de\",\"@id\":\"https:\\\/\\\/amalberlin.de\\\/de\\\/#\\\/schema\\\/logo\\\/image\\\/\",\"url\":\"https:\\\/\\\/amalberlin.de\\\/wp-content\\\/uploads\\\/sites\\\/3\\\/2020\\\/09\\\/LOGO_AMAL-Berlin_Final-01.jpg\",\"contentUrl\":\"https:\\\/\\\/amalberlin.de\\\/wp-content\\\/uploads\\\/sites\\\/3\\\/2020\\\/09\\\/LOGO_AMAL-Berlin_Final-01.jpg\",\"width\":250,\"height\":220,\"caption\":\"Amal, Berlin!\"},\"image\":{\"@id\":\"https:\\\/\\\/amalberlin.de\\\/de\\\/#\\\/schema\\\/logo\\\/image\\\/\"},\"sameAs\":[\"https:\\\/\\\/www.facebook.com\\\/AmalBerlinNews\\\/\",\"https:\\\/\\\/www.instagram.com\\\/amalberlin\\\/?hl=en\",\"https:\\\/\\\/www.youtube.com\\\/channel\\\/UCTDDzpr6EmhT1wLO0hszrrg\"]},{\"@type\":\"Person\",\"@id\":\"https:\\\/\\\/amalberlin.de\\\/de\\\/#\\\/schema\\\/person\\\/b38c2d45c0eb9b9e994801d3f87a2247\",\"name\":\"Cornelia Gerlach\",\"image\":{\"@type\":\"ImageObject\",\"inLanguage\":\"de\",\"@id\":\"https:\\\/\\\/amalberlin.de\\\/wp-content\\\/uploads\\\/sites\\\/3\\\/2023\\\/01\\\/Conny_AhamadKalaji2023_DSC0591-klein-125x125.jpg\",\"url\":\"https:\\\/\\\/amalberlin.de\\\/wp-content\\\/uploads\\\/sites\\\/3\\\/2023\\\/01\\\/Conny_AhamadKalaji2023_DSC0591-klein-125x125.jpg\",\"contentUrl\":\"https:\\\/\\\/amalberlin.de\\\/wp-content\\\/uploads\\\/sites\\\/3\\\/2023\\\/01\\\/Conny_AhamadKalaji2023_DSC0591-klein-125x125.jpg\",\"caption\":\"Cornelia Gerlach\"},\"description\":\"Cornelia Gerlach ist Projektleiterin bei Amal, Berlin! Daneben arbeitet sie als freie Journalistin und Dozentin f\u00fcr Reportage und Storytelling.\",\"url\":\"https:\\\/\\\/amalberlin.de\\\/de\\\/author\\\/conny\\\/\"}]}<\/script>\n<!-- \/ Yoast SEO plugin. -->","yoast_head_json":{"title":"Jahresbericht Amal 2023 - Amal, Berlin!","robots":{"index":"index","follow":"follow","max-snippet":"max-snippet:-1","max-image-preview":"max-image-preview:large","max-video-preview":"max-video-preview:-1"},"canonical":"https:\/\/amalberlin.de\/de\/2023\/12\/09\/jahresbericht-amal-2023\/","og_locale":"de_DE","og_type":"article","og_title":"Jahresbericht Amal 2023 - Amal, Berlin!","og_description":"F\u00fcr Amal war 2023 ein gutes Jahr. Das Team hat einen dritten Standort aufgebaut, so dass jetzt neben Berlin und Hamburg auch der Raum Frankfurt mit Lokalnachrichten versorgt wird. Die Reaktion ist stark gewachsen \u2013 von 19 auf 26 Journalist:innen, die mit je einer halben Stelle angestellt sind. Die Zahl der Leser:innen ist auf allen... Weiter &raquo;","og_url":"https:\/\/amalberlin.de\/de\/2023\/12\/09\/jahresbericht-amal-2023\/","og_site_name":"Amal, Berlin!","article_publisher":"https:\/\/www.facebook.com\/AmalBerlinNews\/","article_published_time":"2023-12-09T11:21:10+00:00","article_modified_time":"2024-02-22T09:19:57+00:00","og_image":[{"width":1260,"height":582,"url":"https:\/\/amalberlin.de\/wp-content\/uploads\/sites\/3\/2023\/12\/Retreat2023_Team_Foto-scaled.jpeg","type":"image\/jpeg"}],"author":"Cornelia Gerlach","twitter_card":"summary_large_image","twitter_misc":{"Verfasst von":"Cornelia Gerlach","Gesch\u00e4tzte Lesezeit":"12\u00a0Minuten"},"schema":{"@context":"https:\/\/schema.org","@graph":[{"@type":"Article","@id":"https:\/\/amalberlin.de\/de\/2023\/12\/09\/jahresbericht-amal-2023\/#article","isPartOf":{"@id":"https:\/\/amalberlin.de\/de\/2023\/12\/09\/jahresbericht-amal-2023\/"},"author":{"name":"Cornelia Gerlach","@id":"https:\/\/amalberlin.de\/de\/#\/schema\/person\/b38c2d45c0eb9b9e994801d3f87a2247"},"headline":"Jahresbericht Amal 2023","datePublished":"2023-12-09T11:21:10+00:00","dateModified":"2024-02-22T09:19:57+00:00","mainEntityOfPage":{"@id":"https:\/\/amalberlin.de\/de\/2023\/12\/09\/jahresbericht-amal-2023\/"},"wordCount":2108,"commentCount":0,"publisher":{"@id":"https:\/\/amalberlin.de\/de\/#organization"},"image":{"@id":"https:\/\/amalberlin.de\/de\/2023\/12\/09\/jahresbericht-amal-2023\/#primaryimage"},"thumbnailUrl":"https:\/\/amalberlin.de\/wp-content\/uploads\/sites\/3\/2023\/12\/Retreat2023_Team_Foto-scaled.jpeg","keywords":["Jahresbericht"],"articleSection":["Beitr\u00e4ge auf Deutsch"],"inLanguage":"de","potentialAction":[{"@type":"CommentAction","name":"Comment","target":["https:\/\/amalberlin.de\/de\/2023\/12\/09\/jahresbericht-amal-2023\/#respond"]}]},{"@type":"WebPage","@id":"https:\/\/amalberlin.de\/de\/2023\/12\/09\/jahresbericht-amal-2023\/","url":"https:\/\/amalberlin.de\/de\/2023\/12\/09\/jahresbericht-amal-2023\/","name":"Jahresbericht Amal 2023 - Amal, Berlin!","isPartOf":{"@id":"https:\/\/amalberlin.de\/de\/#website"},"primaryImageOfPage":{"@id":"https:\/\/amalberlin.de\/de\/2023\/12\/09\/jahresbericht-amal-2023\/#primaryimage"},"image":{"@id":"https:\/\/amalberlin.de\/de\/2023\/12\/09\/jahresbericht-amal-2023\/#primaryimage"},"thumbnailUrl":"https:\/\/amalberlin.de\/wp-content\/uploads\/sites\/3\/2023\/12\/Retreat2023_Team_Foto-scaled.jpeg","datePublished":"2023-12-09T11:21:10+00:00","dateModified":"2024-02-22T09:19:57+00:00","breadcrumb":{"@id":"https:\/\/amalberlin.de\/de\/2023\/12\/09\/jahresbericht-amal-2023\/#breadcrumb"},"inLanguage":"de","potentialAction":[{"@type":"ReadAction","target":["https:\/\/amalberlin.de\/de\/2023\/12\/09\/jahresbericht-amal-2023\/"]}]},{"@type":"ImageObject","inLanguage":"de","@id":"https:\/\/amalberlin.de\/de\/2023\/12\/09\/jahresbericht-amal-2023\/#primaryimage","url":"https:\/\/amalberlin.de\/wp-content\/uploads\/sites\/3\/2023\/12\/Retreat2023_Team_Foto-scaled.jpeg","contentUrl":"https:\/\/amalberlin.de\/wp-content\/uploads\/sites\/3\/2023\/12\/Retreat2023_Team_Foto-scaled.jpeg","width":1260,"height":582,"caption":"Team beim retreat 2023"},{"@type":"BreadcrumbList","@id":"https:\/\/amalberlin.de\/de\/2023\/12\/09\/jahresbericht-amal-2023\/#breadcrumb","itemListElement":[{"@type":"ListItem","position":1,"name":"Home","item":"https:\/\/amalberlin.de\/de\/"},{"@type":"ListItem","position":2,"name":"Jahresbericht Amal 2023"}]},{"@type":"WebSite","@id":"https:\/\/amalberlin.de\/de\/#website","url":"https:\/\/amalberlin.de\/de\/","name":"Amal, Berlin!","description":"","publisher":{"@id":"https:\/\/amalberlin.de\/de\/#organization"},"potentialAction":[{"@type":"SearchAction","target":{"@type":"EntryPoint","urlTemplate":"https:\/\/amalberlin.de\/de\/?s={search_term_string}"},"query-input":{"@type":"PropertyValueSpecification","valueRequired":true,"valueName":"search_term_string"}}],"inLanguage":"de"},{"@type":"Organization","@id":"https:\/\/amalberlin.de\/de\/#organization","name":"Amal, Berlin!","url":"https:\/\/amalberlin.de\/de\/","logo":{"@type":"ImageObject","inLanguage":"de","@id":"https:\/\/amalberlin.de\/de\/#\/schema\/logo\/image\/","url":"https:\/\/amalberlin.de\/wp-content\/uploads\/sites\/3\/2020\/09\/LOGO_AMAL-Berlin_Final-01.jpg","contentUrl":"https:\/\/amalberlin.de\/wp-content\/uploads\/sites\/3\/2020\/09\/LOGO_AMAL-Berlin_Final-01.jpg","width":250,"height":220,"caption":"Amal, Berlin!"},"image":{"@id":"https:\/\/amalberlin.de\/de\/#\/schema\/logo\/image\/"},"sameAs":["https:\/\/www.facebook.com\/AmalBerlinNews\/","https:\/\/www.instagram.com\/amalberlin\/?hl=en","https:\/\/www.youtube.com\/channel\/UCTDDzpr6EmhT1wLO0hszrrg"]},{"@type":"Person","@id":"https:\/\/amalberlin.de\/de\/#\/schema\/person\/b38c2d45c0eb9b9e994801d3f87a2247","name":"Cornelia Gerlach","image":{"@type":"ImageObject","inLanguage":"de","@id":"https:\/\/amalberlin.de\/wp-content\/uploads\/sites\/3\/2023\/01\/Conny_AhamadKalaji2023_DSC0591-klein-125x125.jpg","url":"https:\/\/amalberlin.de\/wp-content\/uploads\/sites\/3\/2023\/01\/Conny_AhamadKalaji2023_DSC0591-klein-125x125.jpg","contentUrl":"https:\/\/amalberlin.de\/wp-content\/uploads\/sites\/3\/2023\/01\/Conny_AhamadKalaji2023_DSC0591-klein-125x125.jpg","caption":"Cornelia Gerlach"},"description":"Cornelia Gerlach ist Projektleiterin bei Amal, Berlin! Daneben arbeitet sie als freie Journalistin und Dozentin f\u00fcr Reportage und Storytelling.","url":"https:\/\/amalberlin.de\/de\/author\/conny\/"}]}},"_links":{"self":[{"href":"https:\/\/amalberlin.de\/de\/wp-json\/wp\/v2\/posts\/217140","targetHints":{"allow":["GET"]}}],"collection":[{"href":"https:\/\/amalberlin.de\/de\/wp-json\/wp\/v2\/posts"}],"about":[{"href":"https:\/\/amalberlin.de\/de\/wp-json\/wp\/v2\/types\/post"}],"author":[{"embeddable":true,"href":"https:\/\/amalberlin.de\/de\/wp-json\/wp\/v2\/users\/10"}],"replies":[{"embeddable":true,"href":"https:\/\/amalberlin.de\/de\/wp-json\/wp\/v2\/comments?post=217140"}],"version-history":[{"count":13,"href":"https:\/\/amalberlin.de\/de\/wp-json\/wp\/v2\/posts\/217140\/revisions"}],"predecessor-version":[{"id":217442,"href":"https:\/\/amalberlin.de\/de\/wp-json\/wp\/v2\/posts\/217140\/revisions\/217442"}],"wp:featuredmedia":[{"embeddable":true,"href":"https:\/\/amalberlin.de\/de\/wp-json\/wp\/v2\/media\/217142"}],"wp:attachment":[{"href":"https:\/\/amalberlin.de\/de\/wp-json\/wp\/v2\/media?parent=217140"}],"wp:term":[{"taxonomy":"category","embeddable":true,"href":"https:\/\/amalberlin.de\/de\/wp-json\/wp\/v2\/categories?post=217140"},{"taxonomy":"post_tag","embeddable":true,"href":"https:\/\/amalberlin.de\/de\/wp-json\/wp\/v2\/tags?post=217140"}],"curies":[{"name":"wp","href":"https:\/\/api.w.org\/{rel}","templated":true}]}}