{"id":210504,"date":"2023-10-14T09:56:59","date_gmt":"2023-10-14T07:56:59","guid":{"rendered":"https:\/\/amalberlin.de\/2023\/10\/14\/amal-interview-mit-buergermeister-von-neukoelln\/"},"modified":"2023-10-26T20:53:28","modified_gmt":"2023-10-26T18:53:28","slug":"amal-interview-mit-buergermeister-von-neukoelln","status":"publish","type":"post","link":"https:\/\/amalberlin.de\/de\/2023\/10\/14\/amal-interview-mit-buergermeister-von-neukoelln\/","title":{"rendered":"Amal-Interview mit dem B\u00fcrgermeister von Neuk\u00f6lln Martin Hikel"},"content":{"rendered":"<p>Amal-Interview mit dem B\u00fcrgermeister von Neuk\u00f6lln Martin Hikel: Warum werden die Demos verboten?<\/p>\n<p>&#8222;Es ist legitim, Solidarit\u00e4t und Mitgef\u00fchl mit den Menschen in Nahost auszudr\u00fccken und gegen die Gewalt zu protestieren\u201c, sagt der B\u00fcrgermeister von <a href=\"https:\/\/www.berlin.de\/ba-neukoelln\/politik-und-verwaltung\/bezirksamt\/geschaeftsbereich-bezirksbuergermeister\/\">Neuk\u00f6lln Martin Hikel<\/a> im Interview mit Amal Berlin. Auch sei es legitim, gegen die Politik der israelische Regierung zu protestieren. \u201eEs ist aber nicht in Ordnung, wenn dort Menschen in Sprechch\u00f6ren auftreten. Wenn sie rufen &#8222;Tod den Juden&#8220; und dazu aufrufen, den Staat Israel auszul\u00f6schen\u201c, so der B\u00fcrgermeister: \u201eDie Grenze zwischen legitimen Protest und nicht akzeptabler Hetze verl\u00e4uft dort, wo pauschal gegen Juden und J\u00fcdinnen gehetzt wird. Wo dem Staat Israel das Existenzrecht abgesprochen wird\u201c.<\/p>\n<p>&nbsp;<\/p>\n<h2>Kleine Gruppen verbreiten Hass<\/h2>\n<p>Die gro\u00dfe Mehrheit der Menschen in Neuk\u00f6lln w\u00fcnsche sich Frieden und sei dagegen, dass der Konflikt aus Nahost in Deutschland auf die Stra\u00dfe getragen werde. Leider sei aber zu beobachten, dass es kleine Gruppen gebe, die gezielt die Stimmung anheizen und Hass verbreiten. Amal-Interview mit dem B\u00fcrgermeister von Neuk\u00f6lln mit Amal-Redakteurin<a href=\"https:\/\/amalberlin.deTeam\"> Amloud Alamir<\/a> wird heute als Video bei <a href=\"http:\/\/amalfrankfurt.de\">Ama<\/a>l ver\u00f6ffentlicht.<\/p>\n<p><iframe loading=\"lazy\" title=\"\u0647\u064a\u0643\u0644:&quot; &quot;\u0645\u0646 \u0627\u0644\u0645\u0634\u0631\u0648\u0639 \u0627\u0644\u062a\u0639\u0628\u064a\u0631 \u0639\u0646 \u0627\u0644\u062a\u0636\u0627\u0645\u0646 \u0648\u0627\u0644\u062a\u0639\u0627\u0637\u0641 \u0645\u0639 \u0634\u0639\u0648\u0628 \u0627\u0644\u0634\u0631\u0642 \u0627\u0644\u0623\u0648\u0633\u0637&quot;\" width=\"680\" height=\"383\" src=\"https:\/\/www.youtube.com\/embed\/aEYlzs0Je-U?feature=oembed\" frameborder=\"0\" allow=\"accelerometer; autoplay; clipboard-write; encrypted-media; gyroscope; picture-in-picture; web-share\" allowfullscreen><\/iframe><\/p>\n<h2>Die erste Frage<\/h2>\n<p><strong>Der Konflikt im Nahen Osten Tausende Kilometer von hier. Welche Auswirkungen hat er auf unser Zusammenleben hier in Neuk\u00f6lln, in Berlin?<\/strong><\/p>\n<p>In Neuk\u00f6lln leben Menschen aus 150 verschiedenen L\u00e4ndern der Welt. Wir haben hier in Neuk\u00f6lln viele Menschen, die in Pal\u00e4stina ihre Wurzeln haben. Es gibt aber auch viele Menschen, die in Israel ihre Wurzeln haben. Wenn sich also der Konflikt im Nahen Osten versch\u00e4rft, dann macht das etwas mit den Menschen hier. Die Menschen sind in Sorge um Verwandte und Bekannte. Deswegen sind die Emotionen hier sehr intensiv, obwohl es Tausende von Kilometern entfernt ist.<\/p>\n<p>&nbsp;<\/p>\n","protected":false},"excerpt":{"rendered":"<p>Amal-Interview mit dem B\u00fcrgermeister von Neuk\u00f6lln Martin Hikel: Warum werden die Demos verboten? &#8222;Es ist legitim, Solidarit\u00e4t und Mitgef\u00fchl mit den Menschen in Nahost auszudr\u00fccken und gegen die Gewalt zu protestieren\u201c, sagt der B\u00fcrgermeister von Neuk\u00f6lln Martin Hikel im Interview mit Amal Berlin. Auch sei es legitim, gegen die Politik der israelische Regierung zu protestieren&#8230;.  <a class=\"excerpt-read-more\" href=\"https:\/\/amalberlin.de\/de\/2023\/10\/14\/amal-interview-mit-buergermeister-von-neukoelln\/\" title=\"Read Amal-Interview mit dem B\u00fcrgermeister von Neuk\u00f6lln Martin Hikel\">Weiter &raquo;<\/a><\/p>\n","protected":false},"author":6,"featured_media":210510,"comment_status":"open","ping_status":"open","sticky":false,"template":"","format":"standard","meta":{"_acf_changed":false,"footnotes":""},"categories":[7838,114],"tags":[10630,4992,10629,9146],"class_list":["post-210504","post","type-post","status-publish","format-standard","has-post-thumbnail","hentry","category-beitraege-auf-deutsch","category-video","tag-demo-de","tag-israel","tag-neukoelln","tag-protest"],"acf":[],"yoast_head":"<!-- This site is optimized with the Yoast SEO plugin v27.4 - https:\/\/yoast.com\/product\/yoast-seo-wordpress\/ -->\n<title>Amal-Interview mit dem B\u00fcrgermeister von Neuk\u00f6lln Martin Hikel - Amal, Berlin!<\/title>\n<meta name=\"description\" content=\"Amal-Interview mit dem B\u00fcrgermeister von Neuk\u00f6lln Martin Hikel: Warum werden Demos verboten?\u00a0mit Amal-Redakteurin Amloud Alamir\" \/>\n<meta name=\"robots\" content=\"index, follow, max-snippet:-1, max-image-preview:large, max-video-preview:-1\" \/>\n<link rel=\"canonical\" href=\"https:\/\/amalberlin.de\/de\/2023\/10\/14\/amal-interview-mit-buergermeister-von-neukoelln\/\" \/>\n<meta property=\"og:locale\" content=\"de_DE\" \/>\n<meta property=\"og:type\" content=\"article\" \/>\n<meta property=\"og:title\" content=\"Amal-Interview mit dem B\u00fcrgermeister von Neuk\u00f6lln Martin Hikel - Amal, Berlin!\" \/>\n<meta property=\"og:description\" content=\"Amal-Interview mit dem B\u00fcrgermeister von Neuk\u00f6lln Martin Hikel: Warum werden Demos verboten?\u00a0mit Amal-Redakteurin Amloud Alamir\" \/>\n<meta property=\"og:url\" content=\"https:\/\/amalberlin.de\/de\/2023\/10\/14\/amal-interview-mit-buergermeister-von-neukoelln\/\" \/>\n<meta property=\"og:site_name\" content=\"Amal, Berlin!\" \/>\n<meta property=\"article:publisher\" content=\"https:\/\/www.facebook.com\/AmalBerlinNews\/\" \/>\n<meta property=\"article:author\" content=\"https:\/\/www.facebook.com\/aalmir66\/\" \/>\n<meta property=\"article:published_time\" content=\"2023-10-14T07:56:59+00:00\" \/>\n<meta property=\"article:modified_time\" content=\"2023-10-26T18:53:28+00:00\" \/>\n<meta property=\"og:image\" content=\"https:\/\/amalberlin.de\/wp-content\/uploads\/sites\/3\/2023\/10\/Amloud-und-Hikel.jpg\" \/>\n\t<meta property=\"og:image:width\" content=\"1024\" \/>\n\t<meta property=\"og:image:height\" content=\"576\" \/>\n\t<meta property=\"og:image:type\" content=\"image\/jpeg\" \/>\n<meta name=\"author\" content=\"Amloud Alamir\" \/>\n<meta name=\"twitter:card\" content=\"summary_large_image\" \/>\n<meta name=\"twitter:label1\" content=\"Verfasst von\" \/>\n\t<meta name=\"twitter:data1\" content=\"Amloud Alamir\" \/>\n\t<meta name=\"twitter:label2\" content=\"Gesch\u00e4tzte Lesezeit\" \/>\n\t<meta name=\"twitter:data2\" content=\"2\u00a0Minuten\" \/>\n<script type=\"application\/ld+json\" class=\"yoast-schema-graph\">{\"@context\":\"https:\\\/\\\/schema.org\",\"@graph\":[{\"@type\":\"Article\",\"@id\":\"https:\\\/\\\/amalberlin.de\\\/de\\\/2023\\\/10\\\/14\\\/amal-interview-mit-buergermeister-von-neukoelln\\\/#article\",\"isPartOf\":{\"@id\":\"https:\\\/\\\/amalberlin.de\\\/de\\\/2023\\\/10\\\/14\\\/amal-interview-mit-buergermeister-von-neukoelln\\\/\"},\"author\":{\"name\":\"Amloud Alamir\",\"@id\":\"https:\\\/\\\/amalberlin.de\\\/de\\\/#\\\/schema\\\/person\\\/29d859f8134fc2a1578b6a96b82bd4ab\"},\"headline\":\"Amal-Interview mit dem B\u00fcrgermeister von Neuk\u00f6lln Martin Hikel\",\"datePublished\":\"2023-10-14T07:56:59+00:00\",\"dateModified\":\"2023-10-26T18:53:28+00:00\",\"mainEntityOfPage\":{\"@id\":\"https:\\\/\\\/amalberlin.de\\\/de\\\/2023\\\/10\\\/14\\\/amal-interview-mit-buergermeister-von-neukoelln\\\/\"},\"wordCount\":314,\"commentCount\":0,\"publisher\":{\"@id\":\"https:\\\/\\\/amalberlin.de\\\/de\\\/#organization\"},\"image\":{\"@id\":\"https:\\\/\\\/amalberlin.de\\\/de\\\/2023\\\/10\\\/14\\\/amal-interview-mit-buergermeister-von-neukoelln\\\/#primaryimage\"},\"thumbnailUrl\":\"https:\\\/\\\/amalberlin.de\\\/wp-content\\\/uploads\\\/sites\\\/3\\\/2023\\\/10\\\/Amloud-und-Hikel.jpg\",\"keywords\":[\"demo\",\"Israel\",\"Neuk\u00f6lln\",\"Protest\"],\"articleSection\":[\"Beitr\u00e4ge auf Deutsch\",\"video\"],\"inLanguage\":\"de\",\"potentialAction\":[{\"@type\":\"CommentAction\",\"name\":\"Comment\",\"target\":[\"https:\\\/\\\/amalberlin.de\\\/de\\\/2023\\\/10\\\/14\\\/amal-interview-mit-buergermeister-von-neukoelln\\\/#respond\"]}]},{\"@type\":\"WebPage\",\"@id\":\"https:\\\/\\\/amalberlin.de\\\/de\\\/2023\\\/10\\\/14\\\/amal-interview-mit-buergermeister-von-neukoelln\\\/\",\"url\":\"https:\\\/\\\/amalberlin.de\\\/de\\\/2023\\\/10\\\/14\\\/amal-interview-mit-buergermeister-von-neukoelln\\\/\",\"name\":\"Amal-Interview mit dem B\u00fcrgermeister von Neuk\u00f6lln Martin Hikel - Amal, Berlin!\",\"isPartOf\":{\"@id\":\"https:\\\/\\\/amalberlin.de\\\/de\\\/#website\"},\"primaryImageOfPage\":{\"@id\":\"https:\\\/\\\/amalberlin.de\\\/de\\\/2023\\\/10\\\/14\\\/amal-interview-mit-buergermeister-von-neukoelln\\\/#primaryimage\"},\"image\":{\"@id\":\"https:\\\/\\\/amalberlin.de\\\/de\\\/2023\\\/10\\\/14\\\/amal-interview-mit-buergermeister-von-neukoelln\\\/#primaryimage\"},\"thumbnailUrl\":\"https:\\\/\\\/amalberlin.de\\\/wp-content\\\/uploads\\\/sites\\\/3\\\/2023\\\/10\\\/Amloud-und-Hikel.jpg\",\"datePublished\":\"2023-10-14T07:56:59+00:00\",\"dateModified\":\"2023-10-26T18:53:28+00:00\",\"description\":\"Amal-Interview mit dem B\u00fcrgermeister von Neuk\u00f6lln Martin Hikel: Warum werden Demos verboten?\u00a0mit Amal-Redakteurin Amloud Alamir\",\"breadcrumb\":{\"@id\":\"https:\\\/\\\/amalberlin.de\\\/de\\\/2023\\\/10\\\/14\\\/amal-interview-mit-buergermeister-von-neukoelln\\\/#breadcrumb\"},\"inLanguage\":\"de\",\"potentialAction\":[{\"@type\":\"ReadAction\",\"target\":[\"https:\\\/\\\/amalberlin.de\\\/de\\\/2023\\\/10\\\/14\\\/amal-interview-mit-buergermeister-von-neukoelln\\\/\"]}]},{\"@type\":\"ImageObject\",\"inLanguage\":\"de\",\"@id\":\"https:\\\/\\\/amalberlin.de\\\/de\\\/2023\\\/10\\\/14\\\/amal-interview-mit-buergermeister-von-neukoelln\\\/#primaryimage\",\"url\":\"https:\\\/\\\/amalberlin.de\\\/wp-content\\\/uploads\\\/sites\\\/3\\\/2023\\\/10\\\/Amloud-und-Hikel.jpg\",\"contentUrl\":\"https:\\\/\\\/amalberlin.de\\\/wp-content\\\/uploads\\\/sites\\\/3\\\/2023\\\/10\\\/Amloud-und-Hikel.jpg\",\"width\":1024,\"height\":576,\"caption\":\"Redakteurin und B\u00fcrgermeister\"},{\"@type\":\"BreadcrumbList\",\"@id\":\"https:\\\/\\\/amalberlin.de\\\/de\\\/2023\\\/10\\\/14\\\/amal-interview-mit-buergermeister-von-neukoelln\\\/#breadcrumb\",\"itemListElement\":[{\"@type\":\"ListItem\",\"position\":1,\"name\":\"Home\",\"item\":\"https:\\\/\\\/amalberlin.de\\\/de\\\/\"},{\"@type\":\"ListItem\",\"position\":2,\"name\":\"Amal-Interview mit dem B\u00fcrgermeister von Neuk\u00f6lln Martin Hikel\"}]},{\"@type\":\"WebSite\",\"@id\":\"https:\\\/\\\/amalberlin.de\\\/de\\\/#website\",\"url\":\"https:\\\/\\\/amalberlin.de\\\/de\\\/\",\"name\":\"Amal, Berlin!\",\"description\":\"\",\"publisher\":{\"@id\":\"https:\\\/\\\/amalberlin.de\\\/de\\\/#organization\"},\"potentialAction\":[{\"@type\":\"SearchAction\",\"target\":{\"@type\":\"EntryPoint\",\"urlTemplate\":\"https:\\\/\\\/amalberlin.de\\\/de\\\/?s={search_term_string}\"},\"query-input\":{\"@type\":\"PropertyValueSpecification\",\"valueRequired\":true,\"valueName\":\"search_term_string\"}}],\"inLanguage\":\"de\"},{\"@type\":\"Organization\",\"@id\":\"https:\\\/\\\/amalberlin.de\\\/de\\\/#organization\",\"name\":\"Amal, Berlin!\",\"url\":\"https:\\\/\\\/amalberlin.de\\\/de\\\/\",\"logo\":{\"@type\":\"ImageObject\",\"inLanguage\":\"de\",\"@id\":\"https:\\\/\\\/amalberlin.de\\\/de\\\/#\\\/schema\\\/logo\\\/image\\\/\",\"url\":\"https:\\\/\\\/amalberlin.de\\\/wp-content\\\/uploads\\\/sites\\\/3\\\/2020\\\/09\\\/LOGO_AMAL-Berlin_Final-01.jpg\",\"contentUrl\":\"https:\\\/\\\/amalberlin.de\\\/wp-content\\\/uploads\\\/sites\\\/3\\\/2020\\\/09\\\/LOGO_AMAL-Berlin_Final-01.jpg\",\"width\":250,\"height\":220,\"caption\":\"Amal, Berlin!\"},\"image\":{\"@id\":\"https:\\\/\\\/amalberlin.de\\\/de\\\/#\\\/schema\\\/logo\\\/image\\\/\"},\"sameAs\":[\"https:\\\/\\\/www.facebook.com\\\/AmalBerlinNews\\\/\",\"https:\\\/\\\/www.instagram.com\\\/amalberlin\\\/?hl=en\",\"https:\\\/\\\/www.youtube.com\\\/channel\\\/UCTDDzpr6EmhT1wLO0hszrrg\"]},{\"@type\":\"Person\",\"@id\":\"https:\\\/\\\/amalberlin.de\\\/de\\\/#\\\/schema\\\/person\\\/29d859f8134fc2a1578b6a96b82bd4ab\",\"name\":\"Amloud Alamir\",\"image\":{\"@type\":\"ImageObject\",\"inLanguage\":\"de\",\"@id\":\"https:\\\/\\\/amalberlin.de\\\/wp-content\\\/uploads\\\/sites\\\/3\\\/2019\\\/04\\\/IMG_2034-125x125.jpg\",\"url\":\"https:\\\/\\\/amalberlin.de\\\/wp-content\\\/uploads\\\/sites\\\/3\\\/2019\\\/04\\\/IMG_2034-125x125.jpg\",\"contentUrl\":\"https:\\\/\\\/amalberlin.de\\\/wp-content\\\/uploads\\\/sites\\\/3\\\/2019\\\/04\\\/IMG_2034-125x125.jpg\",\"caption\":\"Amloud Alamir\"},\"description\":\"Amloud Alamir ist Ausbildungsleiterin f\u00fcr Journalist*innen in Damaskus und produziert sowie moderiert den Podcast \u201eSunun\u016b \u2013 Stimmen aus dem Exil\u201c, der sich dem H\u00f6ren der Stimmen arabischer und syrischer Gefl\u00fcchteter widmet und soziale, politische und kulturelle Themen behandelt, die ihnen wichtig sind. Zuvor arbeitete sie in Syrien und Saudi-Arabien als Journalistin und TV-Moderatorin. In Berlin arbeitet sie f\u00fcr den RBB und Deutschlandradio Kultur und ist an der Produktion eines Dokumentarfilms \u00fcber Gefl\u00fcchtete\u00a0beteiligt. amloud.alamir@amalnews.de\",\"sameAs\":[\"https:\\\/\\\/www.facebook.com\\\/aalmir66\\\/\"],\"url\":\"https:\\\/\\\/amalberlin.de\\\/de\\\/author\\\/amloud\\\/\"}]}<\/script>\n<!-- \/ Yoast SEO plugin. -->","yoast_head_json":{"title":"Amal-Interview mit dem B\u00fcrgermeister von Neuk\u00f6lln Martin Hikel - Amal, Berlin!","description":"Amal-Interview mit dem B\u00fcrgermeister von Neuk\u00f6lln Martin Hikel: Warum werden Demos verboten?\u00a0mit Amal-Redakteurin Amloud Alamir","robots":{"index":"index","follow":"follow","max-snippet":"max-snippet:-1","max-image-preview":"max-image-preview:large","max-video-preview":"max-video-preview:-1"},"canonical":"https:\/\/amalberlin.de\/de\/2023\/10\/14\/amal-interview-mit-buergermeister-von-neukoelln\/","og_locale":"de_DE","og_type":"article","og_title":"Amal-Interview mit dem B\u00fcrgermeister von Neuk\u00f6lln Martin Hikel - Amal, Berlin!","og_description":"Amal-Interview mit dem B\u00fcrgermeister von Neuk\u00f6lln Martin Hikel: Warum werden Demos verboten?\u00a0mit Amal-Redakteurin Amloud Alamir","og_url":"https:\/\/amalberlin.de\/de\/2023\/10\/14\/amal-interview-mit-buergermeister-von-neukoelln\/","og_site_name":"Amal, Berlin!","article_publisher":"https:\/\/www.facebook.com\/AmalBerlinNews\/","article_author":"https:\/\/www.facebook.com\/aalmir66\/","article_published_time":"2023-10-14T07:56:59+00:00","article_modified_time":"2023-10-26T18:53:28+00:00","og_image":[{"width":1024,"height":576,"url":"https:\/\/amalberlin.de\/wp-content\/uploads\/sites\/3\/2023\/10\/Amloud-und-Hikel.jpg","type":"image\/jpeg"}],"author":"Amloud Alamir","twitter_card":"summary_large_image","twitter_misc":{"Verfasst von":"Amloud Alamir","Gesch\u00e4tzte Lesezeit":"2\u00a0Minuten"},"schema":{"@context":"https:\/\/schema.org","@graph":[{"@type":"Article","@id":"https:\/\/amalberlin.de\/de\/2023\/10\/14\/amal-interview-mit-buergermeister-von-neukoelln\/#article","isPartOf":{"@id":"https:\/\/amalberlin.de\/de\/2023\/10\/14\/amal-interview-mit-buergermeister-von-neukoelln\/"},"author":{"name":"Amloud Alamir","@id":"https:\/\/amalberlin.de\/de\/#\/schema\/person\/29d859f8134fc2a1578b6a96b82bd4ab"},"headline":"Amal-Interview mit dem B\u00fcrgermeister von Neuk\u00f6lln Martin Hikel","datePublished":"2023-10-14T07:56:59+00:00","dateModified":"2023-10-26T18:53:28+00:00","mainEntityOfPage":{"@id":"https:\/\/amalberlin.de\/de\/2023\/10\/14\/amal-interview-mit-buergermeister-von-neukoelln\/"},"wordCount":314,"commentCount":0,"publisher":{"@id":"https:\/\/amalberlin.de\/de\/#organization"},"image":{"@id":"https:\/\/amalberlin.de\/de\/2023\/10\/14\/amal-interview-mit-buergermeister-von-neukoelln\/#primaryimage"},"thumbnailUrl":"https:\/\/amalberlin.de\/wp-content\/uploads\/sites\/3\/2023\/10\/Amloud-und-Hikel.jpg","keywords":["demo","Israel","Neuk\u00f6lln","Protest"],"articleSection":["Beitr\u00e4ge auf Deutsch","video"],"inLanguage":"de","potentialAction":[{"@type":"CommentAction","name":"Comment","target":["https:\/\/amalberlin.de\/de\/2023\/10\/14\/amal-interview-mit-buergermeister-von-neukoelln\/#respond"]}]},{"@type":"WebPage","@id":"https:\/\/amalberlin.de\/de\/2023\/10\/14\/amal-interview-mit-buergermeister-von-neukoelln\/","url":"https:\/\/amalberlin.de\/de\/2023\/10\/14\/amal-interview-mit-buergermeister-von-neukoelln\/","name":"Amal-Interview mit dem B\u00fcrgermeister von Neuk\u00f6lln Martin Hikel - Amal, Berlin!","isPartOf":{"@id":"https:\/\/amalberlin.de\/de\/#website"},"primaryImageOfPage":{"@id":"https:\/\/amalberlin.de\/de\/2023\/10\/14\/amal-interview-mit-buergermeister-von-neukoelln\/#primaryimage"},"image":{"@id":"https:\/\/amalberlin.de\/de\/2023\/10\/14\/amal-interview-mit-buergermeister-von-neukoelln\/#primaryimage"},"thumbnailUrl":"https:\/\/amalberlin.de\/wp-content\/uploads\/sites\/3\/2023\/10\/Amloud-und-Hikel.jpg","datePublished":"2023-10-14T07:56:59+00:00","dateModified":"2023-10-26T18:53:28+00:00","description":"Amal-Interview mit dem B\u00fcrgermeister von Neuk\u00f6lln Martin Hikel: Warum werden Demos verboten?\u00a0mit Amal-Redakteurin Amloud Alamir","breadcrumb":{"@id":"https:\/\/amalberlin.de\/de\/2023\/10\/14\/amal-interview-mit-buergermeister-von-neukoelln\/#breadcrumb"},"inLanguage":"de","potentialAction":[{"@type":"ReadAction","target":["https:\/\/amalberlin.de\/de\/2023\/10\/14\/amal-interview-mit-buergermeister-von-neukoelln\/"]}]},{"@type":"ImageObject","inLanguage":"de","@id":"https:\/\/amalberlin.de\/de\/2023\/10\/14\/amal-interview-mit-buergermeister-von-neukoelln\/#primaryimage","url":"https:\/\/amalberlin.de\/wp-content\/uploads\/sites\/3\/2023\/10\/Amloud-und-Hikel.jpg","contentUrl":"https:\/\/amalberlin.de\/wp-content\/uploads\/sites\/3\/2023\/10\/Amloud-und-Hikel.jpg","width":1024,"height":576,"caption":"Redakteurin und B\u00fcrgermeister"},{"@type":"BreadcrumbList","@id":"https:\/\/amalberlin.de\/de\/2023\/10\/14\/amal-interview-mit-buergermeister-von-neukoelln\/#breadcrumb","itemListElement":[{"@type":"ListItem","position":1,"name":"Home","item":"https:\/\/amalberlin.de\/de\/"},{"@type":"ListItem","position":2,"name":"Amal-Interview mit dem B\u00fcrgermeister von Neuk\u00f6lln Martin Hikel"}]},{"@type":"WebSite","@id":"https:\/\/amalberlin.de\/de\/#website","url":"https:\/\/amalberlin.de\/de\/","name":"Amal, Berlin!","description":"","publisher":{"@id":"https:\/\/amalberlin.de\/de\/#organization"},"potentialAction":[{"@type":"SearchAction","target":{"@type":"EntryPoint","urlTemplate":"https:\/\/amalberlin.de\/de\/?s={search_term_string}"},"query-input":{"@type":"PropertyValueSpecification","valueRequired":true,"valueName":"search_term_string"}}],"inLanguage":"de"},{"@type":"Organization","@id":"https:\/\/amalberlin.de\/de\/#organization","name":"Amal, Berlin!","url":"https:\/\/amalberlin.de\/de\/","logo":{"@type":"ImageObject","inLanguage":"de","@id":"https:\/\/amalberlin.de\/de\/#\/schema\/logo\/image\/","url":"https:\/\/amalberlin.de\/wp-content\/uploads\/sites\/3\/2020\/09\/LOGO_AMAL-Berlin_Final-01.jpg","contentUrl":"https:\/\/amalberlin.de\/wp-content\/uploads\/sites\/3\/2020\/09\/LOGO_AMAL-Berlin_Final-01.jpg","width":250,"height":220,"caption":"Amal, Berlin!"},"image":{"@id":"https:\/\/amalberlin.de\/de\/#\/schema\/logo\/image\/"},"sameAs":["https:\/\/www.facebook.com\/AmalBerlinNews\/","https:\/\/www.instagram.com\/amalberlin\/?hl=en","https:\/\/www.youtube.com\/channel\/UCTDDzpr6EmhT1wLO0hszrrg"]},{"@type":"Person","@id":"https:\/\/amalberlin.de\/de\/#\/schema\/person\/29d859f8134fc2a1578b6a96b82bd4ab","name":"Amloud Alamir","image":{"@type":"ImageObject","inLanguage":"de","@id":"https:\/\/amalberlin.de\/wp-content\/uploads\/sites\/3\/2019\/04\/IMG_2034-125x125.jpg","url":"https:\/\/amalberlin.de\/wp-content\/uploads\/sites\/3\/2019\/04\/IMG_2034-125x125.jpg","contentUrl":"https:\/\/amalberlin.de\/wp-content\/uploads\/sites\/3\/2019\/04\/IMG_2034-125x125.jpg","caption":"Amloud Alamir"},"description":"Amloud Alamir ist Ausbildungsleiterin f\u00fcr Journalist*innen in Damaskus und produziert sowie moderiert den Podcast \u201eSunun\u016b \u2013 Stimmen aus dem Exil\u201c, der sich dem H\u00f6ren der Stimmen arabischer und syrischer Gefl\u00fcchteter widmet und soziale, politische und kulturelle Themen behandelt, die ihnen wichtig sind. Zuvor arbeitete sie in Syrien und Saudi-Arabien als Journalistin und TV-Moderatorin. In Berlin arbeitet sie f\u00fcr den RBB und Deutschlandradio Kultur und ist an der Produktion eines Dokumentarfilms \u00fcber Gefl\u00fcchtete\u00a0beteiligt. amloud.alamir@amalnews.de","sameAs":["https:\/\/www.facebook.com\/aalmir66\/"],"url":"https:\/\/amalberlin.de\/de\/author\/amloud\/"}]}},"_links":{"self":[{"href":"https:\/\/amalberlin.de\/de\/wp-json\/wp\/v2\/posts\/210504","targetHints":{"allow":["GET"]}}],"collection":[{"href":"https:\/\/amalberlin.de\/de\/wp-json\/wp\/v2\/posts"}],"about":[{"href":"https:\/\/amalberlin.de\/de\/wp-json\/wp\/v2\/types\/post"}],"author":[{"embeddable":true,"href":"https:\/\/amalberlin.de\/de\/wp-json\/wp\/v2\/users\/6"}],"replies":[{"embeddable":true,"href":"https:\/\/amalberlin.de\/de\/wp-json\/wp\/v2\/comments?post=210504"}],"version-history":[{"count":1,"href":"https:\/\/amalberlin.de\/de\/wp-json\/wp\/v2\/posts\/210504\/revisions"}],"predecessor-version":[{"id":210515,"href":"https:\/\/amalberlin.de\/de\/wp-json\/wp\/v2\/posts\/210504\/revisions\/210515"}],"wp:featuredmedia":[{"embeddable":true,"href":"https:\/\/amalberlin.de\/de\/wp-json\/wp\/v2\/media\/210510"}],"wp:attachment":[{"href":"https:\/\/amalberlin.de\/de\/wp-json\/wp\/v2\/media?parent=210504"}],"wp:term":[{"taxonomy":"category","embeddable":true,"href":"https:\/\/amalberlin.de\/de\/wp-json\/wp\/v2\/categories?post=210504"},{"taxonomy":"post_tag","embeddable":true,"href":"https:\/\/amalberlin.de\/de\/wp-json\/wp\/v2\/tags?post=210504"}],"curies":[{"name":"wp","href":"https:\/\/api.w.org\/{rel}","templated":true}]}}