{"id":119033,"date":"2021-03-08T10:44:51","date_gmt":"2021-03-08T09:44:51","guid":{"rendered":"https:\/\/amalberlin.de\/?p=119033"},"modified":"2024-02-22T10:56:09","modified_gmt":"2024-02-22T09:56:09","slug":"vor-zehn-jahren-wurde-mir-bewusst-dass-meine-stimme-wichtig-ist","status":"publish","type":"post","link":"https:\/\/amalberlin.de\/de\/2021\/03\/08\/vor-zehn-jahren-wurde-mir-bewusst-dass-meine-stimme-wichtig-ist\/","title":{"rendered":"Vor zehn Jahren wurde mir bewusst, dass meine Stimme wichtig ist"},"content":{"rendered":"<p class=\"western\"><span lang=\"de-DE\">Von Nazeeha Saeed<\/span><\/p>\n<p class=\"western\"><span lang=\"de-DE\">Vor zehn Jahren stand ich mit verbundenen Augen neben einer kalten Wand, in einem sehr kalten B\u00fcro. Ich war barfu\u00df, trug nur meine schwarzen, transparenten Socken, die in wenigen Stunden durch die Schl\u00e4ge und Folter zerrissen. Pl\u00f6tzlich wurde es im B\u00fcro hektisch, die Polizistinnen schienen sich f\u00fcr einen Besuch vorzubereiten \u2013 hohen Besuch. Sie fl\u00fcsterten einander zu und fragten, wo die Gefangenen hin sollten. Als es um mich ging, sagte eine der anderen, dass ich eine Jacke tragen solle, da ich vor K\u00e4lte zitterte. Jemand brachte mir meine Jacke und bat mich, sie zu tragen. Die K\u00e4lte wich. <\/span><\/p>\n<p class=\"western\"><span lang=\"de-DE\">Eine T\u00fcr \u00f6ffnete sich. Da meine Augen verbunden waren, verlie\u00df ich mich auf mein Geh\u00f6r, nahm alles durch meine Gef\u00fchle wahr, auch den Raum, den ich in meinem Ged\u00e4chtnis gespeichert hatte. Ich wusste, dass die T\u00fcr zu meiner Linken war. Von dort kam auch die Stimme. Die wichtige Person betrat den Raum. Alle standen auf, salutierten, riefen ihm etwas zu. Er sprach kurz mit den Polizistinnen, sie diskutierten \u00fcber einen der Gefangenen. Dann kamen seine Schritte auf mich zu. Ich sp\u00fcrte, wie seine Milit\u00e4rstiefel auf meine F\u00fc\u00dfe traten, sein Atem sich meinem Gesicht n\u00e4herte. Er fl\u00fcsterte in mein Ohr: \u201cWarum hast du gesagt, dass wir Demonstranten t\u00f6ten?\u201c <\/span><\/p>\n<p class=\"western\"><span lang=\"de-DE\">Ich antwortete spontan, wie ich es schon den ganzen Tag tat, als w\u00fcrden meine Antworten und die Diskussionen einen Unterschied machen: \u201eIch sah mit meinen eigenen Augen, wie sie get\u00f6tet wurden\u201c, sagte ich. \u201eUnd selbst wenn Du es gesehen hast, warum sagst du es?, fragte er. \u201eWeil ich Journalistin bin\u201c, antwortete ich erneut ziemlich dumm. Er beendete das Gespr\u00e4ch, trat weiter auf meine F\u00fc\u00dfe und sagte: \u201eUnd selbst wenn du Journalistin bist, gibt es dir nicht das Recht, das Image des Landes zu beschmutzen\u201c.<\/span><\/p>\n<p class=\"western\"><span lang=\"de-DE\">Da wurde mir zum ersten Mal wirklich bewusst, wie wichtig meine Stimme ist. Meine Stimme, die frei war und sich nicht von Panzern und Verhaftungen einsch\u00fcchtern lie\u00df. Ich verstand, dass alles, was in diesem B\u00fcro und den anderen B\u00fcros an Folter, Pr\u00fcgel und Beleidigungen geschah, nur deswegen geschah, weil es ihre Art war, meine Stimme und die Stimme der unabh\u00e4ngigen freien Presse zum Schweigen zu bringen. Als mir das bewusst wurde, traf ich eine Entscheidung: \u201eIch werde nicht mehr schweigen\u201c. <\/span><\/p>\n<p class=\"western\"><span lang=\"de-DE\">Vor zehn Jahren entschied ich mich zu reden, zu kritisieren, Debatten anzusto\u00dfen. Ich habe seitdem nicht geschwiegen und werde es auch heute nicht tun, auch nicht aus Angst vor der Polizei, der Religion oder den m\u00e4nnlichen Autorit\u00e4ten. Ich werde auch nicht durch Faschismus, Sektierertum oder Extremismus zum Schweigen gebracht werden. Damit meine Stimme und mein Stift \u00fcberleben, war ich gezwungen mein Land zu verlassen und im Exil zu leben.<\/span><\/p>\n<p class=\"western\"><span lang=\"de-DE\">Seitdem sind inzwischen zehn Jahre vergangen. Zehn Jahre in denen ich mich immer mehr an mein Prinzip nicht zu schweigen gehalten habe. Mehr noch: Ich verteidige die Presse- und Meinungsfreiheit. Es \u00e4rgert mich, wenn Stimmen auf der ganzen Welt zum Schweigen gebracht werden. Es \u00e4rgert mich auch, wenn der Opposition, den Andersdenkenden, den politischen Parteien und Medienorganisationen ein Maulkorb verpasst wird. Ich setze mich f\u00fcr Journalisten und Politiker ein, verteidige sie, auch wenn ich nicht immer ihrer Meinung bin.<\/span><\/p>\n<p class=\"western\"><span lang=\"de-DE\">Diese Aufst\u00e4nde, Revolutionen und Protestbewegungen, die vor zehn Jahren begannen und von denen einige bis heute andauern, andere sp\u00e4ter begannen, unterbrochen wurden und nun wieder fortgesetzt werden, haben eines gemeinsam: Ihre Stimme. Eine Stimme, die den Diktaturen und Extremisten Angst macht. Die Menschen erkannten, dass sie eine Stimme haben, dass diese Stimme wichtig ist und geh\u00f6rt werden muss.<\/span><\/p>\n<p class=\"western\"><span lang=\"de-DE\">Dies mag kontrovers sein. Kontrovers, weil ein gro\u00dfer Teil der Bev\u00f6lkerung in dieser Region die Sozialen Medien nutzt. Und diese werden einerseits genutzt, um die Prinzipien der Kritik, der Freiheit und der Demokratie zu verbreiten, andererseits dienen sie aber auch als Sprachrohr f\u00fcr den Hass und der Hetze und sind somit ein Sprachrohr des Krieges, des Sektierertums und des Extremismus. Dabei ist die Grenze, die zwischen Meinungs- und Pressefreiheit und Hetze und Hassreden liegt, f\u00fcr alle, die sie sehen wollen, glasklar zu sehen.<\/span><\/p>\n<p class=\"western\"><span lang=\"de-DE\">Eine der wichtigsten Aufgaben der freien Presse ist, die vierte Gewalt zu sein. Sie formt das Bewusstsein und die Meinung des Volkes. Sich mit der Unabh\u00e4ngigkeit der Presse anzulegen und Kritikern den Mund zu verbieten entlarvt Diktaturen und deformierte Demokratien. Deswegen ist es auch nicht schwer, unabh\u00e4ngige Stimmen von den bezahlten Sprachrohren zu unterscheiden. <\/span><\/p>\n<p>&nbsp;<\/p>\n<p>Illustration: Noah Ibrahim<\/p>\n<p>&nbsp;<\/p>\n","protected":false},"excerpt":{"rendered":"<p>Von Nazeeha Saeed Vor zehn Jahren stand ich mit verbundenen Augen neben einer kalten Wand, in einem sehr kalten B\u00fcro. Ich war barfu\u00df, trug nur meine schwarzen, transparenten Socken, die in wenigen Stunden durch die Schl\u00e4ge und Folter zerrissen. Pl\u00f6tzlich wurde es im B\u00fcro hektisch, die Polizistinnen schienen sich f\u00fcr einen Besuch vorzubereiten \u2013 hohen&#8230;  <a class=\"excerpt-read-more\" href=\"https:\/\/amalberlin.de\/de\/2021\/03\/08\/vor-zehn-jahren-wurde-mir-bewusst-dass-meine-stimme-wichtig-ist\/\" title=\"Read Vor zehn Jahren wurde mir bewusst, dass meine Stimme wichtig ist\">Weiter &raquo;<\/a><\/p>\n","protected":false},"author":10,"featured_media":119017,"comment_status":"open","ping_status":"open","sticky":false,"template":"","format":"standard","meta":{"_acf_changed":false,"footnotes":""},"categories":[7838],"tags":[],"class_list":["post-119033","post","type-post","status-publish","format-standard","has-post-thumbnail","hentry","category-beitraege-auf-deutsch"],"acf":[],"yoast_head":"<!-- This site is optimized with the Yoast SEO plugin v27.5 - https:\/\/yoast.com\/product\/yoast-seo-wordpress\/ -->\n<title>Vor zehn Jahren wurde mir bewusst, dass meine Stimme wichtig ist - Amal, Berlin!<\/title>\n<meta name=\"robots\" content=\"index, follow, max-snippet:-1, max-image-preview:large, max-video-preview:-1\" \/>\n<link rel=\"canonical\" href=\"https:\/\/amalberlin.de\/de\/2021\/03\/08\/vor-zehn-jahren-wurde-mir-bewusst-dass-meine-stimme-wichtig-ist\/\" \/>\n<meta property=\"og:locale\" content=\"de_DE\" \/>\n<meta property=\"og:type\" content=\"article\" \/>\n<meta property=\"og:title\" content=\"Vor zehn Jahren wurde mir bewusst, dass meine Stimme wichtig ist - Amal, Berlin!\" \/>\n<meta property=\"og:description\" content=\"Von Nazeeha Saeed Vor zehn Jahren stand ich mit verbundenen Augen neben einer kalten Wand, in einem sehr kalten B\u00fcro. Ich war barfu\u00df, trug nur meine schwarzen, transparenten Socken, die in wenigen Stunden durch die Schl\u00e4ge und Folter zerrissen. Pl\u00f6tzlich wurde es im B\u00fcro hektisch, die Polizistinnen schienen sich f\u00fcr einen Besuch vorzubereiten \u2013 hohen... Weiter &raquo;\" \/>\n<meta property=\"og:url\" content=\"https:\/\/amalberlin.de\/de\/2021\/03\/08\/vor-zehn-jahren-wurde-mir-bewusst-dass-meine-stimme-wichtig-ist\/\" \/>\n<meta property=\"og:site_name\" content=\"Amal, Berlin!\" \/>\n<meta property=\"article:publisher\" content=\"https:\/\/www.facebook.com\/AmalBerlinNews\/\" \/>\n<meta property=\"article:published_time\" content=\"2021-03-08T09:44:51+00:00\" \/>\n<meta property=\"article:modified_time\" content=\"2024-02-22T09:56:09+00:00\" \/>\n<meta property=\"og:image\" content=\"https:\/\/amalberlin.de\/wp-content\/uploads\/sites\/3\/2021\/03\/01.jpg\" \/>\n\t<meta property=\"og:image:width\" content=\"1008\" \/>\n\t<meta property=\"og:image:height\" content=\"700\" \/>\n\t<meta property=\"og:image:type\" content=\"image\/jpeg\" \/>\n<meta name=\"author\" content=\"Cornelia Gerlach\" \/>\n<meta name=\"twitter:card\" content=\"summary_large_image\" \/>\n<meta name=\"twitter:label1\" content=\"Verfasst von\" \/>\n\t<meta name=\"twitter:data1\" content=\"Cornelia Gerlach\" \/>\n\t<meta name=\"twitter:label2\" content=\"Gesch\u00e4tzte Lesezeit\" \/>\n\t<meta name=\"twitter:data2\" content=\"4\u00a0Minuten\" \/>\n<script type=\"application\/ld+json\" class=\"yoast-schema-graph\">{\"@context\":\"https:\\\/\\\/schema.org\",\"@graph\":[{\"@type\":\"Article\",\"@id\":\"https:\\\/\\\/amalberlin.de\\\/de\\\/2021\\\/03\\\/08\\\/vor-zehn-jahren-wurde-mir-bewusst-dass-meine-stimme-wichtig-ist\\\/#article\",\"isPartOf\":{\"@id\":\"https:\\\/\\\/amalberlin.de\\\/de\\\/2021\\\/03\\\/08\\\/vor-zehn-jahren-wurde-mir-bewusst-dass-meine-stimme-wichtig-ist\\\/\"},\"author\":{\"name\":\"Cornelia Gerlach\",\"@id\":\"https:\\\/\\\/amalberlin.de\\\/de\\\/#\\\/schema\\\/person\\\/b38c2d45c0eb9b9e994801d3f87a2247\"},\"headline\":\"Vor zehn Jahren wurde mir bewusst, dass meine Stimme wichtig ist\",\"datePublished\":\"2021-03-08T09:44:51+00:00\",\"dateModified\":\"2024-02-22T09:56:09+00:00\",\"mainEntityOfPage\":{\"@id\":\"https:\\\/\\\/amalberlin.de\\\/de\\\/2021\\\/03\\\/08\\\/vor-zehn-jahren-wurde-mir-bewusst-dass-meine-stimme-wichtig-ist\\\/\"},\"wordCount\":771,\"commentCount\":0,\"publisher\":{\"@id\":\"https:\\\/\\\/amalberlin.de\\\/de\\\/#organization\"},\"image\":{\"@id\":\"https:\\\/\\\/amalberlin.de\\\/de\\\/2021\\\/03\\\/08\\\/vor-zehn-jahren-wurde-mir-bewusst-dass-meine-stimme-wichtig-ist\\\/#primaryimage\"},\"thumbnailUrl\":\"https:\\\/\\\/amalberlin.de\\\/wp-content\\\/uploads\\\/sites\\\/3\\\/2021\\\/03\\\/01.jpg\",\"articleSection\":[\"Beitr\u00e4ge auf Deutsch\"],\"inLanguage\":\"de\",\"potentialAction\":[{\"@type\":\"CommentAction\",\"name\":\"Comment\",\"target\":[\"https:\\\/\\\/amalberlin.de\\\/de\\\/2021\\\/03\\\/08\\\/vor-zehn-jahren-wurde-mir-bewusst-dass-meine-stimme-wichtig-ist\\\/#respond\"]}]},{\"@type\":\"WebPage\",\"@id\":\"https:\\\/\\\/amalberlin.de\\\/de\\\/2021\\\/03\\\/08\\\/vor-zehn-jahren-wurde-mir-bewusst-dass-meine-stimme-wichtig-ist\\\/\",\"url\":\"https:\\\/\\\/amalberlin.de\\\/de\\\/2021\\\/03\\\/08\\\/vor-zehn-jahren-wurde-mir-bewusst-dass-meine-stimme-wichtig-ist\\\/\",\"name\":\"Vor zehn Jahren wurde mir bewusst, dass meine Stimme wichtig ist - Amal, Berlin!\",\"isPartOf\":{\"@id\":\"https:\\\/\\\/amalberlin.de\\\/de\\\/#website\"},\"primaryImageOfPage\":{\"@id\":\"https:\\\/\\\/amalberlin.de\\\/de\\\/2021\\\/03\\\/08\\\/vor-zehn-jahren-wurde-mir-bewusst-dass-meine-stimme-wichtig-ist\\\/#primaryimage\"},\"image\":{\"@id\":\"https:\\\/\\\/amalberlin.de\\\/de\\\/2021\\\/03\\\/08\\\/vor-zehn-jahren-wurde-mir-bewusst-dass-meine-stimme-wichtig-ist\\\/#primaryimage\"},\"thumbnailUrl\":\"https:\\\/\\\/amalberlin.de\\\/wp-content\\\/uploads\\\/sites\\\/3\\\/2021\\\/03\\\/01.jpg\",\"datePublished\":\"2021-03-08T09:44:51+00:00\",\"dateModified\":\"2024-02-22T09:56:09+00:00\",\"breadcrumb\":{\"@id\":\"https:\\\/\\\/amalberlin.de\\\/de\\\/2021\\\/03\\\/08\\\/vor-zehn-jahren-wurde-mir-bewusst-dass-meine-stimme-wichtig-ist\\\/#breadcrumb\"},\"inLanguage\":\"de\",\"potentialAction\":[{\"@type\":\"ReadAction\",\"target\":[\"https:\\\/\\\/amalberlin.de\\\/de\\\/2021\\\/03\\\/08\\\/vor-zehn-jahren-wurde-mir-bewusst-dass-meine-stimme-wichtig-ist\\\/\"]}]},{\"@type\":\"ImageObject\",\"inLanguage\":\"de\",\"@id\":\"https:\\\/\\\/amalberlin.de\\\/de\\\/2021\\\/03\\\/08\\\/vor-zehn-jahren-wurde-mir-bewusst-dass-meine-stimme-wichtig-ist\\\/#primaryimage\",\"url\":\"https:\\\/\\\/amalberlin.de\\\/wp-content\\\/uploads\\\/sites\\\/3\\\/2021\\\/03\\\/01.jpg\",\"contentUrl\":\"https:\\\/\\\/amalberlin.de\\\/wp-content\\\/uploads\\\/sites\\\/3\\\/2021\\\/03\\\/01.jpg\",\"width\":1008,\"height\":700},{\"@type\":\"BreadcrumbList\",\"@id\":\"https:\\\/\\\/amalberlin.de\\\/de\\\/2021\\\/03\\\/08\\\/vor-zehn-jahren-wurde-mir-bewusst-dass-meine-stimme-wichtig-ist\\\/#breadcrumb\",\"itemListElement\":[{\"@type\":\"ListItem\",\"position\":1,\"name\":\"Home\",\"item\":\"https:\\\/\\\/amalberlin.de\\\/de\\\/\"},{\"@type\":\"ListItem\",\"position\":2,\"name\":\"Vor zehn Jahren wurde mir bewusst, dass meine Stimme wichtig ist\"}]},{\"@type\":\"WebSite\",\"@id\":\"https:\\\/\\\/amalberlin.de\\\/de\\\/#website\",\"url\":\"https:\\\/\\\/amalberlin.de\\\/de\\\/\",\"name\":\"Amal, Berlin!\",\"description\":\"\",\"publisher\":{\"@id\":\"https:\\\/\\\/amalberlin.de\\\/de\\\/#organization\"},\"potentialAction\":[{\"@type\":\"SearchAction\",\"target\":{\"@type\":\"EntryPoint\",\"urlTemplate\":\"https:\\\/\\\/amalberlin.de\\\/de\\\/?s={search_term_string}\"},\"query-input\":{\"@type\":\"PropertyValueSpecification\",\"valueRequired\":true,\"valueName\":\"search_term_string\"}}],\"inLanguage\":\"de\"},{\"@type\":\"Organization\",\"@id\":\"https:\\\/\\\/amalberlin.de\\\/de\\\/#organization\",\"name\":\"Amal, Berlin!\",\"url\":\"https:\\\/\\\/amalberlin.de\\\/de\\\/\",\"logo\":{\"@type\":\"ImageObject\",\"inLanguage\":\"de\",\"@id\":\"https:\\\/\\\/amalberlin.de\\\/de\\\/#\\\/schema\\\/logo\\\/image\\\/\",\"url\":\"https:\\\/\\\/amalberlin.de\\\/wp-content\\\/uploads\\\/sites\\\/3\\\/2020\\\/09\\\/LOGO_AMAL-Berlin_Final-01.jpg\",\"contentUrl\":\"https:\\\/\\\/amalberlin.de\\\/wp-content\\\/uploads\\\/sites\\\/3\\\/2020\\\/09\\\/LOGO_AMAL-Berlin_Final-01.jpg\",\"width\":250,\"height\":220,\"caption\":\"Amal, Berlin!\"},\"image\":{\"@id\":\"https:\\\/\\\/amalberlin.de\\\/de\\\/#\\\/schema\\\/logo\\\/image\\\/\"},\"sameAs\":[\"https:\\\/\\\/www.facebook.com\\\/AmalBerlinNews\\\/\",\"https:\\\/\\\/www.instagram.com\\\/amalberlin\\\/?hl=en\",\"https:\\\/\\\/www.youtube.com\\\/channel\\\/UCTDDzpr6EmhT1wLO0hszrrg\"]},{\"@type\":\"Person\",\"@id\":\"https:\\\/\\\/amalberlin.de\\\/de\\\/#\\\/schema\\\/person\\\/b38c2d45c0eb9b9e994801d3f87a2247\",\"name\":\"Cornelia Gerlach\",\"image\":{\"@type\":\"ImageObject\",\"inLanguage\":\"de\",\"@id\":\"https:\\\/\\\/amalberlin.de\\\/wp-content\\\/uploads\\\/sites\\\/3\\\/2023\\\/01\\\/Conny_AhamadKalaji2023_DSC0591-klein-125x125.jpg\",\"url\":\"https:\\\/\\\/amalberlin.de\\\/wp-content\\\/uploads\\\/sites\\\/3\\\/2023\\\/01\\\/Conny_AhamadKalaji2023_DSC0591-klein-125x125.jpg\",\"contentUrl\":\"https:\\\/\\\/amalberlin.de\\\/wp-content\\\/uploads\\\/sites\\\/3\\\/2023\\\/01\\\/Conny_AhamadKalaji2023_DSC0591-klein-125x125.jpg\",\"caption\":\"Cornelia Gerlach\"},\"description\":\"Cornelia Gerlach ist Projektleiterin bei Amal, Berlin! Daneben arbeitet sie als freie Journalistin und Dozentin f\u00fcr Reportage und Storytelling.\",\"url\":\"https:\\\/\\\/amalberlin.de\\\/de\\\/author\\\/conny\\\/\"}]}<\/script>\n<!-- \/ Yoast SEO plugin. -->","yoast_head_json":{"title":"Vor zehn Jahren wurde mir bewusst, dass meine Stimme wichtig ist - Amal, Berlin!","robots":{"index":"index","follow":"follow","max-snippet":"max-snippet:-1","max-image-preview":"max-image-preview:large","max-video-preview":"max-video-preview:-1"},"canonical":"https:\/\/amalberlin.de\/de\/2021\/03\/08\/vor-zehn-jahren-wurde-mir-bewusst-dass-meine-stimme-wichtig-ist\/","og_locale":"de_DE","og_type":"article","og_title":"Vor zehn Jahren wurde mir bewusst, dass meine Stimme wichtig ist - Amal, Berlin!","og_description":"Von Nazeeha Saeed Vor zehn Jahren stand ich mit verbundenen Augen neben einer kalten Wand, in einem sehr kalten B\u00fcro. Ich war barfu\u00df, trug nur meine schwarzen, transparenten Socken, die in wenigen Stunden durch die Schl\u00e4ge und Folter zerrissen. Pl\u00f6tzlich wurde es im B\u00fcro hektisch, die Polizistinnen schienen sich f\u00fcr einen Besuch vorzubereiten \u2013 hohen... Weiter &raquo;","og_url":"https:\/\/amalberlin.de\/de\/2021\/03\/08\/vor-zehn-jahren-wurde-mir-bewusst-dass-meine-stimme-wichtig-ist\/","og_site_name":"Amal, Berlin!","article_publisher":"https:\/\/www.facebook.com\/AmalBerlinNews\/","article_published_time":"2021-03-08T09:44:51+00:00","article_modified_time":"2024-02-22T09:56:09+00:00","og_image":[{"width":1008,"height":700,"url":"https:\/\/amalberlin.de\/wp-content\/uploads\/sites\/3\/2021\/03\/01.jpg","type":"image\/jpeg"}],"author":"Cornelia Gerlach","twitter_card":"summary_large_image","twitter_misc":{"Verfasst von":"Cornelia Gerlach","Gesch\u00e4tzte Lesezeit":"4\u00a0Minuten"},"schema":{"@context":"https:\/\/schema.org","@graph":[{"@type":"Article","@id":"https:\/\/amalberlin.de\/de\/2021\/03\/08\/vor-zehn-jahren-wurde-mir-bewusst-dass-meine-stimme-wichtig-ist\/#article","isPartOf":{"@id":"https:\/\/amalberlin.de\/de\/2021\/03\/08\/vor-zehn-jahren-wurde-mir-bewusst-dass-meine-stimme-wichtig-ist\/"},"author":{"name":"Cornelia Gerlach","@id":"https:\/\/amalberlin.de\/de\/#\/schema\/person\/b38c2d45c0eb9b9e994801d3f87a2247"},"headline":"Vor zehn Jahren wurde mir bewusst, dass meine Stimme wichtig ist","datePublished":"2021-03-08T09:44:51+00:00","dateModified":"2024-02-22T09:56:09+00:00","mainEntityOfPage":{"@id":"https:\/\/amalberlin.de\/de\/2021\/03\/08\/vor-zehn-jahren-wurde-mir-bewusst-dass-meine-stimme-wichtig-ist\/"},"wordCount":771,"commentCount":0,"publisher":{"@id":"https:\/\/amalberlin.de\/de\/#organization"},"image":{"@id":"https:\/\/amalberlin.de\/de\/2021\/03\/08\/vor-zehn-jahren-wurde-mir-bewusst-dass-meine-stimme-wichtig-ist\/#primaryimage"},"thumbnailUrl":"https:\/\/amalberlin.de\/wp-content\/uploads\/sites\/3\/2021\/03\/01.jpg","articleSection":["Beitr\u00e4ge auf Deutsch"],"inLanguage":"de","potentialAction":[{"@type":"CommentAction","name":"Comment","target":["https:\/\/amalberlin.de\/de\/2021\/03\/08\/vor-zehn-jahren-wurde-mir-bewusst-dass-meine-stimme-wichtig-ist\/#respond"]}]},{"@type":"WebPage","@id":"https:\/\/amalberlin.de\/de\/2021\/03\/08\/vor-zehn-jahren-wurde-mir-bewusst-dass-meine-stimme-wichtig-ist\/","url":"https:\/\/amalberlin.de\/de\/2021\/03\/08\/vor-zehn-jahren-wurde-mir-bewusst-dass-meine-stimme-wichtig-ist\/","name":"Vor zehn Jahren wurde mir bewusst, dass meine Stimme wichtig ist - Amal, Berlin!","isPartOf":{"@id":"https:\/\/amalberlin.de\/de\/#website"},"primaryImageOfPage":{"@id":"https:\/\/amalberlin.de\/de\/2021\/03\/08\/vor-zehn-jahren-wurde-mir-bewusst-dass-meine-stimme-wichtig-ist\/#primaryimage"},"image":{"@id":"https:\/\/amalberlin.de\/de\/2021\/03\/08\/vor-zehn-jahren-wurde-mir-bewusst-dass-meine-stimme-wichtig-ist\/#primaryimage"},"thumbnailUrl":"https:\/\/amalberlin.de\/wp-content\/uploads\/sites\/3\/2021\/03\/01.jpg","datePublished":"2021-03-08T09:44:51+00:00","dateModified":"2024-02-22T09:56:09+00:00","breadcrumb":{"@id":"https:\/\/amalberlin.de\/de\/2021\/03\/08\/vor-zehn-jahren-wurde-mir-bewusst-dass-meine-stimme-wichtig-ist\/#breadcrumb"},"inLanguage":"de","potentialAction":[{"@type":"ReadAction","target":["https:\/\/amalberlin.de\/de\/2021\/03\/08\/vor-zehn-jahren-wurde-mir-bewusst-dass-meine-stimme-wichtig-ist\/"]}]},{"@type":"ImageObject","inLanguage":"de","@id":"https:\/\/amalberlin.de\/de\/2021\/03\/08\/vor-zehn-jahren-wurde-mir-bewusst-dass-meine-stimme-wichtig-ist\/#primaryimage","url":"https:\/\/amalberlin.de\/wp-content\/uploads\/sites\/3\/2021\/03\/01.jpg","contentUrl":"https:\/\/amalberlin.de\/wp-content\/uploads\/sites\/3\/2021\/03\/01.jpg","width":1008,"height":700},{"@type":"BreadcrumbList","@id":"https:\/\/amalberlin.de\/de\/2021\/03\/08\/vor-zehn-jahren-wurde-mir-bewusst-dass-meine-stimme-wichtig-ist\/#breadcrumb","itemListElement":[{"@type":"ListItem","position":1,"name":"Home","item":"https:\/\/amalberlin.de\/de\/"},{"@type":"ListItem","position":2,"name":"Vor zehn Jahren wurde mir bewusst, dass meine Stimme wichtig ist"}]},{"@type":"WebSite","@id":"https:\/\/amalberlin.de\/de\/#website","url":"https:\/\/amalberlin.de\/de\/","name":"Amal, Berlin!","description":"","publisher":{"@id":"https:\/\/amalberlin.de\/de\/#organization"},"potentialAction":[{"@type":"SearchAction","target":{"@type":"EntryPoint","urlTemplate":"https:\/\/amalberlin.de\/de\/?s={search_term_string}"},"query-input":{"@type":"PropertyValueSpecification","valueRequired":true,"valueName":"search_term_string"}}],"inLanguage":"de"},{"@type":"Organization","@id":"https:\/\/amalberlin.de\/de\/#organization","name":"Amal, Berlin!","url":"https:\/\/amalberlin.de\/de\/","logo":{"@type":"ImageObject","inLanguage":"de","@id":"https:\/\/amalberlin.de\/de\/#\/schema\/logo\/image\/","url":"https:\/\/amalberlin.de\/wp-content\/uploads\/sites\/3\/2020\/09\/LOGO_AMAL-Berlin_Final-01.jpg","contentUrl":"https:\/\/amalberlin.de\/wp-content\/uploads\/sites\/3\/2020\/09\/LOGO_AMAL-Berlin_Final-01.jpg","width":250,"height":220,"caption":"Amal, Berlin!"},"image":{"@id":"https:\/\/amalberlin.de\/de\/#\/schema\/logo\/image\/"},"sameAs":["https:\/\/www.facebook.com\/AmalBerlinNews\/","https:\/\/www.instagram.com\/amalberlin\/?hl=en","https:\/\/www.youtube.com\/channel\/UCTDDzpr6EmhT1wLO0hszrrg"]},{"@type":"Person","@id":"https:\/\/amalberlin.de\/de\/#\/schema\/person\/b38c2d45c0eb9b9e994801d3f87a2247","name":"Cornelia Gerlach","image":{"@type":"ImageObject","inLanguage":"de","@id":"https:\/\/amalberlin.de\/wp-content\/uploads\/sites\/3\/2023\/01\/Conny_AhamadKalaji2023_DSC0591-klein-125x125.jpg","url":"https:\/\/amalberlin.de\/wp-content\/uploads\/sites\/3\/2023\/01\/Conny_AhamadKalaji2023_DSC0591-klein-125x125.jpg","contentUrl":"https:\/\/amalberlin.de\/wp-content\/uploads\/sites\/3\/2023\/01\/Conny_AhamadKalaji2023_DSC0591-klein-125x125.jpg","caption":"Cornelia Gerlach"},"description":"Cornelia Gerlach ist Projektleiterin bei Amal, Berlin! Daneben arbeitet sie als freie Journalistin und Dozentin f\u00fcr Reportage und Storytelling.","url":"https:\/\/amalberlin.de\/de\/author\/conny\/"}]}},"_links":{"self":[{"href":"https:\/\/amalberlin.de\/de\/wp-json\/wp\/v2\/posts\/119033","targetHints":{"allow":["GET"]}}],"collection":[{"href":"https:\/\/amalberlin.de\/de\/wp-json\/wp\/v2\/posts"}],"about":[{"href":"https:\/\/amalberlin.de\/de\/wp-json\/wp\/v2\/types\/post"}],"author":[{"embeddable":true,"href":"https:\/\/amalberlin.de\/de\/wp-json\/wp\/v2\/users\/10"}],"replies":[{"embeddable":true,"href":"https:\/\/amalberlin.de\/de\/wp-json\/wp\/v2\/comments?post=119033"}],"version-history":[{"count":2,"href":"https:\/\/amalberlin.de\/de\/wp-json\/wp\/v2\/posts\/119033\/revisions"}],"predecessor-version":[{"id":119075,"href":"https:\/\/amalberlin.de\/de\/wp-json\/wp\/v2\/posts\/119033\/revisions\/119075"}],"wp:featuredmedia":[{"embeddable":true,"href":"https:\/\/amalberlin.de\/de\/wp-json\/wp\/v2\/media\/119017"}],"wp:attachment":[{"href":"https:\/\/amalberlin.de\/de\/wp-json\/wp\/v2\/media?parent=119033"}],"wp:term":[{"taxonomy":"category","embeddable":true,"href":"https:\/\/amalberlin.de\/de\/wp-json\/wp\/v2\/categories?post=119033"},{"taxonomy":"post_tag","embeddable":true,"href":"https:\/\/amalberlin.de\/de\/wp-json\/wp\/v2\/tags?post=119033"}],"curies":[{"name":"wp","href":"https:\/\/api.w.org\/{rel}","templated":true}]}}